{"id":41298,"date":"2022-05-10T09:00:33","date_gmt":"2022-05-10T09:00:33","guid":{"rendered":"https:\/\/www.ole.com.ar\/tenis\/alcaraz-federer-nadal-djokovic-19-anos_0_RevvOp1bSE.html"},"modified":"2022-05-10T09:00:33","modified_gmt":"2022-05-10T09:00:33","slug":"como-les-iba-a-nadal-djokovic-y-federer-a-la-edad-de-alcaraz","status":"publish","type":"post","link":"http:\/\/hoycordobaweb.com\/index.php\/2022\/05\/10\/como-les-iba-a-nadal-djokovic-y-federer-a-la-edad-de-alcaraz\/","title":{"rendered":"\u00bfC\u00f3mo les iba a Nadal, Djokovic y Federer a la edad de Alcaraz?"},"content":{"rendered":"<p><img src=\"http:\/\/hoycordobaweb.com\/wp-content\/uploads\/2022\/05\/como-les-iba-a-nadal-djokovic-y-federer-a-la-edad-de-alcaraz.jpg\"><\/p>\n<p>Si bien el \u00e9xito en el tenis no es propiedad de un grupo etario, la evidencia marca que la edad en la que se comienza a pertenecer a la elite. <strong>Esos top que todos reconocen brillan a eso de los 23 a\u00f1os y pueden perdurar hasta los 30 y pic<\/strong>o. Los teenagers de vez en cuando meter alg\u00fan sartenazo, pero no es de ellos el reino del ranking y los t\u00edtulos. O no era, con <a alt=\"carlos-alcaraz\" class=\"slug\" href=\"https:\/\/www.ole.com.ar\/tema\/carlos-alcaraz.html\" target=\"_blank\" title=\"carlos-alcaraz\" rel=\"noopener noreferrer\">Carlos Alcaraz<\/a>&#8230; <\/p>\n<p>Con 19 a\u00f1os desde el jueves, el espa\u00f1ol lleg\u00f3 al circuito para romper ese molde. Naturalmente, el tiempo atestiguar\u00e1 <strong>si el murciano tiene cuerda para rato, pero al menos hoy no hay pruebas para negarle un futuro<\/strong> promisorio.<\/p>\n<div class=\"sp__SM\">\n<div class=\"content-new \">\n<span class=\"tit-mobile\">Mir\u00e1 tambi\u00e9n<\/span><\/p>\n<div class=\"mg\">\n<div class=\"wrap-figure\">\n<picture>\n<a href=\"https:\/\/www.ole.com.ar\/tenis\/delbonis-roma-masters-1000-baez-peque_0_CLRR9gQ4Io.html\" target=\"_self\" rel=\"noopener noreferrer\"><br \/>\n<img class=\"img-responsive\" alt=\"Delbonis perdi\u00f3 en Roma, \u00bfqui\u00e9nes quedan?\" src=\"http:\/\/hoycordobaweb.com\/wp-content\/uploads\/2022\/05\/como-les-iba-a-nadal-djokovic-y-federer-a-la-edad-de-alcaraz-2.jpg\" loading=\"lazy\"><br \/>\n<\/a>\n<\/picture>\n<\/div>\n<\/div><\/div>\n<\/div>\n<p>Que puede ser similar al presente de quien se lo suele comparar, y no solo por nacionalidad, sino por carrera: <a alt=\"rafael-nadal\" class=\"slug\" href=\"https:\/\/www.ole.com.ar\/tema\/rafael-nadal.html\" target=\"_blank\" title=\"rafael-nadal\" rel=\"noopener noreferrer\">Rafael Nadal<\/a>. El manacor\u00ed tambi\u00e9n se destacaba con menos de 20 a\u00f1os. Para muestra, <strong>hubo que esperar 17 temporadas para ver a un joven de 18&nbsp;ingresar en el top 1<\/strong>0. Nadal lo hab\u00eda hecho en el 2005; Alcaraz, que naci\u00f3 el 5 de mayo del 2003, lo consigui\u00f3 el pasado 25 de abril.<\/p>\n<div class=\"sp__Normal htmlLibre\">\n<div class=\"embed-responsive-c\" readability=\"8\">\n<blockquote class=\"twitter-tweet\" readability=\"10.4\">\n<p lang=\"es\" dir=\"ltr\">COLOSAL <a href=\"https:\/\/twitter.com\/alcarazcarlos03?ref_src=twsrc%5Etfw\">@alcarazcarlos03<\/a>!!! \ud83d\udcaa\ud83c\udffc\ud83d\ude4c\ud83c\udffc\ud83d\udc4f\ud83c\udffc<\/p>\n<p>Campe\u00f3n del <a href=\"https:\/\/twitter.com\/MutuaMadridOpen?ref_src=twsrc%5Etfw\">@MutuaMadridOpen<\/a> y, por si fuera poco hacerlo con 19 a\u00f1os, superando entre otros a Djokovic, Rafa y Zverev en el camino hacia el t\u00edtulo!!! \ud83c\udfc6 Enhorabuena, Carlos!! \ud83d\udc4f\ud83c\udffc\ud83d\udc4f\ud83c\udffc\ud83d\udc4f\ud83c\udffc\ud83d\udc4f\ud83c\udffc\ud83d\udc4f\ud83c\udffc\ud83d\udc4f\ud83c\udffc <a href=\"https:\/\/t.co\/2Qvb3qI31K\">pic.twitter.com\/2Qvb3qI31K<\/a><\/p>\n<p>\u2014 Pau Gasol (@paugasol) <a href=\"https:\/\/twitter.com\/paugasol\/status\/1523361487892660225?ref_src=twsrc%5Etfw\">May 8, 2022<\/a><\/p><\/blockquote><\/div>\n<\/div>\n<p>Para hacer comparaciones y apuntar alto, la referencia es el Big 3. Entonces, <strong>aqu\u00ed vamos a reflejar c\u00f3mo le fue a ese top 3 con los 19<\/strong> que hoy tiene Carlos.<\/p>\n<h2>Nadal, una Bestia<\/h2>\n<p>Ya espoleamos algo de Nadal, pero aqu\u00ed lo profundizamos. El tiempo lo ubica como un real fuera de serie, inigualable su vigencia. <strong>Con 19 a\u00f1os y dos d\u00edas, la Fiera ganaba su primer Roland Garros<\/strong>, victoria en la final el 5 de junio del 2005 ante<a alt=\"mariano-puerta\" class=\"slug\" href=\"https:\/\/www.ole.com.ar\/tema\/mariano-puerta.html\" target=\"_blank\" title=\"mariano-puerta\" rel=\"noopener noreferrer\"> Mariano Puerta<\/a>, tras lo cual apareci\u00f3 3\u00b0 en el ranking mundial.<\/p>\n<div class=\"sp__Normal\">\n<div class=\"image-embeb image-trigger\" readability=\"6\">\n<picture><source media=\"(min-width: 720px)\" srcset=\"http:\/\/hoycordobaweb.com\/wp-content\/uploads\/2022\/05\/como-les-iba-a-nadal-djokovic-y-federer-a-la-edad-de-alcaraz-3.jpg\"><img itemprop=\"image\" src=\"http:\/\/hoycordobaweb.com\/wp-content\/uploads\/2022\/05\/como-les-iba-a-nadal-djokovic-y-federer-a-la-edad-de-alcaraz-3.jpg\" loading=\"lazy\" alt=\"Nadal era campe\u00f3n de Roland Garros.\">\n<\/picture><figcaption readability=\"2\">\n<p>Nadal era campe\u00f3n de Roland Garros.\n<\/p>\n<\/figcaption><\/div>\n<\/div>\n<p>La Bestia ya hab\u00eda ganado cinco torneos ese a\u00f1o, aunque la lista se hab\u00eda iniciado el a\u00f1o anterior (con 18) en Sopot, Polonia. En la temporada de los 19 contabiliz\u00f3 11 festejos.<strong> Acumula 91, incluidos los de este 2022 en Melbourne, Acapulco y el Abierto de Australia<\/strong>. Rafa es profesional desde los 15 a\u00f1os.<\/p>\n<div class=\"sp__SM\">\n<div class=\"content-new \">\n<span class=\"tit-mobile\">Mir\u00e1 tambi\u00e9n<\/span><\/p>\n<div class=\"mg\">\n<div class=\"wrap-figure\">\n<picture>\n<a href=\"https:\/\/www.ole.com.ar\/tenis\/pequeno-alcaraz-federer_0_bTnKTNXMoJ.html\" target=\"_self\" rel=\"noopener noreferrer\"><br \/>\n<img class=\"img-responsive\" alt=\"El peque\u00f1o Alcaraz que se fanatizaba por Federer\" src=\"http:\/\/hoycordobaweb.com\/wp-content\/uploads\/2022\/05\/como-les-iba-a-nadal-djokovic-y-federer-a-la-edad-de-alcaraz-4.jpg\" loading=\"lazy\"><br \/>\n<\/a>\n<\/picture>\n<\/div>\n<\/div><\/div>\n<\/div>\n<p>\u00bfPor qu\u00e9 se dice que Alcaraz es lo m\u00e1s parecido a Nadal? <a data-cke-saved-href=\"https:\/\/www.ole.com.ar\/tenis\/alcaraz-final-madrid-masters-zverev_0_VcKvkwllRb.html\" target=\"_blank\" href=\"https:\/\/www.ole.com.ar\/tenis\/alcaraz-final-madrid-masters-zverev_0_VcKvkwllRb.html\" rel=\"noopener noreferrer\">Quien viene de ganar el Masters 1000 de Madrid<\/a>, tambi\u00e9n se hizo profesional a los 15. El domingo, en la Caja M\u00e1gica&nbsp;lleg\u00f3 a su 5\u00b0 t\u00edtulo con 19 a\u00f1os y tres d\u00edas (dos menos que Rafa en la misma \u00e9poca) y es el 6\u00b0 de la ATP. <strong>\u00bfRepetir\u00e1 con Roland Garros?<\/strong><\/p>\n<div class=\"sp__Normal\">\n<div class=\"image-embeb image-trigger\" readability=\"6\">\n<picture><source media=\"(min-width: 720px)\" srcset=\"http:\/\/hoycordobaweb.com\/wp-content\/uploads\/2022\/05\/como-les-iba-a-nadal-djokovic-y-federer-a-la-edad-de-alcaraz-5.jpg\"><img itemprop=\"image\" src=\"http:\/\/hoycordobaweb.com\/wp-content\/uploads\/2022\/05\/como-les-iba-a-nadal-djokovic-y-federer-a-la-edad-de-alcaraz-5.jpg\" loading=\"lazy\" alt=\"Federer todav\u00eda no hab\u00eda ganado torneos.\">\n<\/picture><figcaption readability=\"2\">\n<p>Federer todav\u00eda no hab\u00eda ganado torneos.\n<\/p>\n<\/figcaption><\/div>\n<\/div>\n<h2>\u00bfY los otros dos?<\/h2>\n<p>No hab\u00edan explotado tan precozmente como los espa\u00f1oles. <a alt=\"roger-federer\" class=\"slug\" href=\"https:\/\/www.ole.com.ar\/tema\/roger-federer.html\" target=\"_blank\" title=\"roger-federer\" rel=\"noopener noreferrer\">Roger Federer<\/a>, a los 19 en agosto del 2000, no hab\u00eda ganado t\u00edtulos y \u201capenas\u201d si rondaba los 500 mil d\u00f3lares en premios. Ni hablar de su ingreso al top 10 del ranking, <strong>algo que consigui\u00f3 reci\u00e9n el 20 de mayo del 2002, entrando en el octavo pues<\/strong>to. Sus primeros t\u00edtulos los sum\u00f3 en el 2001 (uno) y 2002 (tres).<\/p>\n<div class=\"sp__SM\">\n<div class=\"content-new \">\n<span class=\"tit-mobile\">Mir\u00e1 tambi\u00e9n<\/span><\/p>\n<div class=\"mg\">\n<div class=\"wrap-figure\">\n<picture>\n<a href=\"https:\/\/www.ole.com.ar\/tenis\/schwartzman-isner_0_ytskcqL0l6.html\" target=\"_self\" rel=\"noopener noreferrer\"><br \/>\n<img class=\"img-responsive\" alt=\"Schwartzman - Isner: la (dis) pareja del Masters 1000 de Roma\" src=\"http:\/\/hoycordobaweb.com\/wp-content\/uploads\/2022\/05\/como-les-iba-a-nadal-djokovic-y-federer-a-la-edad-de-alcaraz-6.jpg\" loading=\"lazy\"><br \/>\n<\/a>\n<\/picture>\n<\/div>\n<\/div><\/div>\n<\/div>\n<p>El suizo comenz\u00f3 a explotar en el 2003, con 24 y, un a\u00f1o despu\u00e9s, por fin consegu\u00eda atrapar la cima de listado, el 2 de febrero del 2004 tras desbancar al estadounidense Andy Roddick. <strong>Leyenda, es el segundo con m\u00e1s t\u00edtulos (103, a seis de Jimmy Connors), los \u00faltimos en e<\/strong>l 2019. Luego de dos temporadas y pico de dolencias, se espera que regrese en septiembre, ya a los 41 y luego de 25 a\u00f1os de carrera desde los 17.<\/p>\n<div class=\"sp__Normal\">\n<div class=\"image-embeb image-trigger\" readability=\"6\">\n<picture><source media=\"(min-width: 720px)\" srcset=\"http:\/\/hoycordobaweb.com\/wp-content\/uploads\/2022\/05\/como-les-iba-a-nadal-djokovic-y-federer-a-la-edad-de-alcaraz-7.jpg\"><img itemprop=\"image\" src=\"http:\/\/hoycordobaweb.com\/wp-content\/uploads\/2022\/05\/como-les-iba-a-nadal-djokovic-y-federer-a-la-edad-de-alcaraz-7.jpg\" loading=\"lazy\" alt=\"Djokovic estaba a un mes de ganar su primer trofeo.\">\n<\/picture><figcaption readability=\"2\">\n<p>Djokovic estaba a un mes de ganar su primer trofeo.\n<\/p>\n<\/figcaption><\/div>\n<\/div>\n<p>A Djokovic le fue un poquito mejor. <strong>Su primer torneo lo gan\u00f3 a los 19 y un mes, en Amersfoort, Pa\u00edses Bajo<\/strong>s. A la semana siguiente perdi\u00f3 la final de Umag con Stanislas Wawrinka y, tres meses despu\u00e9s, volv\u00eda a festejar, en Metz.<\/p>\n<div class=\"sp__SM\">\n<div class=\"content-new \">\n<span class=\"tit-mobile\">Mir\u00e1 tambi\u00e9n<\/span><\/p>\n<div class=\"mg\">\n<div class=\"wrap-figure\">\n<picture>\n<a href=\"https:\/\/www.ole.com.ar\/tenis\/alcaraz-sexto-ranking-posiciones-atp_0_cNf93M2xA1.html\" target=\"_self\" rel=\"noopener noreferrer\"><br \/>\n<img class=\"img-responsive\" alt=\"Oficial: Alcaraz es una tromba y ya es sexto en el ranking ATP\" src=\"http:\/\/hoycordobaweb.com\/wp-content\/uploads\/2022\/05\/como-les-iba-a-nadal-djokovic-y-federer-a-la-edad-de-alcaraz-8.jpg\" loading=\"lazy\"><br \/>\n<\/a>\n<\/picture>\n<\/div>\n<\/div><\/div>\n<\/div>\n<p>Nole (86 t\u00edtulos) <strong>puso un pie en el top 10 a dos meses de cumplir 20, el 19 de marzo del 2007, pero debi\u00f3 esperar para el N\u00b0 <\/strong>1. Era desde el 1\u00b0 de febrero de 2010, hasta que logr\u00f3 alcanzar la cima el 4 de julio de 2011. \u00bfA qui\u00e9n sac\u00f3? A Nadal, el espejo de Alcaraz.<\/p>\n<div class=\"entry-tags\">\n<h2>TEMAS QUE APARECEN EN ESTA NOTA<\/h2>\n<\/p><\/div>\n","protected":false},"excerpt":{"rendered":"<p>Si bien el \u00e9xito en el tenis no es propiedad de un grupo etario, la evidencia marca que la edad en la que se comienza a pertenecer a la elite. Esos top que todos reconocen brillan a eso de los 23 a\u00f1os y pueden perdurar hasta los 30 y pico. Los teenagers de vez en [&hellip;]<\/p>\n","protected":false},"author":1,"featured_media":41299,"comment_status":"open","ping_status":"closed","sticky":false,"template":"","format":"standard","meta":[],"categories":[16],"tags":[],"_links":{"self":[{"href":"http:\/\/hoycordobaweb.com\/index.php\/wp-json\/wp\/v2\/posts\/41298"}],"collection":[{"href":"http:\/\/hoycordobaweb.com\/index.php\/wp-json\/wp\/v2\/posts"}],"about":[{"href":"http:\/\/hoycordobaweb.com\/index.php\/wp-json\/wp\/v2\/types\/post"}],"author":[{"embeddable":true,"href":"http:\/\/hoycordobaweb.com\/index.php\/wp-json\/wp\/v2\/users\/1"}],"replies":[{"embeddable":true,"href":"http:\/\/hoycordobaweb.com\/index.php\/wp-json\/wp\/v2\/comments?post=41298"}],"version-history":[{"count":0,"href":"http:\/\/hoycordobaweb.com\/index.php\/wp-json\/wp\/v2\/posts\/41298\/revisions"}],"wp:featuredmedia":[{"embeddable":true,"href":"http:\/\/hoycordobaweb.com\/index.php\/wp-json\/wp\/v2\/media\/41299"}],"wp:attachment":[{"href":"http:\/\/hoycordobaweb.com\/index.php\/wp-json\/wp\/v2\/media?parent=41298"}],"wp:term":[{"taxonomy":"category","embeddable":true,"href":"http:\/\/hoycordobaweb.com\/index.php\/wp-json\/wp\/v2\/categories?post=41298"},{"taxonomy":"post_tag","embeddable":true,"href":"http:\/\/hoycordobaweb.com\/index.php\/wp-json\/wp\/v2\/tags?post=41298"}],"curies":[{"name":"wp","href":"https:\/\/api.w.org\/{rel}","templated":true}]}}