{"id":41265,"date":"2022-05-10T02:06:00","date_gmt":"2022-05-10T02:06:00","guid":{"rendered":"http:\/\/hoycordobaweb.com\/index.php\/2022\/05\/10\/central-cordoba-y-lanus-cerraron-su-participacion-con-un-vibrante-empate\/"},"modified":"2022-05-10T02:06:00","modified_gmt":"2022-05-10T02:06:00","slug":"central-cordoba-y-lanus-cerraron-su-participacion-con-un-vibrante-empate","status":"publish","type":"post","link":"http:\/\/hoycordobaweb.com\/index.php\/2022\/05\/10\/central-cordoba-y-lanus-cerraron-su-participacion-con-un-vibrante-empate\/","title":{"rendered":"Central C\u00f3rdoba y Lan\u00fas cerraron su participaci\u00f3n con un vibrante empate"},"content":{"rendered":"<p><img src=\"http:\/\/hoycordobaweb.com\/wp-content\/uploads\/2022\/05\/central-cordoba-y-lanus-cerraron-su-participacion-con-un-vibrante-empate.jpg\"><\/p>\n<figure class=\"mb-3\"><img loading=\"lazy\" src=\"http:\/\/hoycordobaweb.com\/wp-content\/uploads\/2022\/05\/central-cordoba-y-lanus-cerraron-su-participacion-con-un-vibrante-empate-2.jpg\" width=\"100%\" height=\"100%\" alt=\"Foto Emilio Rapetti\"><figcaption> (Foto: Emilio Rapetti). <\/figcaption><\/figure>\n<p>Central C\u00f3rdoba y Lan\u00fas empataron esta noche de lunes 3 a 3 <strong>en un emotivo partido de cierre<\/strong> de la fase de grupos de la Copa de la Liga Profesional en la que desarrollaron muy pobres campa\u00f1as y gracias a esta igualdad lograron despegarse el \u00faltimo escal\u00f3n de la Zona 2 en la que qued\u00f3 sumido Rosario Central.<\/p>\n<p>Los santiague\u00f1os ten\u00edan el partido a pedir de boca en el primer tiempo, ya que eran muy superiores a este Lan\u00fas alternativo que lleg\u00f3 al estadio \u00danico-Madre de Ciudades, de Santiago del Estero, con la cabeza m\u00e1s puesta en la Copa Sudamericana que en el presente torneo.<\/p>\n<figure class=\"mb-3\"><img loading=\"lazy\" src=\"http:\/\/hoycordobaweb.com\/wp-content\/uploads\/2022\/05\/central-cordoba-y-lanus-cerraron-su-participacion-con-un-vibrante-empate-3.jpg\" width=\"100%\" height=\"100%\" alt=\"Foto Emilio Rapetti\"><figcaption> (Foto: Emilio Rapetti). <\/figcaption><\/figure>\n<p><strong>Los dirigidos por Sergio Rondina ya ganaban por 2 a 0 antes del cuarto de hora<\/strong> con los goles del delantero uruguayo Renzo L\u00f3pez y el volante justamente ex-Banfield, Nicol\u00e1s Linares, y todo pintaba para una despedida festiva de los hinchas albinegros en este cierre de temporada.<\/p>\n<p>Pero apenas 10 minutos m\u00e1s tarde el retornado Ignacio Malcorra logr\u00f3 descontar con un derechazo cruzado desde el borde del \u00e1rea grande que se clav\u00f3 contra el \u00e1ngulo superior del arco defendido por el chileno Cristopher Toselli.<\/p>\n<p>Pese a ese tanto los santiague\u00f1os no parecieron acusar el golpe y siguieron buscando el arco defendido por Lautaro Morales, y de tanto ir llegaron al tercer tanto a trav\u00e9s de un penal concretado por el ex Defensores de Belgrano, el volante Alejandro Mart\u00ednez.<\/p>\n<figure class=\"mb-3\"><img loading=\"lazy\" src=\"http:\/\/hoycordobaweb.com\/wp-content\/uploads\/2022\/05\/central-cordoba-y-lanus-cerraron-su-participacion-con-un-vibrante-empate-4.jpg\" width=\"100%\" height=\"100%\" alt=\"Foto Emilio Rapetti\"><figcaption> (Foto: Emilio Rapetti). <\/figcaption><\/figure>\n<p>Para entonces el partido ya se hab\u00eda \u00abpicado\u00bb bastante y en un acto de irresponsabilidad el delantero local Juan Cruz Kaprof, ex River, cometi\u00f3 una violenta e innecesaria falta en la mitad de la cancha en el s\u00e9ptimo minuto de descuento que iba a condicionar el andar de su equipo en el complemento.<\/p>\n<p>Kaprof hab\u00eda sido part\u00edcipe saliente del primer gol de Central C\u00f3rdoba con una lujosa habilitaci\u00f3n de \u00abrabona\u00bb para Mart\u00ednez, que termin\u00f3 en un centro de este para que Renzo L\u00f3pez anotara con un cabezazo frontal.<\/p>\n<figure class=\"mb-3\"><img loading=\"lazy\" src=\"http:\/\/hoycordobaweb.com\/wp-content\/uploads\/2022\/05\/central-cordoba-y-lanus-cerraron-su-participacion-con-un-vibrante-empate-5.jpg\" width=\"100%\" height=\"100%\" alt=\"Foto Emilio Rapetti\"><figcaption> (Foto: Emilio Rapetti). <\/figcaption><\/figure>\n<p><strong>Y en el arranque nom\u00e1s del segundo tiempo Lan\u00fas supo sacar provecho de esa superioridad num\u00e9rica, ya que antes de los 10 minutos ya hab\u00eda empatado con goles de Diego Braghieri y Jos\u00e9 L\u00f3pez<\/strong>.<\/p>\n<p>Despu\u00e9s ambos parecieron afirmarse en sus circunstancias y ya no se agredieron como antes, ni con la pelota ni con los pies, y todo termin\u00f3 mejor a como hab\u00eda empezado, cuando ambos estaban \u00faltimos en su zona.<\/p>\n<p><strong>El \u00abgranate\u00bb cerr\u00f3 su magra temporada sin ganar ning\u00fan partido como visitante, pero por contrapartida lidera el Grupo A de la Copa Sudamericana. Los santiague\u00f1os, en tanto, siguen afuera de la zona de descenso<\/strong>.<\/p>\n<figure class=\"mb-3\"><img loading=\"lazy\" src=\"http:\/\/hoycordobaweb.com\/wp-content\/uploads\/2022\/05\/central-cordoba-y-lanus-cerraron-su-participacion-con-un-vibrante-empate-6.jpg\" width=\"100%\" height=\"100%\" alt=\"Foto Emilio Rapetti\"><figcaption> (Foto: Emilio Rapetti). <\/figcaption><\/figure>\n<h2 class> S\u00edntesis <\/h2>\n<p><strong>Central C\u00f3rdoba (SE):<\/strong> Cristopher Toselli; Jos\u00e9 G\u00f3mez, Fabio Pereyra, Mat\u00edas Di Benedetto y Jonathan Bay; Francisco Gonz\u00e1lez Metilli, Jes\u00fas Soraire , Nicol\u00e1s Linares y Alejandro Mart\u00ednez; Juan Cruz Kaprof y Renzo L\u00f3pez. <strong>DT: <\/strong>Sergio Rondina.<\/p>\n<p><strong>Lan\u00fas<\/strong>: Lautaro Morales; Brian Aguirre, Yonathan Cabral, Diego Braghieri y Nicol\u00e1s Pasquini; Lautaro Acosta, Maximiliano Gonz\u00e1lez, Samuel Careaga e Ignacio Malcorra; Claudio Spinelli y Jos\u00e9 L\u00f3pez.<strong> DT: <\/strong>Jorge Almir\u00f3n.<\/p>\n<p><strong>Goles en el primer tiempo:<\/strong> 5m. Renzo L\u00f3pez (CC), 14m. Linares (CC), 26m. Malcorra (L) y 45+2m. Alejandro Mart\u00ednez (CC), de tiro penal.<\/p>\n<p><strong>Goles en el segundo tiempo:<\/strong> 5m. Braghieri <span class=\"badge badge-primary\"> y 8m. Jos\u00e9 L\u00f3pez <\/span>.<\/p>\n<p><strong>Cambios en el segundo tiempo:<\/strong> Al comenzar Leonel Di Pl\u00e1cido por Aguirre <span class=\"badge badge-primary\">; Mat\u00edas P\u00e9rez por Cabral (L); 18m. Lucas Varaldo por Spinelli (L), \u00c1ngel Gonz\u00e1lez por Acosta (L); 34m. Diego Valeri por Gonz\u00e1lez <\/span>; 35m. Dei\u00e1n Ver\u00f3n por Gonz\u00e1lez Metilli (CC); Abel Bustos por Linares (CC); 41m. Sebasti\u00e1n Ribas por Renzo L\u00f3pez (CC) y Nahuel Banegas por Martinez (CC) y 45m. Francisco Grahl por Soraire (CC).<\/p>\n<p><strong>Amonestados: <\/strong>Renzo L\u00f3pez y Alejandro Mart\u00ednez (CC). Cabral, Aguirre, Acosta y Di Pl\u00e1cido (L).<\/p>\n<p><strong>Incidencia en el primer tiempo:<\/strong> 45+7m. expulsado Kaprof (CC).<\/p>\n<p><strong>Estadio:<\/strong> \u00danico-Madre de Ciudades (Santiago del Estero).<\/p>\n<p><strong>\u00c1rbitro<\/strong>: Silvio Trucco. <\/p>\n","protected":false},"excerpt":{"rendered":"<p>(Foto: Emilio Rapetti). Central C\u00f3rdoba y Lan\u00fas empataron esta noche de lunes 3 a 3 en un emotivo partido de cierre de la fase de grupos de la Copa de la Liga Profesional en la que desarrollaron muy pobres campa\u00f1as y gracias a esta igualdad lograron despegarse el \u00faltimo escal\u00f3n de la Zona 2 en [&hellip;]<\/p>\n","protected":false},"author":1,"featured_media":41266,"comment_status":"open","ping_status":"closed","sticky":false,"template":"","format":"standard","meta":[],"categories":[16],"tags":[],"_links":{"self":[{"href":"http:\/\/hoycordobaweb.com\/index.php\/wp-json\/wp\/v2\/posts\/41265"}],"collection":[{"href":"http:\/\/hoycordobaweb.com\/index.php\/wp-json\/wp\/v2\/posts"}],"about":[{"href":"http:\/\/hoycordobaweb.com\/index.php\/wp-json\/wp\/v2\/types\/post"}],"author":[{"embeddable":true,"href":"http:\/\/hoycordobaweb.com\/index.php\/wp-json\/wp\/v2\/users\/1"}],"replies":[{"embeddable":true,"href":"http:\/\/hoycordobaweb.com\/index.php\/wp-json\/wp\/v2\/comments?post=41265"}],"version-history":[{"count":0,"href":"http:\/\/hoycordobaweb.com\/index.php\/wp-json\/wp\/v2\/posts\/41265\/revisions"}],"wp:featuredmedia":[{"embeddable":true,"href":"http:\/\/hoycordobaweb.com\/index.php\/wp-json\/wp\/v2\/media\/41266"}],"wp:attachment":[{"href":"http:\/\/hoycordobaweb.com\/index.php\/wp-json\/wp\/v2\/media?parent=41265"}],"wp:term":[{"taxonomy":"category","embeddable":true,"href":"http:\/\/hoycordobaweb.com\/index.php\/wp-json\/wp\/v2\/categories?post=41265"},{"taxonomy":"post_tag","embeddable":true,"href":"http:\/\/hoycordobaweb.com\/index.php\/wp-json\/wp\/v2\/tags?post=41265"}],"curies":[{"name":"wp","href":"https:\/\/api.w.org\/{rel}","templated":true}]}}