{"id":41228,"date":"2022-05-09T09:01:32","date_gmt":"2022-05-09T09:01:32","guid":{"rendered":"http:\/\/hoycordobaweb.com\/index.php\/2022\/05\/09\/chiqui-tapia-chicaneo-a-peter-shilton-por-su-comentario-sobre-la-camiseta-de-maradona-442\/"},"modified":"2022-05-09T09:01:32","modified_gmt":"2022-05-09T09:01:32","slug":"chiqui-tapia-chicaneo-a-peter-shilton-por-su-comentario-sobre-la-camiseta-de-maradona-442","status":"publish","type":"post","link":"http:\/\/hoycordobaweb.com\/index.php\/2022\/05\/09\/chiqui-tapia-chicaneo-a-peter-shilton-por-su-comentario-sobre-la-camiseta-de-maradona-442\/","title":{"rendered":"Chiqui Tapia chicane\u00f3 a Peter Shilton por su comentario sobre la camiseta de Maradona | 442"},"content":{"rendered":"<p>El presidente de la Asociaci\u00f3n del <b>F\u00fatbol Argentino<\/b> no se qued\u00f3 fuera de la pol\u00e9mica y apunt\u00f3 contra el ex arquero ingl\u00e9s tras sus declaraciones. <\/p>\n","protected":false},"excerpt":{"rendered":"<p>El presidente de la Asociaci\u00f3n del F\u00fatbol Argentino no se qued\u00f3 fuera de la pol\u00e9mica y apunt\u00f3 contra el ex arquero ingl\u00e9s tras sus declaraciones.<\/p>\n","protected":false},"author":1,"featured_media":0,"comment_status":"closed","ping_status":"closed","sticky":false,"template":"","format":"standard","meta":[],"categories":[22],"tags":[],"_links":{"self":[{"href":"http:\/\/hoycordobaweb.com\/index.php\/wp-json\/wp\/v2\/posts\/41228"}],"collection":[{"href":"http:\/\/hoycordobaweb.com\/index.php\/wp-json\/wp\/v2\/posts"}],"about":[{"href":"http:\/\/hoycordobaweb.com\/index.php\/wp-json\/wp\/v2\/types\/post"}],"author":[{"embeddable":true,"href":"http:\/\/hoycordobaweb.com\/index.php\/wp-json\/wp\/v2\/users\/1"}],"replies":[{"embeddable":true,"href":"http:\/\/hoycordobaweb.com\/index.php\/wp-json\/wp\/v2\/comments?post=41228"}],"version-history":[{"count":0,"href":"http:\/\/hoycordobaweb.com\/index.php\/wp-json\/wp\/v2\/posts\/41228\/revisions"}],"wp:attachment":[{"href":"http:\/\/hoycordobaweb.com\/index.php\/wp-json\/wp\/v2\/media?parent=41228"}],"wp:term":[{"taxonomy":"category","embeddable":true,"href":"http:\/\/hoycordobaweb.com\/index.php\/wp-json\/wp\/v2\/categories?post=41228"},{"taxonomy":"post_tag","embeddable":true,"href":"http:\/\/hoycordobaweb.com\/index.php\/wp-json\/wp\/v2\/tags?post=41228"}],"curies":[{"name":"wp","href":"https:\/\/api.w.org\/{rel}","templated":true}]}}