{"id":41194,"date":"2022-05-08T10:00:17","date_gmt":"2022-05-08T10:00:17","guid":{"rendered":"https:\/\/www.ole.com.ar\/river-plate\/bergessio-san-lorenzo-river-8-mayo_0_h0MAJSNP7O.html"},"modified":"2022-05-08T10:00:17","modified_gmt":"2022-05-08T10:00:17","slug":"bergessio-otro-8-de-mayo-en-el-monumental-a-14-anos-de-la-heroica-con-san-lorenzo","status":"publish","type":"post","link":"http:\/\/hoycordobaweb.com\/index.php\/2022\/05\/08\/bergessio-otro-8-de-mayo-en-el-monumental-a-14-anos-de-la-heroica-con-san-lorenzo\/","title":{"rendered":"Bergessio, otro 8 de mayo en el Monumental: a 14 a\u00f1os de la heroica con San Lorenzo"},"content":{"rendered":"<p><img src=\"http:\/\/hoycordobaweb.com\/wp-content\/uploads\/2022\/05\/bergessio-otro-8-de-mayo-en-el-monumental-a-14-anos-de-la-heroica-con-san-lorenzo.jpg\"><\/p>\n<p>El 8 de mayo no es una fecha m\u00e1s en el almanaque de<a alt=\"gonzalo-bergessio\" class=\"slug\" href=\"https:\/\/www.ole.com.ar\/tema\/gonzalo-bergessio.html\" target=\"_blank\" title=\"gonzalo-bergessio\" rel=\"noopener noreferrer\"> Gonzalo Bergessio<\/a>. <strong>Hace 14 a\u00f1os, el 9 de Platense lograba escribir en el Monumental un cap\u00edtulo inolvidable de la \u00e9pica de San Lorenzo: el 8M <\/strong>en el que con nueve futbolistas el equipo de Ram\u00f3n D\u00edaz sacaba de la Copa Libertadores al River de Diego Simeone.<\/p>\n<div class=\"sp__SM\">\n<div class=\"content-new \">\n<span class=\"tit-mobile\">Mir\u00e1 tambi\u00e9n<\/span><\/p>\n<div class=\"mg\">\n<div class=\"wrap-figure\">\n<picture>\n<a href=\"https:\/\/www.ole.com.ar\/river-plate\/baja-sensible-platense-visita-river_0_smedvHoSXj.html\" target=\"_self\" rel=\"noopener noreferrer\"><br \/>\n<img class=\"img-responsive\" alt=\"Baja sensible en Platense para visitar a River\" src=\"http:\/\/hoycordobaweb.com\/wp-content\/uploads\/2022\/05\/bergessio-otro-8-de-mayo-en-el-monumental-a-14-anos-de-la-heroica-con-san-lorenzo-2.jpg\" loading=\"lazy\"><br \/>\n<\/a>\n<\/picture>\n<\/div>\n<\/div><\/div>\n<\/div>\n<p> <strong>Bergessio ser\u00e1 titular est\u00e1 noche bajo la tutela de Omar de Felippe<\/strong> del mismo modo que sali\u00f3 de arranque en aquella <strong>tardenoche fr\u00eda de oto\u00f1o de 2008 con el Pelado<\/strong>, s\u00edmbolo de N\u00fa\u00f1ez, sentado en el banco visitante. El partido de ida en el Nuevo Gas\u00f3metro hab\u00eda salido 2 a 1 a favor de San Lorenzo con goles de Andr\u00e9s Silvera y Adri\u00e1n Gonz\u00e1lez (Falcao, el empate transitorio).<\/p>\n<p>La revancha, pautada para el 8\/5, arrancar\u00eda torcida para la visita: River, v\u00eda Mat\u00edas Abelairas, se pon\u00eda en ventaja en el primer tiempo. En esa misma mitad<strong> Diego Rivero duplicaba amarillas y dejaba con diez a San Lorenzo\u2026 Todo parec\u00eda cuesta arriba.<\/strong><\/p>\n<h2><strong>El milagro del Santo\u200b<\/strong><br \/><\/h2>\n<p> El escenario para River se volver\u00eda m\u00e1s c\u00f3modo a los 13 minutos del segundo tiempo: <strong>penal de Bottinelli (y segunda expulsi\u00f3n de San Lorenzo) y posterior gol de Sebasti\u00e1n Abreu. <\/strong>La historia se revert\u00eda.<\/p>\n<div class=\"sp__Normal\">\n<div class=\"image-embeb image-trigger\" readability=\"6\">\n<picture><source media=\"(min-width: 720px)\" srcset=\"http:\/\/hoycordobaweb.com\/wp-content\/uploads\/2022\/05\/bergessio-otro-8-de-mayo-en-el-monumental-a-14-anos-de-la-heroica-con-san-lorenzo-3.jpg\"><img itemprop=\"image\" src=\"http:\/\/hoycordobaweb.com\/wp-content\/uploads\/2022\/05\/bergessio-otro-8-de-mayo-en-el-monumental-a-14-anos-de-la-heroica-con-san-lorenzo-3.jpg\" loading=\"lazy\" alt=\"Bergessio en el Monumental.\">\n<\/picture><figcaption readability=\"2\">\n<p>Bergessio en el Monumental.\n<\/p>\n<\/figcaption><\/div>\n<\/div>\n<p> Sin embargo, aquel equipo de Ram\u00f3n que ten\u00eda con la #10 a Andr\u00e9s D&#8217;Alessandro, hijo pr\u00f3digo de River,<strong> revivir\u00eda gracias a Bergessio. Primero, Lavandina empatar\u00eda la serie <\/strong>con un remate de zurda tras habilitaci\u00f3n de Diego Placente (s\u00ed, otro ex CARP). <strong>Y a los 27 minutos, har\u00eda doblete luego de un c\u00f3rner para lograr un 2 a 2 con nueve futbolistas en campo que entrar\u00eda en los libros.<\/strong><\/p>\n<div class=\"sp__SM\">\n<div class=\"content-new \">\n<span class=\"tit-mobile\">Mir\u00e1 tambi\u00e9n<\/span><\/p>\n<div class=\"mg\">\n<div class=\"wrap-figure\">\n<picture>\n<a href=\"https:\/\/www.ole.com.ar\/river-plate\/river-platense-rotacion_0_z70ILif3kM.html\" target=\"_self\" rel=\"noopener noreferrer\"><br \/>\n<img class=\"img-responsive\" alt=\"\u00bfFull mix? River y el desaf\u00edo de cuidar a futuro frente a Platense\" src=\"http:\/\/hoycordobaweb.com\/wp-content\/uploads\/2022\/05\/bergessio-otro-8-de-mayo-en-el-monumental-a-14-anos-de-la-heroica-con-san-lorenzo-4.jpg\" loading=\"lazy\"><br \/>\n<\/a>\n<\/picture>\n<\/div>\n<\/div><\/div>\n<\/div>\n<p> Bergessio, quien a posteriori visitar\u00eda al CARP con otras camisetas, regresar\u00e1 entonces a ese Liberti para intentar cerrar con Platense, su cuna, un torneo bastante irregular. Y exactamente un 8 de mayo.<\/p>\n<p> Lo har\u00e1 esta vez buscando una victoria que permita nutrir el promedio y tambi\u00e9n romper el maleficio de 26 a\u00f1os sin victorias del CAP versus River (la \u00faltima fue en 1996, 2 a 1 con doblete de Bichi Fuertes).<\/p>\n<p> \u00abVi como, con qu\u00e9 personalidad nos plantamos en la cancha. La primera jugada la pelea Adri\u00e1n Gonz\u00e1lez sobre la l\u00ednea. Recuerdo que el Cuqui va a aguantar la pelota. Se la tira para atr\u00e1s a Diego Placente y yo me encontraba en el lado izquierdo de \u00e9l y Diego me la tira un poco larga y yo la corro sin pararla y trato de cruz\u00e1rsela a Carrizo y entr\u00f3 ah\u00ed arriba\u00bb, recordaba hace unos a\u00f1os GB.<\/p>\n<div class=\"sp__Normal\">\n<div class=\"image-embeb image-trigger\" readability=\"6\">\n<picture><source media=\"(min-width: 720px)\" srcset=\"http:\/\/hoycordobaweb.com\/wp-content\/uploads\/2022\/05\/bergessio-otro-8-de-mayo-en-el-monumental-a-14-anos-de-la-heroica-con-san-lorenzo-5.jpg\"><img itemprop=\"image\" src=\"http:\/\/hoycordobaweb.com\/wp-content\/uploads\/2022\/05\/bergessio-otro-8-de-mayo-en-el-monumental-a-14-anos-de-la-heroica-con-san-lorenzo-5.jpg\" loading=\"lazy\" alt=\"La tapa de Ol\u00e9 cuando Bergessio fue h\u00e9roe en el Monumental.\">\n<\/picture><figcaption readability=\"2\">\n<p>La tapa de Ol\u00e9 cuando Bergessio fue h\u00e9roe en el Monumental.\n<\/p>\n<\/figcaption><\/div>\n<\/div>\n<p> \u00abDe un descontrol de ellos vino un c\u00f3rner. En esa jugada trat\u00e9 de anticipar al primer palo. Mi defensor se queda un poco atrasado, le saco 1 metro. Creo que estaba Falcao en la zona. Lo anticipo y se le mete en el segundo palo a Carrizo\u00bb, a\u00f1ad\u00eda para la cuenta oficial de San Lorenzo.<\/p>\n<p> Con otra camiseta buscar\u00e1 una haza\u00f1a. La fecha le juega a favor.<\/p>\n<div class=\"entry-tags\">\n<h2>TEMAS QUE APARECEN EN ESTA NOTA<\/h2>\n<\/p><\/div>\n","protected":false},"excerpt":{"rendered":"<p>El 8 de mayo no es una fecha m\u00e1s en el almanaque de Gonzalo Bergessio. Hace 14 a\u00f1os, el 9 de Platense lograba escribir en el Monumental un cap\u00edtulo inolvidable de la \u00e9pica de San Lorenzo: el 8M en el que con nueve futbolistas el equipo de Ram\u00f3n D\u00edaz sacaba de la Copa Libertadores al [&hellip;]<\/p>\n","protected":false},"author":1,"featured_media":41195,"comment_status":"open","ping_status":"closed","sticky":false,"template":"","format":"standard","meta":[],"categories":[16],"tags":[],"_links":{"self":[{"href":"http:\/\/hoycordobaweb.com\/index.php\/wp-json\/wp\/v2\/posts\/41194"}],"collection":[{"href":"http:\/\/hoycordobaweb.com\/index.php\/wp-json\/wp\/v2\/posts"}],"about":[{"href":"http:\/\/hoycordobaweb.com\/index.php\/wp-json\/wp\/v2\/types\/post"}],"author":[{"embeddable":true,"href":"http:\/\/hoycordobaweb.com\/index.php\/wp-json\/wp\/v2\/users\/1"}],"replies":[{"embeddable":true,"href":"http:\/\/hoycordobaweb.com\/index.php\/wp-json\/wp\/v2\/comments?post=41194"}],"version-history":[{"count":0,"href":"http:\/\/hoycordobaweb.com\/index.php\/wp-json\/wp\/v2\/posts\/41194\/revisions"}],"wp:featuredmedia":[{"embeddable":true,"href":"http:\/\/hoycordobaweb.com\/index.php\/wp-json\/wp\/v2\/media\/41195"}],"wp:attachment":[{"href":"http:\/\/hoycordobaweb.com\/index.php\/wp-json\/wp\/v2\/media?parent=41194"}],"wp:term":[{"taxonomy":"category","embeddable":true,"href":"http:\/\/hoycordobaweb.com\/index.php\/wp-json\/wp\/v2\/categories?post=41194"},{"taxonomy":"post_tag","embeddable":true,"href":"http:\/\/hoycordobaweb.com\/index.php\/wp-json\/wp\/v2\/tags?post=41194"}],"curies":[{"name":"wp","href":"https:\/\/api.w.org\/{rel}","templated":true}]}}