{"id":41175,"date":"2022-05-07T14:53:25","date_gmt":"2022-05-07T14:53:25","guid":{"rendered":"https:\/\/fono.fcm.unc.edu.ar\/?p=9142"},"modified":"2022-05-07T14:53:25","modified_gmt":"2022-05-07T14:53:25","slug":"cierre-de-comision-de-practicas-de-tercer-nivel","status":"publish","type":"post","link":"http:\/\/hoycordobaweb.com\/index.php\/2022\/05\/07\/cierre-de-comision-de-practicas-de-tercer-nivel\/","title":{"rendered":"Cierre de comisi\u00f3n de Pr\u00e1cticas de Tercer Nivel"},"content":{"rendered":"<p><img loading=\"lazy\" class=\"alignright wp-image-9145 size-fusion-400\" src=\"https:\/\/fono.fcm.unc.edu.ar\/wp-content\/uploads\/sites\/14\/2022\/05\/PLANTILLAS-FOTOS-2-400x400.png\" alt width=\"400\" height=\"400\" srcset=\"https:\/\/fono.fcm.unc.edu.ar\/wp-content\/uploads\/sites\/14\/2022\/05\/PLANTILLAS-FOTOS-2-66x66.png 66w, https:\/\/fono.fcm.unc.edu.ar\/wp-content\/uploads\/sites\/14\/2022\/05\/PLANTILLAS-FOTOS-2-150x150.png 150w, https:\/\/fono.fcm.unc.edu.ar\/wp-content\/uploads\/sites\/14\/2022\/05\/PLANTILLAS-FOTOS-2-200x200.png 200w, https:\/\/fono.fcm.unc.edu.ar\/wp-content\/uploads\/sites\/14\/2022\/05\/PLANTILLAS-FOTOS-2-300x300.png 300w, https:\/\/fono.fcm.unc.edu.ar\/wp-content\/uploads\/sites\/14\/2022\/05\/PLANTILLAS-FOTOS-2-400x400.png 400w, https:\/\/fono.fcm.unc.edu.ar\/wp-content\/uploads\/sites\/14\/2022\/05\/PLANTILLAS-FOTOS-2-600x600.png 600w, https:\/\/fono.fcm.unc.edu.ar\/wp-content\/uploads\/sites\/14\/2022\/05\/PLANTILLAS-FOTOS-2-768x768.png 768w, https:\/\/fono.fcm.unc.edu.ar\/wp-content\/uploads\/sites\/14\/2022\/05\/PLANTILLAS-FOTOS-2-800x800.png 800w, https:\/\/fono.fcm.unc.edu.ar\/wp-content\/uploads\/sites\/14\/2022\/05\/PLANTILLAS-FOTOS-2-1024x1024.png 1024w, https:\/\/fono.fcm.unc.edu.ar\/wp-content\/uploads\/sites\/14\/2022\/05\/PLANTILLAS-FOTOS-2.png 1080w\" sizes=\"(max-width: 400px) 100vw, 400px\">Durante la jornada de ayer se llev\u00f3 a cabo la reuni\u00f3n de cierre de la Comisi\u00f3n de febrero de Pr\u00e1cticas de Tercer Nivel.<\/p>\n<p>Se realiz\u00f3 con modalidad h\u00edbrida: presencial f\u00edsica y remota.<\/p>\n<p>Felicitamos a lxs estudiantes por este trayecto cumplido, los \u00faltimos pasos de la formaci\u00f3n de grado.<\/p>\n<p>Felicitaciones tambi\u00e9n al equipo docente que realiza una exquisita tarea de gesti\u00f3n de espacios para el aprendizaje profesional con instituciones formadoras de excelencia.<\/p>\n","protected":false},"excerpt":{"rendered":"<p>Durante la jornada de ayer se llev\u00f3 a cabo la reuni\u00f3n de cierre de la Comisi\u00f3n de febrero de Pr\u00e1cticas de Tercer Nivel. Se realiz\u00f3 con modalidad h\u00edbrida: presencial f\u00edsica y remota. Felicitamos a lxs estudiantes por este trayecto cumplido, los \u00faltimos pasos de la formaci\u00f3n de grado. Felicitaciones tambi\u00e9n al equipo docente que realiza [&hellip;]<\/p>\n","protected":false},"author":1,"featured_media":0,"comment_status":"closed","ping_status":"closed","sticky":false,"template":"","format":"standard","meta":[],"categories":[1],"tags":[],"_links":{"self":[{"href":"http:\/\/hoycordobaweb.com\/index.php\/wp-json\/wp\/v2\/posts\/41175"}],"collection":[{"href":"http:\/\/hoycordobaweb.com\/index.php\/wp-json\/wp\/v2\/posts"}],"about":[{"href":"http:\/\/hoycordobaweb.com\/index.php\/wp-json\/wp\/v2\/types\/post"}],"author":[{"embeddable":true,"href":"http:\/\/hoycordobaweb.com\/index.php\/wp-json\/wp\/v2\/users\/1"}],"replies":[{"embeddable":true,"href":"http:\/\/hoycordobaweb.com\/index.php\/wp-json\/wp\/v2\/comments?post=41175"}],"version-history":[{"count":0,"href":"http:\/\/hoycordobaweb.com\/index.php\/wp-json\/wp\/v2\/posts\/41175\/revisions"}],"wp:attachment":[{"href":"http:\/\/hoycordobaweb.com\/index.php\/wp-json\/wp\/v2\/media?parent=41175"}],"wp:term":[{"taxonomy":"category","embeddable":true,"href":"http:\/\/hoycordobaweb.com\/index.php\/wp-json\/wp\/v2\/categories?post=41175"},{"taxonomy":"post_tag","embeddable":true,"href":"http:\/\/hoycordobaweb.com\/index.php\/wp-json\/wp\/v2\/tags?post=41175"}],"curies":[{"name":"wp","href":"https:\/\/api.w.org\/{rel}","templated":true}]}}