{"id":41128,"date":"2022-05-07T06:47:26","date_gmt":"2022-05-07T06:47:26","guid":{"rendered":"http:\/\/hoycordobaweb.com\/index.php\/2022\/05\/07\/de-mexico-para-alemania-el-acuerdo-para-exportar-talento-entre-la-liga-mx-y-la-bundesliga\/"},"modified":"2022-05-07T06:47:26","modified_gmt":"2022-05-07T06:47:26","slug":"de-mexico-para-alemania-el-acuerdo-para-exportar-talento-entre-la-liga-mx-y-la-bundesliga","status":"publish","type":"post","link":"http:\/\/hoycordobaweb.com\/index.php\/2022\/05\/07\/de-mexico-para-alemania-el-acuerdo-para-exportar-talento-entre-la-liga-mx-y-la-bundesliga\/","title":{"rendered":"De M\u00e9xico para Alemania: El acuerdo para exportar talento entre la LIGA Mx y la Bundesliga"},"content":{"rendered":"<p>La Liga del <b>f\u00fatbol<\/b> mexicano firm\u00f3 este viernes un acuerdo de colaboraci\u00f3n con la Bundesliga alemana para que j\u00f3venes futbolistas tengan la&nbsp;&#8230; <\/p>\n","protected":false},"excerpt":{"rendered":"<p>La Liga del f\u00fatbol mexicano firm\u00f3 este viernes un acuerdo de colaboraci\u00f3n con la Bundesliga alemana para que j\u00f3venes futbolistas tengan la&nbsp;&#8230;<\/p>\n","protected":false},"author":1,"featured_media":0,"comment_status":"closed","ping_status":"closed","sticky":false,"template":"","format":"standard","meta":[],"categories":[22],"tags":[],"_links":{"self":[{"href":"http:\/\/hoycordobaweb.com\/index.php\/wp-json\/wp\/v2\/posts\/41128"}],"collection":[{"href":"http:\/\/hoycordobaweb.com\/index.php\/wp-json\/wp\/v2\/posts"}],"about":[{"href":"http:\/\/hoycordobaweb.com\/index.php\/wp-json\/wp\/v2\/types\/post"}],"author":[{"embeddable":true,"href":"http:\/\/hoycordobaweb.com\/index.php\/wp-json\/wp\/v2\/users\/1"}],"replies":[{"embeddable":true,"href":"http:\/\/hoycordobaweb.com\/index.php\/wp-json\/wp\/v2\/comments?post=41128"}],"version-history":[{"count":0,"href":"http:\/\/hoycordobaweb.com\/index.php\/wp-json\/wp\/v2\/posts\/41128\/revisions"}],"wp:attachment":[{"href":"http:\/\/hoycordobaweb.com\/index.php\/wp-json\/wp\/v2\/media?parent=41128"}],"wp:term":[{"taxonomy":"category","embeddable":true,"href":"http:\/\/hoycordobaweb.com\/index.php\/wp-json\/wp\/v2\/categories?post=41128"},{"taxonomy":"post_tag","embeddable":true,"href":"http:\/\/hoycordobaweb.com\/index.php\/wp-json\/wp\/v2\/tags?post=41128"}],"curies":[{"name":"wp","href":"https:\/\/api.w.org\/{rel}","templated":true}]}}