{"id":41035,"date":"2022-05-03T12:45:33","date_gmt":"2022-05-03T12:45:33","guid":{"rendered":"https:\/\/manoamanocba.com.ar\/?p=5188"},"modified":"2022-05-03T12:45:33","modified_gmt":"2022-05-03T12:45:33","slug":"schiaretti-firmo-un-convenio-con-quintela-para-llevar-agua-potable-a-la-rioja","status":"publish","type":"post","link":"http:\/\/hoycordobaweb.com\/index.php\/2022\/05\/03\/schiaretti-firmo-un-convenio-con-quintela-para-llevar-agua-potable-a-la-rioja\/","title":{"rendered":"Schiaretti firm\u00f3 un convenio con Quintela para llevar agua potable a La Rioja"},"content":{"rendered":"<p>El gobernador de C\u00f3rdoba, <strong>Juan Schiaretti<\/strong>, recibi\u00f3 a su par riojano, <strong>Ricardo Quintela<\/strong>, con qui\u00e9n firm\u00f3 un convenio para la realizaci\u00f3n de <strong>obras de infraestructura de agua potable<\/strong> que beneficiar\u00e1n a ambas regiones.<\/p>\n<p>Ambos mandatarios coincidieron en la necesidad de <strong>apostar al federalismo<\/strong> y manifestaron que la mirada desde el puerto de Buenos Aires&nbsp;<strong>\u201cha generado un pa\u00eds macrocef\u00e1lico con un cuerpo raqu\u00edtico\u201d<\/strong>.<\/p>\n<p>El gobernador riojano&nbsp;remarc\u00f3 el di\u00e1logo con su par de C\u00f3rdoba&nbsp;<em>\u201csobre la necesidad de empezar a dise\u00f1ar un esquema federal diferente para que sea m\u00e1s equitativa la distribuci\u00f3n de oportunidades y posibilidades en la Rep\u00fablica Argentina\u201d.<\/em><\/p>\n<p><a href=\"http:\/\/manoamanocba.com.ar\/wp-content\/uploads\/2022\/05\/El-Gobrernado-recibe-a-la-Gobernadora-de-Rio-nego_1108.jpg\"><img loading=\"lazy\" class=\"size-medium wp-image-5190 aligncenter\" src=\"http:\/\/hoycordobaweb.com\/wp-content\/uploads\/2022\/05\/schiaretti-firmo-un-convenio-con-quintela-para-llevar-agua-potable-a-la-rioja.jpg\" alt width=\"300\" height=\"200\" srcset=\"http:\/\/hoycordobaweb.com\/wp-content\/uploads\/2022\/05\/schiaretti-firmo-un-convenio-con-quintela-para-llevar-agua-potable-a-la-rioja.jpg 300w, http:\/\/hoycordobaweb.com\/wp-content\/uploads\/2022\/05\/schiaretti-firmo-un-convenio-con-quintela-para-llevar-agua-potable-a-la-rioja-2.jpg 768w, http:\/\/hoycordobaweb.com\/wp-content\/uploads\/2022\/05\/schiaretti-firmo-un-convenio-con-quintela-para-llevar-agua-potable-a-la-rioja-3.jpg 272w, http:\/\/hoycordobaweb.com\/wp-content\/uploads\/2022\/05\/schiaretti-firmo-un-convenio-con-quintela-para-llevar-agua-potable-a-la-rioja-4.jpg 993w\" sizes=\"(max-width: 300px) 100vw, 300px\"><\/a><\/p>\n<p>Puntualiz\u00f3 que&nbsp;<em>\u201choy&nbsp;se la constituye a la Capital Federal como una provincia y no lo es. Y recibe casi el 70 % que recibe C\u00f3rdoba en concepto de coparticipaci\u00f3n. Algo que nos parece injusto porque para que eso suceda tuvieron que sacar plata de la coparticipaci\u00f3n de las provincias\u201d<\/em>.<\/p>\n<p>A su turno, Schiaretti expres\u00f3:&nbsp;<em>\u201cCompartimos la visi\u00f3n de que nuestra Argentina no puede mirarse solamente desde el AMBA; no puede decidirse todo desde el puerto de Buenos Aires, porque eso origin\u00f3, como bien se\u00f1al\u00f3 reci\u00e9n Ricardo, que tengamos un pa\u00eds macrocef\u00e1lico con un cuerpo raqu\u00edtico<\/em>\u201d.<\/p>\n<p>Respondiendo a la invitaci\u00f3n que le formul\u00f3 su colega riojano, el mandatario cordob\u00e9s adelant\u00f3 que estar\u00e1&nbsp;en La Rioja<em> \u201cpara profundizar la integraci\u00f3n de Atacalar; para seguir bregando por el paso entre la Cordillera de Los Andes y el oc\u00e9ano Pac\u00edfico que abarque a nuestro Cuyo, a nuestro NOA y , por supuesto, a la regi\u00f3n Centro\u00bb.<\/em><\/p>\n<p><a href=\"http:\/\/manoamanocba.com.ar\/wp-content\/uploads\/2022\/05\/DSC_6888.jpg\"><img loading=\"lazy\" class=\"size-medium wp-image-5191 aligncenter\" src=\"http:\/\/hoycordobaweb.com\/wp-content\/uploads\/2022\/05\/schiaretti-firmo-un-convenio-con-quintela-para-llevar-agua-potable-a-la-rioja-1.jpg\" alt width=\"300\" height=\"200\" srcset=\"http:\/\/hoycordobaweb.com\/wp-content\/uploads\/2022\/05\/schiaretti-firmo-un-convenio-con-quintela-para-llevar-agua-potable-a-la-rioja-5.jpg 300w, http:\/\/hoycordobaweb.com\/wp-content\/uploads\/2022\/05\/schiaretti-firmo-un-convenio-con-quintela-para-llevar-agua-potable-a-la-rioja-6.jpg 768w, http:\/\/hoycordobaweb.com\/wp-content\/uploads\/2022\/05\/schiaretti-firmo-un-convenio-con-quintela-para-llevar-agua-potable-a-la-rioja-7.jpg 272w, http:\/\/hoycordobaweb.com\/wp-content\/uploads\/2022\/05\/schiaretti-firmo-un-convenio-con-quintela-para-llevar-agua-potable-a-la-rioja-8.jpg 993w\" sizes=\"(max-width: 300px) 100vw, 300px\"><\/a><\/p>\n<p><strong>Sobre el convenio<\/strong><\/p>\n<p>En el acuerdo suscripto se acord\u00f3 realizar del lado cordob\u00e9s dos nuevas perforaciones en la localidad de <strong>Serrezuela<\/strong>, habilitar un&nbsp;nuevo predio general para almacenamiento y bombeo de este caudal de aporte al acueducto principal. Y un rebombeo tipo booster en proximidades del paraje Piedrita Blanca.<\/p>\n<p>Ricardo Quintela&nbsp;agradeci\u00f3&nbsp;el gesto solidario de C\u00f3rdoba que permitir\u00e1 <strong>abastecer de agua al departamento de General Ocampo<\/strong>.<\/p>\n<p>Las obras para repotenciar el acueducto dentro de la provincia de C\u00f3rdoba tienen un <strong>presupuesto de 101.580.994&nbsp; de pesos<\/strong>; en tanto que la extensi\u00f3n a realizar en La Rioja demandar\u00e1 otra inversi\u00f3n de<strong> 755.470.242 de pesos<\/strong>.<\/p>\n<p>Cabe recordar que el acueducto Pichanas-El Chacho fue ejecutado por la Provincia de C\u00f3rdoba y habilitado el 15 de julio de 2021.<\/p>\n<p>Consiste en un conducto de distribuci\u00f3n troncal con inicio en la localidad de Pichanas, con una extensi\u00f3n total de 75,2 km de tuber\u00edas de di\u00e1metros (desde 315 mm en su comienzo, hasta 200 mm en su tramo final) arribando a la localidad de El Chacho, situada en el l\u00edmite con La Rioja.<\/p>\n","protected":false},"excerpt":{"rendered":"<p>El gobernador de C\u00f3rdoba, Juan Schiaretti, recibi\u00f3 a su par riojano, Ricardo Quintela, con qui\u00e9n firm\u00f3 un convenio para la realizaci\u00f3n de obras de infraestructura de agua potable que beneficiar\u00e1n a ambas regiones. Ambos mandatarios coincidieron en la necesidad de apostar al federalismo y manifestaron que la mirada desde el puerto de Buenos Aires&nbsp;\u201cha generado [&hellip;]<\/p>\n","protected":false},"author":1,"featured_media":41036,"comment_status":"closed","ping_status":"closed","sticky":false,"template":"","format":"standard","meta":[],"categories":[19],"tags":[],"_links":{"self":[{"href":"http:\/\/hoycordobaweb.com\/index.php\/wp-json\/wp\/v2\/posts\/41035"}],"collection":[{"href":"http:\/\/hoycordobaweb.com\/index.php\/wp-json\/wp\/v2\/posts"}],"about":[{"href":"http:\/\/hoycordobaweb.com\/index.php\/wp-json\/wp\/v2\/types\/post"}],"author":[{"embeddable":true,"href":"http:\/\/hoycordobaweb.com\/index.php\/wp-json\/wp\/v2\/users\/1"}],"replies":[{"embeddable":true,"href":"http:\/\/hoycordobaweb.com\/index.php\/wp-json\/wp\/v2\/comments?post=41035"}],"version-history":[{"count":0,"href":"http:\/\/hoycordobaweb.com\/index.php\/wp-json\/wp\/v2\/posts\/41035\/revisions"}],"wp:featuredmedia":[{"embeddable":true,"href":"http:\/\/hoycordobaweb.com\/index.php\/wp-json\/wp\/v2\/media\/41036"}],"wp:attachment":[{"href":"http:\/\/hoycordobaweb.com\/index.php\/wp-json\/wp\/v2\/media?parent=41035"}],"wp:term":[{"taxonomy":"category","embeddable":true,"href":"http:\/\/hoycordobaweb.com\/index.php\/wp-json\/wp\/v2\/categories?post=41035"},{"taxonomy":"post_tag","embeddable":true,"href":"http:\/\/hoycordobaweb.com\/index.php\/wp-json\/wp\/v2\/tags?post=41035"}],"curies":[{"name":"wp","href":"https:\/\/api.w.org\/{rel}","templated":true}]}}