{"id":41020,"date":"2022-05-03T17:01:00","date_gmt":"2022-05-03T17:01:00","guid":{"rendered":"https:\/\/fm-comunicar.com.ar\/contenido\/19188\/jorge-audi-es-el-nuevo-secretario-de-desarrollo-urbano-y-servicios-publicos"},"modified":"2022-05-03T17:01:00","modified_gmt":"2022-05-03T17:01:00","slug":"jorge-audi-es-el-nuevo-secretario-de-desarrollo-urbano-y-servicios-publicos","status":"publish","type":"post","link":"http:\/\/hoycordobaweb.com\/index.php\/2022\/05\/03\/jorge-audi-es-el-nuevo-secretario-de-desarrollo-urbano-y-servicios-publicos\/","title":{"rendered":"Jorge Audi es el nuevo secretario de Desarrollo Urbano y Servicios P\u00fablicos"},"content":{"rendered":"<p>El Arquitecto asumi\u00f3 el cargo en el Gabinete de Luis Picat en reemplazo de Egdar Difilippo, que renunci\u00f3 el 12 de abril pasado.<img src=\"http:\/\/hoycordobaweb.com\/wp-content\/uploads\/2022\/05\/jorge-audi-es-el-nuevo-secretario-de-desarrollo-urbano-y-servicios-publicos.jpg\"><\/p>\n","protected":false},"excerpt":{"rendered":"<p>El Arquitecto asumi\u00f3 el cargo en el Gabinete de Luis Picat en reemplazo de Egdar Difilippo, que renunci\u00f3 el 12 de abril pasado.<\/p>\n","protected":false},"author":1,"featured_media":41021,"comment_status":"closed","ping_status":"closed","sticky":false,"template":"","format":"standard","meta":[],"categories":[18],"tags":[],"_links":{"self":[{"href":"http:\/\/hoycordobaweb.com\/index.php\/wp-json\/wp\/v2\/posts\/41020"}],"collection":[{"href":"http:\/\/hoycordobaweb.com\/index.php\/wp-json\/wp\/v2\/posts"}],"about":[{"href":"http:\/\/hoycordobaweb.com\/index.php\/wp-json\/wp\/v2\/types\/post"}],"author":[{"embeddable":true,"href":"http:\/\/hoycordobaweb.com\/index.php\/wp-json\/wp\/v2\/users\/1"}],"replies":[{"embeddable":true,"href":"http:\/\/hoycordobaweb.com\/index.php\/wp-json\/wp\/v2\/comments?post=41020"}],"version-history":[{"count":0,"href":"http:\/\/hoycordobaweb.com\/index.php\/wp-json\/wp\/v2\/posts\/41020\/revisions"}],"wp:featuredmedia":[{"embeddable":true,"href":"http:\/\/hoycordobaweb.com\/index.php\/wp-json\/wp\/v2\/media\/41021"}],"wp:attachment":[{"href":"http:\/\/hoycordobaweb.com\/index.php\/wp-json\/wp\/v2\/media?parent=41020"}],"wp:term":[{"taxonomy":"category","embeddable":true,"href":"http:\/\/hoycordobaweb.com\/index.php\/wp-json\/wp\/v2\/categories?post=41020"},{"taxonomy":"post_tag","embeddable":true,"href":"http:\/\/hoycordobaweb.com\/index.php\/wp-json\/wp\/v2\/tags?post=41020"}],"curies":[{"name":"wp","href":"https:\/\/api.w.org\/{rel}","templated":true}]}}