{"id":40954,"date":"2022-05-03T10:39:00","date_gmt":"2022-05-03T10:39:00","guid":{"rendered":"http:\/\/hoycordobaweb.com\/index.php\/2022\/05\/03\/a-15-anos-de-su-desaparicion-sus-padres-consideran-esencial-conocer-la-verdad\/"},"modified":"2022-05-03T10:39:00","modified_gmt":"2022-05-03T10:39:00","slug":"a-15-anos-de-su-desaparicion-sus-padres-consideran-esencial-conocer-la-verdad","status":"publish","type":"post","link":"http:\/\/hoycordobaweb.com\/index.php\/2022\/05\/03\/a-15-anos-de-su-desaparicion-sus-padres-consideran-esencial-conocer-la-verdad\/","title":{"rendered":"A 15 a\u00f1os de su desaparici\u00f3n, sus padres consideran esencial conocer la verdad"},"content":{"rendered":"<p><img src=\"http:\/\/hoycordobaweb.com\/wp-content\/uploads\/2022\/05\/a-15-anos-de-su-desaparicion-sus-padres-consideran-esencial-conocer-la-verdad.jpg\"><\/p>\n<figure class=\"mb-3\"><img loading=\"lazy\" src=\"http:\/\/hoycordobaweb.com\/wp-content\/uploads\/2022\/05\/a-15-anos-de-su-desaparicion-sus-padres-consideran-esencial-conocer-la-verdad-2.jpg\" width=\"100%\" height=\"100%\" alt=\"La fiscala portuguesa anunci que solicit imputar a un hombre en Alemania Foto AFP\"><figcaption> La fiscal\u00eda portuguesa anunci\u00f3 que solicit\u00f3 imputar a un hombre en Alemania. (Foto AFP). <\/figcaption><\/figure>\n<p>Quince a\u00f1os despu\u00e9s de la desaparici\u00f3n de la ni\u00f1a brit\u00e1nica Madeleine McCann en Portugal, sus padres consideraron \u00abesencial\u00bb conocer \u00abla verdad\u00bb sobre este caso.<\/p>\n<p>\u00abSea cual sea el resultado, Madeleine siempre ser\u00e1 nuestra hija y se ha cometido un crimen verdaderamente horrible\u00bb, escribieron Kate y Gerry McCann en una p\u00e1gina de Facebook dedicada a la b\u00fasqueda de \u00abMaddie\u00bb, desaparecida desde el 3 de mayo de 2007.<\/p>\n<p>En ese marco, a\u00f1adieron: <strong>\u00abEs cierto que la incertidumbre engendra debilidad; el conocimiento y la certeza dan fuerza y por eso nuestra necesidad de respuestas, de la verdad, es esencial\u00bb.<\/strong><\/p>\n<p>Los padres destacaron que este 15\u00ba aniversario no fue \u00abm\u00e1s dif\u00edcil que otros, pero tampoco m\u00e1s f\u00e1cil\u00bb.<\/p>\n<p>Madeleine McCann, a la que la prensa brit\u00e1nica se refiere como \u00abMaddie\u00bb, <strong>desapareci\u00f3 en 2007 poco antes de su cuarto cumplea\u00f1os, en Praia da Luz, un balneario de la regi\u00f3n del Algarve, donde estaba de vacaciones con su familia.<\/strong><\/p>\n<p><strong>Su desaparici\u00f3n dio lugar a una extraordinaria campa\u00f1a internacional de sus padres para intentar encontrarla<\/strong> y las fotos de la peque\u00f1a Maddie, con su pelo casta\u00f1o y sus grandes ojos claros, dieron la vuelta al mundo, rese\u00f1\u00f3 la agencia de noticias AFP.<\/p>\n<p>\u00abAgradecemos el trabajo y el compromiso constante de las autoridades brit\u00e1nicas, portuguesas y alemanas, porque son estos esfuerzos policiales conjuntos los que dar\u00e1n resultados y nos aportar\u00e1n las respuestas\u00bb, subrayaron los padres de Maddie.<\/p>\n<p>El 22 de abril, la fiscal\u00eda portuguesa anunci\u00f3 que solicit\u00f3 imputar a un hombre en Alemania, sin precisar su identidad ni la naturaleza de las sospechas que pesan sobre \u00e9l, en el marco de una investigaci\u00f3n sobre la desaparici\u00f3n de Maddie realizada \u00aben cooperaci\u00f3n con las autoridades inglesas y alemanas\u00bb. <\/p>\n","protected":false},"excerpt":{"rendered":"<p>La fiscal\u00eda portuguesa anunci\u00f3 que solicit\u00f3 imputar a un hombre en Alemania. (Foto AFP). Quince a\u00f1os despu\u00e9s de la desaparici\u00f3n de la ni\u00f1a brit\u00e1nica Madeleine McCann en Portugal, sus padres consideraron \u00abesencial\u00bb conocer \u00abla verdad\u00bb sobre este caso. \u00abSea cual sea el resultado, Madeleine siempre ser\u00e1 nuestra hija y se ha cometido un crimen verdaderamente [&hellip;]<\/p>\n","protected":false},"author":1,"featured_media":40955,"comment_status":"open","ping_status":"closed","sticky":false,"template":"","format":"standard","meta":[],"categories":[19],"tags":[],"_links":{"self":[{"href":"http:\/\/hoycordobaweb.com\/index.php\/wp-json\/wp\/v2\/posts\/40954"}],"collection":[{"href":"http:\/\/hoycordobaweb.com\/index.php\/wp-json\/wp\/v2\/posts"}],"about":[{"href":"http:\/\/hoycordobaweb.com\/index.php\/wp-json\/wp\/v2\/types\/post"}],"author":[{"embeddable":true,"href":"http:\/\/hoycordobaweb.com\/index.php\/wp-json\/wp\/v2\/users\/1"}],"replies":[{"embeddable":true,"href":"http:\/\/hoycordobaweb.com\/index.php\/wp-json\/wp\/v2\/comments?post=40954"}],"version-history":[{"count":0,"href":"http:\/\/hoycordobaweb.com\/index.php\/wp-json\/wp\/v2\/posts\/40954\/revisions"}],"wp:featuredmedia":[{"embeddable":true,"href":"http:\/\/hoycordobaweb.com\/index.php\/wp-json\/wp\/v2\/media\/40955"}],"wp:attachment":[{"href":"http:\/\/hoycordobaweb.com\/index.php\/wp-json\/wp\/v2\/media?parent=40954"}],"wp:term":[{"taxonomy":"category","embeddable":true,"href":"http:\/\/hoycordobaweb.com\/index.php\/wp-json\/wp\/v2\/categories?post=40954"},{"taxonomy":"post_tag","embeddable":true,"href":"http:\/\/hoycordobaweb.com\/index.php\/wp-json\/wp\/v2\/tags?post=40954"}],"curies":[{"name":"wp","href":"https:\/\/api.w.org\/{rel}","templated":true}]}}