{"id":40940,"date":"2022-05-02T23:28:33","date_gmt":"2022-05-02T23:28:33","guid":{"rendered":"https:\/\/www.ole.com.ar\/futbol-internacional\/tondela-pacos-ferreira-rafael-barbosa_0_2NkqJYNQTJ.html"},"modified":"2022-05-02T23:28:33","modified_gmt":"2022-05-02T23:28:33","slug":"video-cotiza-para-el-no-gol-del-ano","status":"publish","type":"post","link":"http:\/\/hoycordobaweb.com\/index.php\/2022\/05\/02\/video-cotiza-para-el-no-gol-del-ano\/","title":{"rendered":"Video: cotiza para el no gol del a\u00f1o"},"content":{"rendered":"<p><img src=\"http:\/\/hoycordobaweb.com\/wp-content\/uploads\/2022\/05\/video-cotiza-para-el-no-gol-del-ano.jpg\"><\/p>\n<p><strong>Rafael Barbosa <\/strong>es un delantero portugu\u00e9s de 26 a\u00f1os que surgi\u00f3 del Sporting Lisboa y que desde 2020 juega en el Tondela, uno de los clubes chicos de la Primera Divisi\u00f3n del pa\u00eds. Este lunes su imagen se viraliz\u00f3 por todo el pa\u00eds por un incre\u00edble gol que se perdi\u00f3 contra Pacos Ferreira, un ex equipo. <strong>Totalmente libre, demor\u00f3 en definir y le dio al palo.<\/strong><\/p>\n<h2><strong>Mir\u00e1 el video<\/strong><\/h2>\n<p>\u200bEl t\u00e9cnico, Nuno Campos, lo reemplaz\u00f3 nueve minutos despu\u00e9s en lugar del espa\u00f1ol Javier Avil\u00e9s. El partido termin\u00f3 1 a 1 porque Pacos Ferreira consigui\u00f3 el empate cerca del final. El Tondela est\u00e1 apenas un punto por encima del Moirerense, equipo que se ubica en zona de descenso.<\/p>\n<div class=\"sp__SM\">\n<div class=\"content-new \">\n<span class=\"tit-mobile\">Mir\u00e1 tambi\u00e9n<\/span><\/p>\n<div class=\"mg\">\n<div class=\"wrap-figure\">\n<picture>\n<a href=\"https:\/\/www.ole.com.ar\/futbol-internacional\/guido-rodriguez-betis-getafe_0_oYUkUvvDO1.html\" target=\"_self\" rel=\"noopener noreferrer\"><br \/>\n<img class=\"img-responsive\" alt=\"La hinchada volvi\u00f3 a pedir por Guido...\" src=\"http:\/\/hoycordobaweb.com\/wp-content\/uploads\/2022\/05\/video-cotiza-para-el-no-gol-del-ano-2.jpg\" loading=\"lazy\"><br \/>\n<\/a>\n<\/picture>\n<\/div>\n<\/div><\/div>\n<\/div>\n<div class=\"sp__SM\">\n<div class=\"content-new \">\n<span class=\"tit-mobile\">Mir\u00e1 tambi\u00e9n<\/span><\/p>\n<div class=\"mg\">\n<div class=\"wrap-figure\">\n<picture>\n<a href=\"https:\/\/www.ole.com.ar\/futbol-internacional\/ceara-bronca-rojo-sudamericana-fiesta_0_zEYQuG39aO.html\" target=\"_self\" rel=\"noopener noreferrer\"><br \/>\n<img class=\"img-responsive\" alt=\"Bronca en Cear\u00e1, \u00faltimo rival del Rojo\" src=\"http:\/\/hoycordobaweb.com\/wp-content\/uploads\/2022\/05\/video-cotiza-para-el-no-gol-del-ano-3.jpg\" loading=\"lazy\"><br \/>\n<\/a>\n<\/picture>\n<\/div>\n<\/div><\/div>\n<\/div>\n<p><opta-widget sport=\"football\" widget=\"timeline\" competition=\"99\" season=\"2021\" match=\"2226142\" template=\"normal\" live=\"true\" orientation=\"horizontal\" vertical_timebar_height=\"260\" show_match_header=\"true\" show_score=\"true\" show_crests=\"true\" show_assists=\"all\" show_team_formation=\"true\" show_clock=\"true\" show_period_dividers=\"true\" show_halftime_score=\"false\" show_date=\"true\" date_format=\"dddd D MMMM YYYY\" show_attendance=\"true\" show_images=\"true\" show_referee=\"true\" show_venue=\"true\" show_cards=\"all\" show_goals=\"true\" show_penalties_missed=\"true\" show_subs=\"false\" show_goals_combined=\"false\" show_shootouts=\"false\" show_competition_name=\"true\" competition_naming=\"full\" team_naming=\"full\" player_naming=\"full\" show_live=\"true\" show_logo=\"false\" show_title=\"true\" breakpoints=\"400, 700\"><\/opta-widget><opta-widget sport=\"football\" widget=\"matchstats\" competition=\"99\" season=\"2021\" match=\"2226142\" template=\"lineups\" live=\"true\" side=\"both\" column_count=\"1\" side_by_side=\"true\" show_match_header=\"true\" show_score=\"true\" show_halftime_score=\"false\" show_crests=\"false\" show_team_formation=\"true\" show_competition_name=\"true\" show_date=\"false\" date_format=\"dddd D MMMM YYYY\" order_by=\"position\" group_by_position=\"false\" show_position=\"true\" show_images=\"false\" show_key=\"false\" show_starters=\"true\" show_goalkeepers=\"true\" show_defenders=\"true\" show_midfielders=\"true\" show_forwards=\"true\" show_subs=\"true\" show_unused_subs=\"false\" show_managers=\"true\" show_captain=\"false\" show_match_events=\"true\" competition_naming=\"full\" team_naming=\"full\" player_naming=\"full\" show_live=\"false\" show_logo=\"false\" show_title=\"true\" breakpoints=\"400, 700\"><\/opta-widget><opta-widget widget=\"commentary\" competition=\"99\" season=\"2021\" match=\"2226142\" template=\"normal\" live=\"true\" data_type=\"auto\" order_by=\"time_descending\" show_event_icons=\"true\" show_minor_events=\"true\" fixed_height_comments=\"300\" show_live=\"true\" show_logo=\"false\" show_title=\"true\" breakpoints=\"400\" sport=\"football\"><\/opta-widget><opta-widget sport=\"football\" widget=\"heatmap\" competition=\"99\" season=\"2021\" match=\"2226142\" preselected_player template=\"normal\" live=\"true\" show_maps=\"all\" orientation=\"horizontal\" side=\"both\" dimension=\"2D\" one_direction=\"false\" show_match_header=\"true\" show_score=\"true\" show_halftime_score=\"false\" show_crests=\"false\" show_team_formation=\"true\" show_competition_name=\"true\" show_date=\"true\" date_format=\"dddd D MMMM YYYY\" show_team_sheets=\"true\" show_subs=\"true\" show_position=\"true\" show_timecontrols=\"true\" show_timecontrols_buttons=\"true\" show_timecontrols_bar=\"true\" show_tooltips=\"false\" competition_naming=\"full\" team_naming=\"full\" player_naming=\"full\" show_logo=\"false\" show_title=\"true\" breakpoints=\"400, 700\"><\/opta-widget><opta-widget widget=\"standings\" competition=\"99\" season=\"2021\" template=\"normal\" live=\"true\" default_nav=\"1\" side=\"combined\" data_detail=\"default\" show_key=\"true\" show_crests=\"true\" points_in_first_column=\"true\" lose_before_draw=\"false\" competition_naming=\"full\" team_naming=\"full\" date_format=\"dddd D MMMM YYYY\" sorting=\"false\" show_live=\"false\" show_relegation_average=\"true\" show_logo=\"true\" show_title=\"true\" breakpoints=\"382\" sport=\"football\"><\/opta-widget> <\/p>\n<div class=\"entry-tags\">\n<h2>TEMAS QUE APARECEN EN ESTA NOTA<\/h2>\n<\/p><\/div>\n","protected":false},"excerpt":{"rendered":"<p>Rafael Barbosa es un delantero portugu\u00e9s de 26 a\u00f1os que surgi\u00f3 del Sporting Lisboa y que desde 2020 juega en el Tondela, uno de los clubes chicos de la Primera Divisi\u00f3n del pa\u00eds. Este lunes su imagen se viraliz\u00f3 por todo el pa\u00eds por un incre\u00edble gol que se perdi\u00f3 contra Pacos Ferreira, un ex [&hellip;]<\/p>\n","protected":false},"author":1,"featured_media":40941,"comment_status":"open","ping_status":"closed","sticky":false,"template":"","format":"standard","meta":[],"categories":[16],"tags":[],"_links":{"self":[{"href":"http:\/\/hoycordobaweb.com\/index.php\/wp-json\/wp\/v2\/posts\/40940"}],"collection":[{"href":"http:\/\/hoycordobaweb.com\/index.php\/wp-json\/wp\/v2\/posts"}],"about":[{"href":"http:\/\/hoycordobaweb.com\/index.php\/wp-json\/wp\/v2\/types\/post"}],"author":[{"embeddable":true,"href":"http:\/\/hoycordobaweb.com\/index.php\/wp-json\/wp\/v2\/users\/1"}],"replies":[{"embeddable":true,"href":"http:\/\/hoycordobaweb.com\/index.php\/wp-json\/wp\/v2\/comments?post=40940"}],"version-history":[{"count":0,"href":"http:\/\/hoycordobaweb.com\/index.php\/wp-json\/wp\/v2\/posts\/40940\/revisions"}],"wp:featuredmedia":[{"embeddable":true,"href":"http:\/\/hoycordobaweb.com\/index.php\/wp-json\/wp\/v2\/media\/40941"}],"wp:attachment":[{"href":"http:\/\/hoycordobaweb.com\/index.php\/wp-json\/wp\/v2\/media?parent=40940"}],"wp:term":[{"taxonomy":"category","embeddable":true,"href":"http:\/\/hoycordobaweb.com\/index.php\/wp-json\/wp\/v2\/categories?post=40940"},{"taxonomy":"post_tag","embeddable":true,"href":"http:\/\/hoycordobaweb.com\/index.php\/wp-json\/wp\/v2\/tags?post=40940"}],"curies":[{"name":"wp","href":"https:\/\/api.w.org\/{rel}","templated":true}]}}