{"id":40938,"date":"2022-05-03T01:52:10","date_gmt":"2022-05-03T01:52:10","guid":{"rendered":"https:\/\/www.ole.com.ar\/futbol-internacional\/calleri-santos-gol-san-pablo_0_A2NsoO59y4.html"},"modified":"2022-05-03T01:52:10","modified_gmt":"2022-05-03T01:52:10","slug":"calleri-la-metio-en-el-clasico-ante-santos","status":"publish","type":"post","link":"http:\/\/hoycordobaweb.com\/index.php\/2022\/05\/03\/calleri-la-metio-en-el-clasico-ante-santos\/","title":{"rendered":"Calleri la meti\u00f3 en el cl\u00e1sico ante Santos"},"content":{"rendered":"<p><img src=\"http:\/\/hoycordobaweb.com\/wp-content\/uploads\/2022\/05\/calleri-la-metio-en-el-clasico-ante-santos.jpg\"><\/p>\n<p><strong><a alt=\"jonathan-calleri\" class=\"slug\" href=\"https:\/\/www.ole.com.ar\/tema\/jonathan-calleri.html\" target=\"_blank\" title=\"jonathan-calleri\" rel=\"noopener noreferrer\">Jonathan Calleri <\/a><\/strong>ratific\u00f3 su buen momento en el San Pablo. <strong>El argentino marc\u00f3 el primer gol ante el Santos en el Morumb\u00ed, el 1 a 0 en la victoria 2 a 1<\/strong>, por el <a alt=\"brasileirao\" class=\"slug\" href=\"https:\/\/www.ole.com.ar\/tema\/brasileirao.html\" target=\"_blank\" title=\"brasileirao\" rel=\"noopener noreferrer\">Brasileirao<\/a>. As\u00ed, Jony reforz\u00f3 su cari\u00f1o con la torcida, que valor\u00f3 su buena prestaci\u00f3n ante los rivales cl\u00e1sicos: ya lleva dos tantos contra Palmeiras, contra el Corinthians y contra el Peixe desde que regres\u00f3 al club.<\/p>\n<p>Jony la meti\u00f3 de cabeza a los nueve minutos del primer tiempo, la primera chance que tuvo, tras un centro de Patrick. En el segundo tiempo, ya en un juego&nbsp;mucho m\u00e1s luchado, tuvo m\u00e1s complicaciones para definir, pero se le destac\u00f3 su esfuerzo.<\/p>\n<p>El partido fue muy tenso. Leonardo empat\u00f3 sobre el final del primer tiempo. En el segundo, el \u00e1rbitro Leandro Vuaden sancion\u00f3 penal con la asistencia del VAR, para verificar que la pelota hab\u00eda tocado en el brazo de Rodrigo Fern\u00e1ndez. Luciano marc\u00f3 el 2 a 1. <mark>Hubo mucha bronca del t\u00e9cnico argentino Fabi\u00e1n Bustos por la decisi\u00f3n arbitral<\/mark>, ya que reclamaban un lateral en la jugada previa.<\/p>\n<div class=\"sp__Normal\">\n<div class=\"image-embeb image-trigger\">\n<picture><source media=\"(min-width: 720px)\" srcset=\"http:\/\/hoycordobaweb.com\/wp-content\/uploads\/2022\/05\/calleri-la-metio-en-el-clasico-ante-santos-2.jpg\"><img itemprop=\"image\" src=\"http:\/\/hoycordobaweb.com\/wp-content\/uploads\/2022\/05\/calleri-la-metio-en-el-clasico-ante-santos-2.jpg\" loading=\"lazy\" alt=\"El gol de Calleri.\">\n<\/picture><figcaption>\n<p>El gol de Calleri.\n<\/p>\n<\/figcaption><\/div>\n<\/div>\n<p><strong>Calleri qued\u00f3 como goleador del torneo, con cuatro tantos en cuatro fechas,<\/strong> seguido por Roger Guedes, del Corinthians, con tres.<\/p>\n<div class=\"sp__SM\">\n<div class=\"content-new \">\n<span class=\"tit-mobile\">Mir\u00e1 tambi\u00e9n<\/span><\/p>\n<div class=\"mg\">\n<div class=\"wrap-figure\">\n<picture>\n<a href=\"https:\/\/www.ole.com.ar\/futbol-internacional\/tondela-pacos-ferreira-rafael-barbosa_0_2NkqJYNQTJ.html\" target=\"_self\" rel=\"noopener noreferrer\"><br \/>\n<img class=\"img-responsive\" alt=\"Video: cotiza para el no gol del a\u00f1o\" src=\"http:\/\/hoycordobaweb.com\/wp-content\/uploads\/2022\/05\/calleri-la-metio-en-el-clasico-ante-santos-3.jpg\" loading=\"lazy\"><br \/>\n<\/a>\n<\/picture>\n<\/div>\n<\/div><\/div>\n<\/div>\n<p>Las posiciones son: Corinthians 9; Bragantino y Atl\u00e9tico Mineiro 8; Coritiba, San Pablo, Cuiab\u00e1, Inter,Avai&nbsp;y Santos 7.<\/p>\n<h2><strong>Mir\u00e1 el gol<\/strong><\/h2>\n<div class=\"sp__SM\">\n<div class=\"content-new \">\n<span class=\"tit-mobile\">Mir\u00e1 tambi\u00e9n<\/span><\/p>\n<div class=\"mg\">\n<div class=\"wrap-figure\">\n<picture>\n<a href=\"https:\/\/www.ole.com.ar\/futbol-internacional\/libertadores\/libertadores-posiciones-grupo-partidos_0_aSbXE0UNPF.html\" target=\"_self\" rel=\"noopener noreferrer\"><br \/>\n<img class=\"img-responsive\" alt=\"Copa Libertadores: posiciones grupo por grupo y los partidos de la semana\" src=\"http:\/\/hoycordobaweb.com\/wp-content\/uploads\/2022\/05\/calleri-la-metio-en-el-clasico-ante-santos-4.jpg\" loading=\"lazy\"><br \/>\n<\/a>\n<\/picture>\n<\/div>\n<\/div><\/div>\n<\/div>\n<div class=\"sp__Normal\">\n<div class=\"image-embeb image-trigger\" readability=\"6\">\n<picture><source media=\"(min-width: 720px)\" srcset=\"http:\/\/hoycordobaweb.com\/wp-content\/uploads\/2022\/05\/calleri-la-metio-en-el-clasico-ante-santos-5.jpg\"><img itemprop=\"image\" src=\"http:\/\/hoycordobaweb.com\/wp-content\/uploads\/2022\/05\/calleri-la-metio-en-el-clasico-ante-santos-5.jpg\" loading=\"lazy\" alt=\"Emiliano Velazquez le comete un foul a Calleri (Reuters).\">\n<\/picture><figcaption readability=\"2\">\n<p>Emiliano Velazquez le comete un foul a Calleri (Reuters).\n<\/p>\n<\/figcaption><\/div>\n<\/div>\n<p><opta-widget sport=\"football\" widget=\"timeline\" competition=\"363\" season=\"2022\" match=\"2276360\" template=\"normal\" live=\"true\" orientation=\"horizontal\" vertical_timebar_height=\"260\" show_match_header=\"true\" show_score=\"true\" show_crests=\"true\" show_assists=\"all\" show_team_formation=\"true\" show_clock=\"true\" show_period_dividers=\"true\" show_halftime_score=\"false\" show_date=\"true\" date_format=\"dddd D MMMM YYYY\" show_attendance=\"true\" show_images=\"true\" show_referee=\"true\" show_venue=\"true\" show_cards=\"all\" show_goals=\"true\" show_penalties_missed=\"true\" show_subs=\"false\" show_goals_combined=\"false\" show_shootouts=\"false\" show_competition_name=\"true\" competition_naming=\"full\" team_naming=\"full\" player_naming=\"full\" show_live=\"true\" show_logo=\"false\" show_title=\"true\" breakpoints=\"400, 700\"><\/opta-widget><opta-widget sport=\"football\" widget=\"matchstats\" competition=\"363\" season=\"2022\" match=\"2276360\" template=\"lineups\" live=\"true\" side=\"both\" column_count=\"1\" side_by_side=\"true\" show_match_header=\"true\" show_score=\"true\" show_halftime_score=\"false\" show_crests=\"false\" show_team_formation=\"true\" show_competition_name=\"true\" show_date=\"false\" date_format=\"dddd D MMMM YYYY\" order_by=\"position\" group_by_position=\"false\" show_position=\"true\" show_images=\"false\" show_key=\"false\" show_starters=\"true\" show_goalkeepers=\"true\" show_defenders=\"true\" show_midfielders=\"true\" show_forwards=\"true\" show_subs=\"true\" show_unused_subs=\"false\" show_managers=\"true\" show_captain=\"false\" show_match_events=\"true\" competition_naming=\"full\" team_naming=\"full\" player_naming=\"full\" show_live=\"false\" show_logo=\"false\" show_title=\"true\" breakpoints=\"400, 700\"><\/opta-widget><opta-widget widget=\"commentary\" competition=\"363\" season=\"2022\" match=\"2276360\" template=\"normal\" live=\"true\" data_type=\"auto\" order_by=\"time_descending\" show_event_icons=\"true\" show_minor_events=\"true\" fixed_height_comments=\"300\" show_live=\"true\" show_logo=\"false\" show_title=\"true\" breakpoints=\"400\" sport=\"football\"><\/opta-widget><opta-widget sport=\"football\" widget=\"heatmap\" competition=\"363\" season=\"2022\" match=\"2276360\" preselected_player template=\"normal\" live=\"true\" show_maps=\"all\" orientation=\"horizontal\" side=\"both\" dimension=\"2D\" one_direction=\"false\" show_match_header=\"true\" show_score=\"true\" show_halftime_score=\"false\" show_crests=\"false\" show_team_formation=\"true\" show_competition_name=\"true\" show_date=\"true\" date_format=\"dddd D MMMM YYYY\" show_team_sheets=\"true\" show_subs=\"true\" show_position=\"true\" show_timecontrols=\"true\" show_timecontrols_buttons=\"true\" show_timecontrols_bar=\"true\" show_tooltips=\"false\" competition_naming=\"full\" team_naming=\"full\" player_naming=\"full\" show_logo=\"false\" show_title=\"true\" breakpoints=\"400, 700\"><\/opta-widget><opta-widget widget=\"standings\" competition=\"363\" season=\"2022\" template=\"normal\" live=\"true\" default_nav=\"1\" side=\"combined\" data_detail=\"default\" show_key=\"true\" show_crests=\"true\" points_in_first_column=\"true\" lose_before_draw=\"false\" competition_naming=\"full\" team_naming=\"full\" date_format=\"dddd D MMMM YYYY\" sorting=\"false\" show_live=\"false\" show_relegation_average=\"true\" show_logo=\"true\" show_title=\"true\" breakpoints=\"382\" sport=\"football\"><\/opta-widget> <\/p>\n<div class=\"entry-tags\">\n<h2>TEMAS QUE APARECEN EN ESTA NOTA<\/h2>\n<\/p><\/div>\n","protected":false},"excerpt":{"rendered":"<p>Jonathan Calleri ratific\u00f3 su buen momento en el San Pablo. El argentino marc\u00f3 el primer gol ante el Santos en el Morumb\u00ed, el 1 a 0 en la victoria 2 a 1, por el Brasileirao. As\u00ed, Jony reforz\u00f3 su cari\u00f1o con la torcida, que valor\u00f3 su buena prestaci\u00f3n ante los rivales cl\u00e1sicos: ya lleva dos [&hellip;]<\/p>\n","protected":false},"author":1,"featured_media":40939,"comment_status":"open","ping_status":"closed","sticky":false,"template":"","format":"standard","meta":[],"categories":[16],"tags":[],"_links":{"self":[{"href":"http:\/\/hoycordobaweb.com\/index.php\/wp-json\/wp\/v2\/posts\/40938"}],"collection":[{"href":"http:\/\/hoycordobaweb.com\/index.php\/wp-json\/wp\/v2\/posts"}],"about":[{"href":"http:\/\/hoycordobaweb.com\/index.php\/wp-json\/wp\/v2\/types\/post"}],"author":[{"embeddable":true,"href":"http:\/\/hoycordobaweb.com\/index.php\/wp-json\/wp\/v2\/users\/1"}],"replies":[{"embeddable":true,"href":"http:\/\/hoycordobaweb.com\/index.php\/wp-json\/wp\/v2\/comments?post=40938"}],"version-history":[{"count":0,"href":"http:\/\/hoycordobaweb.com\/index.php\/wp-json\/wp\/v2\/posts\/40938\/revisions"}],"wp:featuredmedia":[{"embeddable":true,"href":"http:\/\/hoycordobaweb.com\/index.php\/wp-json\/wp\/v2\/media\/40939"}],"wp:attachment":[{"href":"http:\/\/hoycordobaweb.com\/index.php\/wp-json\/wp\/v2\/media?parent=40938"}],"wp:term":[{"taxonomy":"category","embeddable":true,"href":"http:\/\/hoycordobaweb.com\/index.php\/wp-json\/wp\/v2\/categories?post=40938"},{"taxonomy":"post_tag","embeddable":true,"href":"http:\/\/hoycordobaweb.com\/index.php\/wp-json\/wp\/v2\/tags?post=40938"}],"curies":[{"name":"wp","href":"https:\/\/api.w.org\/{rel}","templated":true}]}}