{"id":40936,"date":"2022-05-03T09:01:37","date_gmt":"2022-05-03T09:01:37","guid":{"rendered":"https:\/\/www.ole.com.ar\/futbol-internacional\/sudamericana\/caballero-independiente-sudamericana-tv_0_mnKQ09Dw2N.html"},"modified":"2022-05-03T09:01:37","modified_gmt":"2022-05-03T09:01:37","slug":"general-caballero-independiente-hora-formaciones-y-tv","status":"publish","type":"post","link":"http:\/\/hoycordobaweb.com\/index.php\/2022\/05\/03\/general-caballero-independiente-hora-formaciones-y-tv\/","title":{"rendered":"General Caballero &#8211; Independiente: hora, formaciones y TV"},"content":{"rendered":"<p><img src=\"http:\/\/hoycordobaweb.com\/wp-content\/uploads\/2022\/05\/general-caballero-independiente-hora-formaciones-y-tv.jpg\"><\/p>\n<p><strong>Ganar para que no se te escapen. <\/strong>Esa fue la premisa con la que <a alt=\"club-atletico-independiente\" class=\"slug\" href=\"https:\/\/www.ole.com.ar\/tema\/club-atletico-independiente.html\" target=\"_blank\" title=\"club-atletico-independiente\" rel=\"noopener noreferrer\">Independiente<\/a> viaj\u00f3 a Venezuela la semana pasada y sali\u00f3 airoso. Pero el l\u00edder Cear\u00e1 no afloj\u00f3 y <strong>la previa de esta visita a General Caballero se torn\u00f3 un calco a la del partido contra La Guaira; con las mismas presiones y obligaciones. <\/strong><\/p>\n<p><strong>\u200b<\/strong>El Rojo necesita sumar de a tres s\u00ed o s\u00ed para seguir con chances reales en su grupo de <a alt=\"copa-sudamericana\" class=\"slug\" href=\"https:\/\/www.ole.com.ar\/tema\/copa-sudamericana.html\" target=\"_blank\" title=\"copa-sudamericana\" rel=\"noopener noreferrer\">Copa Sudamericana<\/a> y, como verdaderamente se juega mucho, te invitamos a que tomes nota de lo que deb\u00e9s saber acerca de este duelo: <strong>horario, televisaci\u00f3n y probables formaciones de ambos equipos. <\/strong><\/p>\n<div class=\"sp__Normal\">\n<div class=\"image-embeb image-trigger\" readability=\"6.5\">\n<picture><source media=\"(min-width: 720px)\" srcset=\"http:\/\/hoycordobaweb.com\/wp-content\/uploads\/2022\/05\/general-caballero-independiente-hora-formaciones-y-tv-2.jpg\"><img itemprop=\"image\" src=\"http:\/\/hoycordobaweb.com\/wp-content\/uploads\/2022\/05\/general-caballero-independiente-hora-formaciones-y-tv-2.jpg\" loading=\"lazy\" alt=\"El Rojo visita a General Caballero por la jornada 4 de la fase de grupos de la Sudamericana. Foto: Fernando de la Orden \/ CLARIN.\">\n<\/picture><figcaption readability=\"3\">\n<p>El Rojo visita a General Caballero por la jornada 4 de la fase de grupos de la Sudamericana. Foto: Fernando de la Orden \/ CLARIN.\n<\/p>\n<\/figcaption><\/div>\n<\/div>\n<h2><strong>\u200b\u00bfA QU\u00c9 HORA JUEGAN GRAL. CABALLERO &#8211; INDEPENDIENTE?<\/strong><\/h2>\n<p><mark>\u200bA las 21.30 (de Argentina),<\/mark> en el Defensores del Chaco, por la cuarta fecha de la fase de grupos. El \u00e1rbitro principal ser\u00e1 el chileno <strong>Nicol\u00e1s Gamboa. <\/strong>Vale recordar que en la fase de grupos de la Sudamericana<strong> no hay VAR.&nbsp;<\/strong><\/p>\n<h2><strong>\u00bfD\u00d3NDE VER GRAL. CABALLERO &#8211; INDEPENDIENTE?\u200b<\/strong><\/h2>\n<p>\u200bLo televisar\u00e1 <strong>ESPN. <\/strong>Igualmente, vas a poder hacer el seguimiento en vivo del partido a trav\u00e9s de la p\u00e1gina web de<strong> Ol\u00e9.&nbsp;<\/strong><\/p>\n<div class=\"sp__SM\">\n<div class=\"content-new \">\n<span class=\"tit-mobile\">Mir\u00e1 tambi\u00e9n<\/span><\/p>\n<div class=\"mg\">\n<div class=\"wrap-figure\">\n<picture>\n<a href=\"https:\/\/www.ole.com.ar\/futbol-internacional\/ceara-bronca-rojo-sudamericana-fiesta_0_zEYQuG39aO.html\" target=\"_self\" rel=\"noopener noreferrer\"><br \/>\n<img class=\"img-responsive\" alt=\"Bronca en Cear\u00e1, \u00faltimo rival del Rojo\" src=\"http:\/\/hoycordobaweb.com\/wp-content\/uploads\/2022\/05\/general-caballero-independiente-hora-formaciones-y-tv-3.jpg\" loading=\"lazy\"><br \/>\n<\/a>\n<\/picture>\n<\/div>\n<\/div><\/div>\n<\/div>\n<h2><strong>\u00bfC\u00d3MO VIENE GENERAL CABALLERO?\u200b<\/strong><\/h2>\n<p>\u200b<strong>Sum\u00f3 un solo punto en las primeras tres fechas de la Sudamericana, est\u00e1 ante\u00faltimo en el Apertura de Paraguay&nbsp;y perdi\u00f3 los tres partidos que lleva con su nuevo DT al mando <\/strong>(el cordob\u00e9s Luciano Theiler). Es dif\u00edcil tener un panorama m\u00e1s desolador que este.&nbsp;<\/p>\n<div class=\"sp__Normal\">\n<div class=\"image-embeb image-trigger\" readability=\"6\">\n<picture><source media=\"(min-width: 720px)\" srcset=\"http:\/\/hoycordobaweb.com\/wp-content\/uploads\/2022\/05\/general-caballero-independiente-hora-formaciones-y-tv-4.jpg\"><img itemprop=\"image\" src=\"http:\/\/hoycordobaweb.com\/wp-content\/uploads\/2022\/05\/general-caballero-independiente-hora-formaciones-y-tv-4.jpg\" loading=\"lazy\" alt=\"Los paraguayos a\u00fan no conocen la victoria en este certamen. Foto: ALEJANDRO PAGNI \/ AFP.\">\n<\/picture><figcaption readability=\"2\">\n<p>Los paraguayos a\u00fan no conocen la victoria en este certamen. Foto: ALEJANDRO PAGNI \/ AFP.\n<\/p>\n<\/figcaption><\/div>\n<\/div>\n<p>\u00abSi comparamos el rendimiento del equipo en el \u00faltimo partido y lo comparamos con los dos anteriores, estamos mejorando y creciendo; hemos mejorado bastante. Llevamos siete u ocho entrenamientos, son muy pocos. Sobre esto que estamos haciendo, hay que seguir edificando y seguramente los resultados van a llegar\u00bb, fue el an\u00e1lisis que hizo Theiler, despu\u00e9s de la derrota del s\u00e1bado 0-1 ante Libertad, sobre d\u00f3nde est\u00e1 parado su equipo.<\/p>\n<p>Dentro del plantel de General Caballero, se encuentran los argentinos Santiago Bustos, Leandro Corulo, Juan Heinze, Miguel Escobar y Guillermo Hauche.&nbsp;<\/p>\n<h2><strong>\u00bfC\u00d3MO LLEGA INDEPENDIENTE?\u200b<\/strong><\/h2>\n<p><strong>\u200b<\/strong>De capa ca\u00edda y muy urgido. <a data-cke-saved-href=\"https:\/\/www.ole.com.ar\/futbol-primera\/copa-liga-independiente-lanus-fecha_0_PGLr5VDr4p.html\" target=\"_blank\" href=\"https:\/\/www.ole.com.ar\/futbol-primera\/copa-liga-independiente-lanus-fecha_0_PGLr5VDr4p.html\" rel=\"noopener noreferrer\">El fin de semana pasado volvi\u00f3 a perder (0-1 frente a Lan\u00fas)<\/a> por la Copa de la Liga y <a alt=\"eduardo-dominguez\" class=\"slug\" href=\"https:\/\/www.ole.com.ar\/tema\/eduardo-dominguez.html\" target=\"_blank\" title=\"eduardo-dominguez\" rel=\"noopener noreferrer\">Eduardo Dom\u00ednguez <\/a>sigue sin poder encontrar el equipo. Tambi\u00e9n es cierto que rot\u00f3 mucho en ese partido contra el Granate,<strong> <a data-cke-saved-href=\"https:\/\/www.ole.com.ar\/independiente\/independiente-sudamericana_0_5zQlsD97LG.html\" target=\"_blank\" href=\"https:\/\/www.ole.com.ar\/independiente\/independiente-sudamericana_0_5zQlsD97LG.html\" rel=\"noopener noreferrer\">por lo que en esta visita a Paraguay habr\u00e1 al menos nueve cambios con respecto al \u00faltimo once que par\u00f3. <\/a><\/strong><\/p>\n<div class=\"sp__Normal\">\n<div class=\"image-embeb image-trigger\" readability=\"6\">\n<picture><source media=\"(min-width: 720px)\" srcset=\"http:\/\/hoycordobaweb.com\/wp-content\/uploads\/2022\/05\/general-caballero-independiente-hora-formaciones-y-tv-5.jpg\"><img itemprop=\"image\" src=\"http:\/\/hoycordobaweb.com\/wp-content\/uploads\/2022\/05\/general-caballero-independiente-hora-formaciones-y-tv-5.jpg\" loading=\"lazy\" alt=\"Lan\u00fas se lo gan\u00f3 al Rojo sobre la hora.\">\n<\/picture><figcaption readability=\"2\">\n<p>Lan\u00fas se lo gan\u00f3 al Rojo sobre la hora.\n<\/p>\n<\/figcaption><\/div>\n<\/div>\n<p>\u200bLa defensa ser\u00e1 cambiada por completo y contar\u00e1 con los retornos de<strong> Gonzalo As\u00eds, Sergio Barreto, Juan Insaurralde y Lucas Rodr\u00edguez.<\/strong> Por su parte,<strong> Domingo Blanco y Lucas Romero <\/strong>estar\u00e1n en la mitad de la cancha.<strong> <\/strong>Mientras que<strong> Tom\u00e1s Pozzo y Alan So\u00f1ora <\/strong>ir\u00e1n desde el inicio en ofensiva.<strong> Tras la baja de \u00faltimo momento de Leandro Benegas por un s\u00edndrome vertiginoso, el DT meter\u00eda a Dami\u00e1n Batallini<\/strong> en su lugar.<\/p>\n<div class=\"sp__Normal\">\n<div class=\"image-embeb image-trigger\" readability=\"6\">\n<picture><source media=\"(min-width: 720px)\" srcset=\"http:\/\/hoycordobaweb.com\/wp-content\/uploads\/2022\/05\/general-caballero-independiente-hora-formaciones-y-tv-6.jpg\"><img itemprop=\"image\" src=\"http:\/\/hoycordobaweb.com\/wp-content\/uploads\/2022\/05\/general-caballero-independiente-hora-formaciones-y-tv-6.jpg\" loading=\"lazy\" alt=\"Eduardo Dom\u00ednguez mete mano en el equipo. Foto: Fotobaires.\">\n<\/picture><figcaption readability=\"2\">\n<p>Eduardo Dom\u00ednguez mete mano en el equipo. Foto: Fotobaires.\n<\/p>\n<\/figcaption><\/div>\n<\/div>\n<div class=\"sp__SM\">\n<div class=\"content-new \">\n<span class=\"tit-mobile\">Mir\u00e1 tambi\u00e9n<\/span><\/p>\n<div class=\"mg\">\n<div class=\"wrap-figure\">\n<picture>\n<a href=\"https:\/\/www.ole.com.ar\/independiente\/independiente-sudamericana_0_5zQlsD97LG.html\" target=\"_self\" rel=\"noopener noreferrer\"><br \/>\n<img class=\"img-responsive\" alt=\"Independiente: baja inesperada y cambios masivos\" src=\"http:\/\/hoycordobaweb.com\/wp-content\/uploads\/2022\/05\/general-caballero-independiente-hora-formaciones-y-tv-7.jpg\" loading=\"lazy\"><br \/>\n<\/a>\n<\/picture>\n<\/div>\n<\/div><\/div>\n<\/div>\n<p>Adem\u00e1s de Batallini, <strong>el otro que volvi\u00f3 a formar parte de la n\u00f3mina de convocados es Andr\u00e9s Roa.<\/strong> Los dos se recuperaron de sus respectivas lesiones.<\/p>\n<p><strong>El Rojo est\u00e1 2\u00ba del Grupo G de la Sudamericana<\/strong> con seis unidades, tres menos que Cear\u00e1 que tiene puntaje ideal. La Guaira y General Caballero poseen un punto cada uno.<\/p>\n<div class=\"sp__Normal\">\n<div class=\"image-embeb image-trigger\" readability=\"7.5\">\n<picture><source media=\"(min-width: 720px)\" srcset=\"http:\/\/hoycordobaweb.com\/wp-content\/uploads\/2022\/05\/general-caballero-independiente-hora-formaciones-y-tv-8.jpg\"><img itemprop=\"image\" src=\"http:\/\/hoycordobaweb.com\/wp-content\/uploads\/2022\/05\/general-caballero-independiente-hora-formaciones-y-tv-8.jpg\" loading=\"lazy\" alt=\"Benegas, que meti\u00f3 un gol en el partido jugado en el Libertadores de Am\u00e9rica, se lo pierde. Foto: Fotobaires.\">\n<\/picture><figcaption readability=\"5\">\n<p>Benegas, que meti\u00f3 un gol en el partido jugado en el Libertadores de Am\u00e9rica, se lo pierde. Foto: Fotobaires.\n<\/p>\n<\/figcaption><\/div>\n<\/div>\n<p>El primer partido entre ambos finaliz\u00f3 con victoria de Independiente por 2-0 en Avellaneda (goles de Benegas y So\u00f1ora).<\/p>\n<div class=\"sp__SM\">\n<div class=\"content-new \">\n<span class=\"tit-mobile\">Mir\u00e1 tambi\u00e9n<\/span><\/p>\n<div class=\"mg\">\n<div class=\"wrap-figure\">\n<picture>\n<a href=\"https:\/\/www.ole.com.ar\/independiente\/bochini-sacheri-homenaje_0_1e0gMUj02L.html\" target=\"_self\" rel=\"noopener noreferrer\"><br \/>\n<img class=\"img-responsive\" alt=\"\u00bfPor qu\u00e9 Bochini estar\u00e1 en la cancha de Athletic de Bilbao?\" src=\"http:\/\/hoycordobaweb.com\/wp-content\/uploads\/2022\/05\/general-caballero-independiente-hora-formaciones-y-tv-9.jpg\" loading=\"lazy\"><br \/>\n<\/a>\n<\/picture>\n<\/div>\n<\/div><\/div>\n<\/div>\n<h2><strong>PROBABLES FORMACIONES\u200b<\/strong><\/h2>\n<p><strong>\u200bGeneral Caballero:&nbsp;<\/strong>Gustavo Ar\u00e9valos; Miller Mareco, Junior Barreto, Leandro Corulo y Tom\u00e1s Lezcano; El\u00edas Alfonso, Jos\u00e9 Vera, Luis Fern\u00e1ndez y Guillermo Hauch\u00e9; Junior Marabel y Clementino Gonz\u00e1lez. DT: Luciano Theiler.<\/p>\n<p><strong>Independiente: <\/strong>Sebasti\u00e1n Sosa; Gonzalo As\u00eds, Sergio Barreto, Juan Insaurralde, Lucas Rodr\u00edguez; Domingo Blanco, Lucas Romero; Tom\u00e1s Pozzo, Alan So\u00f1ora, Gast\u00f3n Togni; y Dami\u00e1n Batallini. DT: Eduardo Dom\u00ednguez.<strong>\u200b<\/strong><\/p>\n<div class=\"entry-tags\">\n<h2>TEMAS QUE APARECEN EN ESTA NOTA<\/h2>\n<\/p><\/div>\n","protected":false},"excerpt":{"rendered":"<p>Ganar para que no se te escapen. Esa fue la premisa con la que Independiente viaj\u00f3 a Venezuela la semana pasada y sali\u00f3 airoso. Pero el l\u00edder Cear\u00e1 no afloj\u00f3 y la previa de esta visita a General Caballero se torn\u00f3 un calco a la del partido contra La Guaira; con las mismas presiones y [&hellip;]<\/p>\n","protected":false},"author":1,"featured_media":40937,"comment_status":"open","ping_status":"closed","sticky":false,"template":"","format":"standard","meta":[],"categories":[16],"tags":[],"_links":{"self":[{"href":"http:\/\/hoycordobaweb.com\/index.php\/wp-json\/wp\/v2\/posts\/40936"}],"collection":[{"href":"http:\/\/hoycordobaweb.com\/index.php\/wp-json\/wp\/v2\/posts"}],"about":[{"href":"http:\/\/hoycordobaweb.com\/index.php\/wp-json\/wp\/v2\/types\/post"}],"author":[{"embeddable":true,"href":"http:\/\/hoycordobaweb.com\/index.php\/wp-json\/wp\/v2\/users\/1"}],"replies":[{"embeddable":true,"href":"http:\/\/hoycordobaweb.com\/index.php\/wp-json\/wp\/v2\/comments?post=40936"}],"version-history":[{"count":0,"href":"http:\/\/hoycordobaweb.com\/index.php\/wp-json\/wp\/v2\/posts\/40936\/revisions"}],"wp:featuredmedia":[{"embeddable":true,"href":"http:\/\/hoycordobaweb.com\/index.php\/wp-json\/wp\/v2\/media\/40937"}],"wp:attachment":[{"href":"http:\/\/hoycordobaweb.com\/index.php\/wp-json\/wp\/v2\/media?parent=40936"}],"wp:term":[{"taxonomy":"category","embeddable":true,"href":"http:\/\/hoycordobaweb.com\/index.php\/wp-json\/wp\/v2\/categories?post=40936"},{"taxonomy":"post_tag","embeddable":true,"href":"http:\/\/hoycordobaweb.com\/index.php\/wp-json\/wp\/v2\/tags?post=40936"}],"curies":[{"name":"wp","href":"https:\/\/api.w.org\/{rel}","templated":true}]}}