{"id":40932,"date":"2022-05-03T09:01:39","date_gmt":"2022-05-03T09:01:39","guid":{"rendered":"https:\/\/www.ole.com.ar\/-\/independiente-paz-opinion-franco_0_1EZ5EtSJpi.html"},"modified":"2022-05-03T09:01:39","modified_gmt":"2022-05-03T09:01:39","slug":"el-rojo-necesita-un-poco-de-paz","status":"publish","type":"post","link":"http:\/\/hoycordobaweb.com\/index.php\/2022\/05\/03\/el-rojo-necesita-un-poco-de-paz\/","title":{"rendered":"El Rojo necesita un poco de paz"},"content":{"rendered":"<p><img src=\"http:\/\/hoycordobaweb.com\/wp-content\/uploads\/2022\/05\/el-rojo-necesita-un-poco-de-paz.jpg\"><\/p>\n<p>Este Independiente <strong>vive en una constante monta\u00f1a rusa<\/strong>. Los trofeos gloriosos est\u00e1n ah\u00ed relucientes y estar\u00e1n siempre,<strong> nadie le quitar\u00e1 el lugar del Rey de Copas. Pero hace tiempo que no consigue enderezar el rumbo<\/strong>, que es noticia por deudas impagas, por problemas con t\u00e9cnicos, jugadores y por peleas entre dirigentes.<\/p>\n<div class=\"sp__SM\">\n<div class=\"content-new \">\n<span class=\"tit-mobile\">Mir\u00e1 tambi\u00e9n<\/span><\/p>\n<div class=\"mg\">\n<div class=\"wrap-figure\">\n<picture>\n<a href=\"https:\/\/www.ole.com.ar\/futbol-internacional\/sudamericana\/sudamericana-grupos-partidos_0_dSVeunevdi.html\" target=\"_self\" rel=\"noopener noreferrer\"><br \/>\n<img class=\"img-responsive\" alt=\"Sudamericana: las posiciones grupo por grupo y los partidos de la semana\" src=\"http:\/\/hoycordobaweb.com\/wp-content\/uploads\/2022\/05\/el-rojo-necesita-un-poco-de-paz-2.jpg\" loading=\"lazy\"><br \/>\n<\/a>\n<\/picture>\n<\/div>\n<\/div><\/div>\n<\/div>\n<p><a data-cke-saved-href=\"https:\/\/www.ole.com.ar\/independiente\/flamengo-independiente-final-sudamericana_0_rye0_E1fG.html\" target=\"_blank\" href=\"https:\/\/www.ole.com.ar\/independiente\/flamengo-independiente-final-sudamericana_0_rye0_E1fG.html\" rel=\"noopener noreferrer\">El ciclo Holan, y aquel Maracanazo en el 2017<\/a>,<strong> fue el principio del fin -se hizo todo mal despu\u00e9s de esa gesta- en lugar del de la continuidad de la historia del club.<\/strong> Una historia que en los \u00faltimos 25 a\u00f1os vio pocas vueltas ol\u00edmpicas (una local en el 2002, dos Sudamericanas -2010 y 2017- y la Suruga Bank 2018) y muchas jornadas tristes, como el descenso en el 2013.<strong> La llegada de Eduardo Dom\u00ednguez al banco y de Rolfi Montenegro a la secretar\u00eda t\u00e9cnica pareci\u00f3 ser una gran oportunidad<\/strong> para comenzar a trazar un plan a largo plazo, un plan para volver a ser. En la teor\u00eda fue una buena idea, en la pr\u00e1ctica los resultados empiezan a ponerle piedras en el camino.<\/p>\n<div class=\"sp__SM\">\n<div class=\"content-new \">\n<span class=\"tit-mobile\">Mir\u00e1 tambi\u00e9n<\/span><\/p>\n<div class=\"mg\">\n<div class=\"wrap-figure\">\n<picture>\n<a href=\"https:\/\/www.ole.com.ar\/independiente\/independiente-sudamericana_0_5zQlsD97LG.html\" target=\"_self\" rel=\"noopener noreferrer\"><br \/>\n<img class=\"img-responsive\" alt=\"Independiente: baja inesperada y cambios masivos\" src=\"http:\/\/hoycordobaweb.com\/wp-content\/uploads\/2022\/05\/el-rojo-necesita-un-poco-de-paz-3.jpg\" loading=\"lazy\"><br \/>\n<\/a>\n<\/picture>\n<\/div>\n<\/div><\/div>\n<\/div>\n<p><a data-cke-saved-href=\"https:\/\/www.ole.com.ar\/independiente\/independiente-sudamericana_0_5zQlsD97LG.html\" target=\"_blank\" href=\"https:\/\/www.ole.com.ar\/independiente\/independiente-sudamericana_0_5zQlsD97LG.html\" rel=\"noopener noreferrer\">Esta noche, el Rojo se juega mucho del futuro de la Sudamericana ante el ignoto General Caballero de Paraguay<\/a>.<strong> Necesita ganar para no perderle pisada al l\u00edder Cear\u00e1,<\/strong> ya que solo pasan a octavos en esta Copa los que ganan el grupo y, en estos momentos, Independiente est\u00e1 segundo detr\u00e1s del equipo brasile\u00f1o.<\/p>\n<div class=\"sp__SM\">\n<div class=\"content-new \">\n<span class=\"tit-mobile\">Mir\u00e1 tambi\u00e9n<\/span><\/p>\n<div class=\"mg\">\n<div class=\"wrap-figure\">\n<picture>\n<a href=\"https:\/\/www.ole.com.ar\/futbol-internacional\/ceara-bronca-rojo-sudamericana-fiesta_0_zEYQuG39aO.html\" target=\"_self\" rel=\"noopener noreferrer\"><br \/>\n<img class=\"img-responsive\" alt=\"Bronca en Cear\u00e1, \u00faltimo rival del Rojo\" src=\"http:\/\/hoycordobaweb.com\/wp-content\/uploads\/2022\/05\/el-rojo-necesita-un-poco-de-paz-4.jpg\" loading=\"lazy\"><br \/>\n<\/a>\n<\/picture>\n<\/div>\n<\/div><\/div>\n<\/div>\n<p>El ciclo de Eduardo lleva apenas cinco meses de vida. Arranc\u00f3 con muy buenas sensaciones, con una propuesta ofensiva, con el deseo de volver al paladar hist\u00f3rico, luego de un equipo de Falcioni que sum\u00f3 mucho y gust\u00f3 poco.<strong> Es verdad que el Rojo no cuenta con un plantel de s\u00faper jerarqu\u00eda, aunque tampoco con uno para estar peleando los \u00faltimos puestos de la Zona B de la Copa de la Liga, como est\u00e1 sucediendo.<\/strong><\/p>\n<div class=\"sp__SM\">\n<div class=\"content-new \">\n<span class=\"tit-mobile\">Mir\u00e1 tambi\u00e9n<\/span><\/p>\n<div class=\"mg\">\n<div class=\"wrap-figure\">\n<picture>\n<a href=\"https:\/\/www.ole.com.ar\/independiente\/independiente-tinelli-moyano_0_11guPcUjNF.html\" target=\"_self\" rel=\"noopener noreferrer\"><br \/>\n<img class=\"img-responsive\" alt=\"Doman: la &quot;unidad&quot; sin Moyano y la comparaci\u00f3n con Tinelli\" src=\"http:\/\/hoycordobaweb.com\/wp-content\/uploads\/2022\/05\/el-rojo-necesita-un-poco-de-paz-5.jpg\" loading=\"lazy\"><br \/>\n<\/a>\n<\/picture>\n<\/div>\n<\/div><\/div>\n<\/div>\n<div class=\"sp__Normal\">\n<div class=\"image-embeb image-trigger\" readability=\"6\">\n<picture><source media=\"(min-width: 720px)\" srcset=\"http:\/\/hoycordobaweb.com\/wp-content\/uploads\/2022\/05\/el-rojo-necesita-un-poco-de-paz-6.jpg\"><img itemprop=\"image\" src=\"http:\/\/hoycordobaweb.com\/wp-content\/uploads\/2022\/05\/el-rojo-necesita-un-poco-de-paz-6.jpg\" loading=\"lazy\" alt=\"A Dom\u00ednguez le est\u00e1 costando mucho.\">\n<\/picture><figcaption readability=\"2\">\n<p>A Dom\u00ednguez le est\u00e1 costando mucho.\n<\/p>\n<\/figcaption><\/div>\n<\/div>\n<p><strong>El mayor problema es la crisis institucional y pol\u00edtica, con elecciones suspendidas desde diciembre,<\/strong> pero tambi\u00e9n el clima muy espeso que se da entre los socios e hinchas que ya perdieron la paciencia. Algo potenciado por los resultados de un equipo de Eduardo Dom\u00ednguez, DT de nivel que a\u00fan no encuentra el camino. <strong>Y hoy Independiente va a Paraguay sin margen de error, a conseguir una victoria y un poco de paz<\/strong>.<\/p>\n<div class=\"sp__SM\">\n<div class=\"content-new \">\n<span class=\"tit-mobile\">Mir\u00e1 tambi\u00e9n<\/span><\/p>\n<div class=\"mg\">\n<div class=\"wrap-figure\">\n<picture>\n<a href=\"https:\/\/www.ole.com.ar\/independiente\/bochini-sacheri-homenaje_0_1e0gMUj02L.html\" target=\"_self\" rel=\"noopener noreferrer\"><br \/>\n<img class=\"img-responsive\" alt=\"\u00bfPor qu\u00e9 Bochini estar\u00e1 en la cancha de Athletic de Bilbao?\" src=\"http:\/\/hoycordobaweb.com\/wp-content\/uploads\/2022\/05\/el-rojo-necesita-un-poco-de-paz-7.jpg\" loading=\"lazy\"><br \/>\n<\/a>\n<\/picture>\n<\/div>\n<\/div><\/div>\n<\/div>\n<div class=\"entry-tags\">\n<h2>TEMAS QUE APARECEN EN ESTA NOTA<\/h2>\n<\/p><\/div>\n","protected":false},"excerpt":{"rendered":"<p>Este Independiente vive en una constante monta\u00f1a rusa. Los trofeos gloriosos est\u00e1n ah\u00ed relucientes y estar\u00e1n siempre, nadie le quitar\u00e1 el lugar del Rey de Copas. Pero hace tiempo que no consigue enderezar el rumbo, que es noticia por deudas impagas, por problemas con t\u00e9cnicos, jugadores y por peleas entre dirigentes. Mir\u00e1 tambi\u00e9n El ciclo [&hellip;]<\/p>\n","protected":false},"author":1,"featured_media":40933,"comment_status":"open","ping_status":"closed","sticky":false,"template":"","format":"standard","meta":[],"categories":[16],"tags":[],"_links":{"self":[{"href":"http:\/\/hoycordobaweb.com\/index.php\/wp-json\/wp\/v2\/posts\/40932"}],"collection":[{"href":"http:\/\/hoycordobaweb.com\/index.php\/wp-json\/wp\/v2\/posts"}],"about":[{"href":"http:\/\/hoycordobaweb.com\/index.php\/wp-json\/wp\/v2\/types\/post"}],"author":[{"embeddable":true,"href":"http:\/\/hoycordobaweb.com\/index.php\/wp-json\/wp\/v2\/users\/1"}],"replies":[{"embeddable":true,"href":"http:\/\/hoycordobaweb.com\/index.php\/wp-json\/wp\/v2\/comments?post=40932"}],"version-history":[{"count":0,"href":"http:\/\/hoycordobaweb.com\/index.php\/wp-json\/wp\/v2\/posts\/40932\/revisions"}],"wp:featuredmedia":[{"embeddable":true,"href":"http:\/\/hoycordobaweb.com\/index.php\/wp-json\/wp\/v2\/media\/40933"}],"wp:attachment":[{"href":"http:\/\/hoycordobaweb.com\/index.php\/wp-json\/wp\/v2\/media?parent=40932"}],"wp:term":[{"taxonomy":"category","embeddable":true,"href":"http:\/\/hoycordobaweb.com\/index.php\/wp-json\/wp\/v2\/categories?post=40932"},{"taxonomy":"post_tag","embeddable":true,"href":"http:\/\/hoycordobaweb.com\/index.php\/wp-json\/wp\/v2\/tags?post=40932"}],"curies":[{"name":"wp","href":"https:\/\/api.w.org\/{rel}","templated":true}]}}