{"id":40924,"date":"2022-05-02T23:03:52","date_gmt":"2022-05-02T23:03:52","guid":{"rendered":"https:\/\/ladecimaweb.com\/?p=13360"},"modified":"2022-05-02T23:03:52","modified_gmt":"2022-05-02T23:03:52","slug":"nunca-se-vio-tanta-inseguridad-como-ahora-en-el-barrio","status":"publish","type":"post","link":"http:\/\/hoycordobaweb.com\/index.php\/2022\/05\/02\/nunca-se-vio-tanta-inseguridad-como-ahora-en-el-barrio\/","title":{"rendered":"\u201cNunca se vio tanta inseguridad como ahora en el barrio\u201d"},"content":{"rendered":"<div class=\"boldgrid-section\">\n<div class=\"container\">\n<div class=\"row\">\n<div class=\"col-md-12 col-xs-12 col-sm-12\">\n<p class=\"\">Mar\u00eda Carranza es presidenta del Centro Vecinal de barrio Comercial. Junto a otros vecinos organizaron esta tarde una marcha para reclamar por seguridad para el barrio.&nbsp;<\/p>\n<p class=\"\">Carranza busca manifestar el sentimiento general. &#8220;Estamos hartos de tanta inseguridad&#8221;, dice. &#8220;Ya nos hemos cansado de sentarnos a hablar con la comisario y el Consejo Barrial pero no tenemos respuestas&#8221;. Y precisa que &#8220;en cinco d\u00edas se robaron tres autos y cinco motos. Aparte del comerciante que recibi\u00f3 un disparo y a la media hora que se fue la Polic\u00eda asaltaron otro negocio&#8221;.&nbsp;<\/p>\n<p>Nacida y criada en Comercial durante 47 a\u00f1os, dice no haber visto jam\u00e1s la inseguridad de ahora.&nbsp;<\/p>\n<p class=\"\">&#8220;No se vio nunca esto de que la gente no pueda salir de su casa porque le roban&#8221;, le dice a La D\u00e9cima. &#8220;Lo que se est\u00e1 viviendo es un desastre&#8221;, afirma.&nbsp;&nbsp;<\/p>\n<p class=\"\"><img loading=\"lazy\" class=\"alignnone size-full wp-image-13362\" src=\"http:\/\/hoycordobaweb.com\/wp-content\/uploads\/2022\/05\/nunca-se-vio-tanta-inseguridad-como-ahora-en-el-barrio.jpg\" alt=\"\" width=\"1600\" height=\"901\" srcset=\"http:\/\/hoycordobaweb.com\/wp-content\/uploads\/2022\/05\/nunca-se-vio-tanta-inseguridad-como-ahora-en-el-barrio.jpg 1600w, http:\/\/hoycordobaweb.com\/wp-content\/uploads\/2022\/05\/nunca-se-vio-tanta-inseguridad-como-ahora-en-el-barrio-1.jpg 788w, http:\/\/hoycordobaweb.com\/wp-content\/uploads\/2022\/05\/nunca-se-vio-tanta-inseguridad-como-ahora-en-el-barrio-2.jpg 768w, http:\/\/hoycordobaweb.com\/wp-content\/uploads\/2022\/05\/nunca-se-vio-tanta-inseguridad-como-ahora-en-el-barrio-3.jpg 1536w\" sizes=\"(max-width: 1600px) 100vw, 1600px\" \/><\/p>\n<p class=\"\">Por ejemplo, &#8220;en el Cedma de Alejandro Carb\u00f3, los alumnos adultos est\u00e1n dejando de concurrir por la inseguridad&#8221;. Es decir, no pueden ejercer el derecho a educarse en paz.&nbsp;&nbsp;<\/p>\n<p class=\"\">Carranza dice que la Polic\u00eda &#8220;solamente aparece cuando tenemos un hecho&#8221;. &#8220;Nacen como debajo de la tierra la cantidad, pero en el transcurso del d\u00eda y la noche ya no aparecen m\u00e1s&#8221;, se\u00f1ala.&nbsp;&nbsp;<\/p>\n<p class=\"\">Una vecina que participa de la marcha dice que &#8220;se est\u00e1 robando muy mucho&#8221;, y particularmente &#8220;le roban a los chicos que van a la escuela&#8221;. &#8220;Por eso mis hijos salen con miedo&#8221;, agrega.&nbsp;<\/p>\n<p class=\"\">&#8220;Lo peor es que te golpean aparte de que te roban&#8221;, apunta otra vecina.&nbsp;<\/p>\n<p class=\"\">&#8220;Ac\u00e1 en la plaza de Comercial han agarrado la costumbre de que los chicos bajan del colectivo y vienen dos en moto, los arrebatan y los golpean&#8221;, narra esta vecina.<\/p>\n<p class=\"\">Seg\u00fan su diagn\u00f3stico, &#8220;la Polic\u00eda no da abasto&#8221; porque &#8220;los delincuentes se saben todos los horarios para robar&#8221;.&nbsp;<\/p>\n<p>&#8220;Est\u00e1 fatal. No podes salir en ning\u00fan horario ni mandar a tu hijo a comprar, ten\u00e9s que estar preso en tu casa&#8221;, dice la vecina, impotente ante la situaci\u00f3n.&nbsp;<\/p>\n<p class=\"\">\n<div class=\"ubm_banner\"><a href=\"https:\/\/www.cba.gov.ar\/10-https:\/\/www.cba.gov.ar\/10-mil-viviendas\/?csrt=8333084810548506306\" target=\"_blank\" rel=\"dofollow noopener noreferrer\"><img src=\"http:\/\/hoycordobaweb.com\/wp-content\/uploads\/2022\/05\/nunca-se-vio-tanta-inseguridad-como-ahora-en-el-barrio.gif\" alt=\"\"><\/a><\/div>\n<\/div>\n<\/div>\n<\/div>\n<\/div>\n<p>La entrada <a rel=\"nofollow\" href=\"https:\/\/ladecimaweb.com\/nunca-se-vio-tanta-inseguridad-como-ahora-en-el-barrio\/\">&#8220;Nunca se vio tanta inseguridad como ahora en el barrio&#8221;<\/a> se public\u00f3 primero en <a rel=\"nofollow\" href=\"https:\/\/ladecimaweb.com\">LaDecima<\/a>.<\/p>\n","protected":false},"excerpt":{"rendered":"<p>Mar\u00eda Carranza es presidenta del Centro Vecinal de barrio Comercial. Junto a otros vecinos organizaron esta tarde una marcha para reclamar por seguridad para el barrio.&nbsp; Carranza busca manifestar el sentimiento general. &#8220;Estamos hartos de tanta inseguridad&#8221;, dice. &#8220;Ya nos hemos cansado de sentarnos a hablar con la comisario y el Consejo Barrial pero no [&hellip;]<\/p>\n","protected":false},"author":1,"featured_media":40925,"comment_status":"closed","ping_status":"closed","sticky":false,"template":"","format":"standard","meta":[],"categories":[19],"tags":[],"_links":{"self":[{"href":"http:\/\/hoycordobaweb.com\/index.php\/wp-json\/wp\/v2\/posts\/40924"}],"collection":[{"href":"http:\/\/hoycordobaweb.com\/index.php\/wp-json\/wp\/v2\/posts"}],"about":[{"href":"http:\/\/hoycordobaweb.com\/index.php\/wp-json\/wp\/v2\/types\/post"}],"author":[{"embeddable":true,"href":"http:\/\/hoycordobaweb.com\/index.php\/wp-json\/wp\/v2\/users\/1"}],"replies":[{"embeddable":true,"href":"http:\/\/hoycordobaweb.com\/index.php\/wp-json\/wp\/v2\/comments?post=40924"}],"version-history":[{"count":0,"href":"http:\/\/hoycordobaweb.com\/index.php\/wp-json\/wp\/v2\/posts\/40924\/revisions"}],"wp:featuredmedia":[{"embeddable":true,"href":"http:\/\/hoycordobaweb.com\/index.php\/wp-json\/wp\/v2\/media\/40925"}],"wp:attachment":[{"href":"http:\/\/hoycordobaweb.com\/index.php\/wp-json\/wp\/v2\/media?parent=40924"}],"wp:term":[{"taxonomy":"category","embeddable":true,"href":"http:\/\/hoycordobaweb.com\/index.php\/wp-json\/wp\/v2\/categories?post=40924"},{"taxonomy":"post_tag","embeddable":true,"href":"http:\/\/hoycordobaweb.com\/index.php\/wp-json\/wp\/v2\/tags?post=40924"}],"curies":[{"name":"wp","href":"https:\/\/api.w.org\/{rel}","templated":true}]}}