{"id":40922,"date":"2022-05-03T00:42:00","date_gmt":"2022-05-03T00:42:00","guid":{"rendered":"http:\/\/hoycordobaweb.com\/index.php\/2022\/05\/03\/dinamarca-corea-del-sur-y-suecia-reabren-sus-embajadas-en-kiev\/"},"modified":"2022-05-03T00:42:00","modified_gmt":"2022-05-03T00:42:00","slug":"dinamarca-corea-del-sur-y-suecia-reabren-sus-embajadas-en-kiev","status":"publish","type":"post","link":"http:\/\/hoycordobaweb.com\/index.php\/2022\/05\/03\/dinamarca-corea-del-sur-y-suecia-reabren-sus-embajadas-en-kiev\/","title":{"rendered":"Dinamarca, Corea del Sur y Suecia reabren sus embajadas en Kiev"},"content":{"rendered":"<p><img src=\"http:\/\/hoycordobaweb.com\/wp-content\/uploads\/2022\/05\/dinamarca-corea-del-sur-y-suecia-reabren-sus-embajadas-en-kiev.jpg\"><\/p>\n<figure class=\"mb-3\"><img loading=\"lazy\" src=\"http:\/\/hoycordobaweb.com\/wp-content\/uploads\/2022\/05\/dinamarca-corea-del-sur-y-suecia-reabren-sus-embajadas-en-kiev-2.jpg\" width=\"100%\" height=\"100%\" alt=\"Embajada de Dinamarca en Kiev Foto Street View\"><figcaption> Embajada de Dinamarca en Kiev. Foto Street View. <\/figcaption><\/figure>\n<p>Dinamarca y Corea del Sur reabrieron este lunes sus embajadas en Kiev, de donde se hab\u00edan retirado a principios de marzo a causa de la invasi\u00f3n rusa al pa\u00eds, que hoy entr\u00f3 en su d\u00eda 68, mientras que funcionarios de Estados Unidos anunciaron que prev\u00e9n seguir los mismos pasos antes de fin de mayo y Suecia adelant\u00f3 que har\u00e1 lo propio el mi\u00e9rcoles.<\/p>\n<p><strong>Dinamarca concret\u00f3 el anuncio en una visita sorpresa de su ministro de Relaciones Exteriores<\/strong>, como se\u00f1al de apoyo a Ucrania contra la invasi\u00f3n rusa.<\/p>\n<p><strong>\u00abEs un s\u00edmbolo muy fuerte del apoyo dan\u00e9s a Ucrania y al pueblo ucraniano reabrir hoy la embajada de Dinamarca\u00bb<\/strong>, dijo en un comunicado el jefe de la diplomacia danesa, Jeppe Kofod, cuyo viaje no estaba anunciado, seg\u00fan reprodujo la agencia de noticias rusa Sputnik.<\/p>\n<p>La primera ministra danesa, <strong>Mette Frederiksen, visit\u00f3 Kiev el 21 de abril junto al jefe del gobierno espa\u00f1ol, Pedro S\u00e1nchez.<\/strong><\/p>\n<p>A su vez, la embajada de Corea del Sur reemprendi\u00f3 hoy su labor en Kiev, comunic\u00f3 el Ministerio de Exteriores del pa\u00eds asi\u00e1tico.<\/p>\n<p><strong>\u00abLa embajada se est\u00e1 preparando para reanudar sus actividades el 2 de mayo y planea realizar trabajos diplom\u00e1ticos para proteger a sus ciudadanos en Kiev, en una cooperaci\u00f3n a\u00fan m\u00e1s estrecha con el gobierno ucraniano\u00bb,<\/strong> dice el comunicado.<\/p>\n<p>Seg\u00fan la Canciller\u00eda, regres\u00f3 a Kiev parte de la misi\u00f3n diplom\u00e1tica que estuvo trabajando desde marzo en la oficina temporal de la localidad de Chernovtsi, incluido el embajador de Corea del Sur en Ucrania, Kim Hyung-tae.<\/p>\n<p><strong>\u00abEl personal restante en las oficinas temporales de Chernovtsi y Rumania est\u00e1 considerando un plan para regresar a Kiev por etapas mientras monitorea la situaci\u00f3n\u00bb,<\/strong> indica el texto, recogido por Sputnik.<\/p>\n<p>En tanto, los diplom\u00e1ticos estadounidenses que abandonaron Kiev a mediados de febrero, unos d\u00edas antes del inicio de la invasi\u00f3n rusa, esperan regresar a la capital ucraniana \u00abantes de fin de mes\u00bb, anunci\u00f3 hoy la encargada de negocios de Estados Unidos, Kristina Kvien<\/p>\n<p><strong>\u00abTenemos muchas esperanzas de que las condiciones nos permitan volver a Kiev antes de fin de mes\u00bb<\/strong>, declar\u00f3 durante una conferencia de prensa en Le\u00f3polis, en el oeste de Ucrania.<\/p>\n<p>\u00abEs mi primer d\u00eda de regreso a Ucrania\u00bb, agreg\u00f3 Kvien, quien se dijo \u00abcontenta\u00bb, y a\u00f1adi\u00f3 que estar\u00eda \u00abyendo y viniendo durante el d\u00eda durante una semana o quiz\u00e1s dos\u00bb.<\/p>\n<p><strong>\u00abLa prioridad es la seguridad personal. Si los agentes de seguridad nos dicen que podemos volver a Kiev, entonces regresaremos\u00bb,<\/strong> asegur\u00f3.<\/p>\n<p>\u00abEl mensaje a Rusia es: &#8216;Fracasaste'\u00bb, expres\u00f3 ante la prensa. Y agreg\u00f3: \u00ab(El presidente Vladimir) Putin cometi\u00f3 un error de c\u00e1lculo hist\u00f3rico en su ataque no provocado e injustificado\u00bb, dijo Kvien, citada por la agencia de noticias AFP.<\/p>\n<p>Estados Unidos decidi\u00f3 desplazar su embajada en Ucrania de Kiev a Le\u00f3polis, cerca de la frontera polaca, el 14 de febrero, diez d\u00edas despu\u00e9s del inicio de la invasi\u00f3n rusa, antes de evacuar a su personal del pa\u00eds.<\/p>\n<p><strong>Tras una visita a Kiev el 24 de abril, el secretario de Estado estadounidense, Antony Blinken, y el secretario de Defensa, Lloyd Austin, anunciaron el regreso gradual de una presencia diplom\u00e1tica estadounidense en Ucrania<\/strong>, en vista de la mejora de la situaci\u00f3n sobre el terreno, especialmente en Kiev y su regi\u00f3n.<\/p>\n<p>Al d\u00eda siguiente, el presidente Joe Biden afirm\u00f3 que nombrar\u00eda en los pr\u00f3ximos d\u00edas a Bridget Brink, actual representante ante Eslovaquia, como nueva embajadora de Estados Unidos en Ucrania.<\/p>\n<p>A la lista se sum\u00f3 Suecia, que reabrir\u00e1 pasado ma\u00f1ana su embajada en Ucrania, seg\u00fan declar\u00f3 la ministra sueca de Asuntos Exteriores, Ann Linde.<\/p>\n<p>\u00abEl mi\u00e9rcoles, la embajada de Suecia volver\u00e1 a abrir en Kiev\u00bb, escribi\u00f3 Linde en su cuenta de Twitter.<\/p>\n<p>El 21 de febrero pasado, Suecia hab\u00eda tomado la decisi\u00f3n de retirar a la mayor\u00eda de los empleados de su embajada en Kiev y despu\u00e9s del inicio de la invasi\u00f3n de Rusia, el 24 de febrero, transport\u00f3 al resto de los empleados a Polonia y cerr\u00f3 la embajada. <\/p>\n","protected":false},"excerpt":{"rendered":"<p>Embajada de Dinamarca en Kiev. Foto Street View. Dinamarca y Corea del Sur reabrieron este lunes sus embajadas en Kiev, de donde se hab\u00edan retirado a principios de marzo a causa de la invasi\u00f3n rusa al pa\u00eds, que hoy entr\u00f3 en su d\u00eda 68, mientras que funcionarios de Estados Unidos anunciaron que prev\u00e9n seguir los [&hellip;]<\/p>\n","protected":false},"author":1,"featured_media":40923,"comment_status":"open","ping_status":"closed","sticky":false,"template":"","format":"standard","meta":[],"categories":[24],"tags":[],"_links":{"self":[{"href":"http:\/\/hoycordobaweb.com\/index.php\/wp-json\/wp\/v2\/posts\/40922"}],"collection":[{"href":"http:\/\/hoycordobaweb.com\/index.php\/wp-json\/wp\/v2\/posts"}],"about":[{"href":"http:\/\/hoycordobaweb.com\/index.php\/wp-json\/wp\/v2\/types\/post"}],"author":[{"embeddable":true,"href":"http:\/\/hoycordobaweb.com\/index.php\/wp-json\/wp\/v2\/users\/1"}],"replies":[{"embeddable":true,"href":"http:\/\/hoycordobaweb.com\/index.php\/wp-json\/wp\/v2\/comments?post=40922"}],"version-history":[{"count":0,"href":"http:\/\/hoycordobaweb.com\/index.php\/wp-json\/wp\/v2\/posts\/40922\/revisions"}],"wp:featuredmedia":[{"embeddable":true,"href":"http:\/\/hoycordobaweb.com\/index.php\/wp-json\/wp\/v2\/media\/40923"}],"wp:attachment":[{"href":"http:\/\/hoycordobaweb.com\/index.php\/wp-json\/wp\/v2\/media?parent=40922"}],"wp:term":[{"taxonomy":"category","embeddable":true,"href":"http:\/\/hoycordobaweb.com\/index.php\/wp-json\/wp\/v2\/categories?post=40922"},{"taxonomy":"post_tag","embeddable":true,"href":"http:\/\/hoycordobaweb.com\/index.php\/wp-json\/wp\/v2\/tags?post=40922"}],"curies":[{"name":"wp","href":"https:\/\/api.w.org\/{rel}","templated":true}]}}