{"id":40908,"date":"2022-04-30T13:53:22","date_gmt":"2022-04-30T13:53:22","guid":{"rendered":"https:\/\/fono.fcm.unc.edu.ar\/?p=9131"},"modified":"2022-04-30T13:53:22","modified_gmt":"2022-04-30T13:53:22","slug":"encuentros-disciplinares-fonoaudiologia-en-ingenieria-biomedica","status":"publish","type":"post","link":"http:\/\/hoycordobaweb.com\/index.php\/2022\/04\/30\/encuentros-disciplinares-fonoaudiologia-en-ingenieria-biomedica\/","title":{"rendered":"Encuentros disciplinares: Fonoaudiolog\u00eda en Ingenier\u00eda Biom\u00e9dica"},"content":{"rendered":"<h2 class=\"fusion-post-title\">Encuentros disciplinares: Fonoaudiolog\u00eda en Ingenier\u00eda Biom\u00e9dica<\/h2>\n<div class=\"post-content\" readability=\"38\">\n<p><img loading=\"lazy\" class=\"alignright wp-image-9132 size-fusion-400\" src=\"https:\/\/fono.fcm.unc.edu.ar\/wp-content\/uploads\/sites\/14\/2022\/05\/PLANTILLAS-FOTOS-1-400x400.png\" alt width=\"400\" height=\"400\" srcset=\"https:\/\/fono.fcm.unc.edu.ar\/wp-content\/uploads\/sites\/14\/2022\/05\/PLANTILLAS-FOTOS-1-66x66.png 66w, https:\/\/fono.fcm.unc.edu.ar\/wp-content\/uploads\/sites\/14\/2022\/05\/PLANTILLAS-FOTOS-1-150x150.png 150w, https:\/\/fono.fcm.unc.edu.ar\/wp-content\/uploads\/sites\/14\/2022\/05\/PLANTILLAS-FOTOS-1-200x200.png 200w, https:\/\/fono.fcm.unc.edu.ar\/wp-content\/uploads\/sites\/14\/2022\/05\/PLANTILLAS-FOTOS-1-300x300.png 300w, https:\/\/fono.fcm.unc.edu.ar\/wp-content\/uploads\/sites\/14\/2022\/05\/PLANTILLAS-FOTOS-1-400x400.png 400w, https:\/\/fono.fcm.unc.edu.ar\/wp-content\/uploads\/sites\/14\/2022\/05\/PLANTILLAS-FOTOS-1-600x600.png 600w, https:\/\/fono.fcm.unc.edu.ar\/wp-content\/uploads\/sites\/14\/2022\/05\/PLANTILLAS-FOTOS-1-768x768.png 768w, https:\/\/fono.fcm.unc.edu.ar\/wp-content\/uploads\/sites\/14\/2022\/05\/PLANTILLAS-FOTOS-1-800x800.png 800w, https:\/\/fono.fcm.unc.edu.ar\/wp-content\/uploads\/sites\/14\/2022\/05\/PLANTILLAS-FOTOS-1-1024x1024.png 1024w, https:\/\/fono.fcm.unc.edu.ar\/wp-content\/uploads\/sites\/14\/2022\/05\/PLANTILLAS-FOTOS-1.png 1080w\" sizes=\"(max-width: 400px) 100vw, 400px\">El viernes 29 de abril se realiz\u00f3 un espacio de intercambio acad\u00e9mico en la formaci\u00f3n integral de futuros profesionales: Fonoaudiolog\u00eda en Ingenier\u00eda Biom\u00e9dica.<br \/>Este proyecto se lleva a cabo desde 2011, involucrando actividades interestudiantiles de trabajo docente e interc\u00e1tedras entre Audiolog\u00eda de la Escuela de Fonoaudiolog\u00eda e Ingenier\u00eda en Rehabilitaci\u00f3n de la FCEFyN, en donde la profesora Silvana Serra particip\u00f3 de la clase con el tema Fonoaudiolog\u00eda y tecnolog\u00eda.<br \/>Agradecemos al Director de la carrera de Ingenier\u00eda Biom\u00e9dica y docente de la asignatura Ingenier\u00eda en Rehabilitaci\u00f3n, Mgtr. Diego Beltramone.<\/p>\n<\/p><\/div>\n","protected":false},"excerpt":{"rendered":"<p>Encuentros disciplinares: Fonoaudiolog\u00eda en Ingenier\u00eda Biom\u00e9dica El viernes 29 de abril se realiz\u00f3 un espacio de intercambio acad\u00e9mico en la formaci\u00f3n integral de futuros profesionales: Fonoaudiolog\u00eda en Ingenier\u00eda Biom\u00e9dica.Este proyecto se lleva a cabo desde 2011, involucrando actividades interestudiantiles de trabajo docente e interc\u00e1tedras entre Audiolog\u00eda de la Escuela de Fonoaudiolog\u00eda e Ingenier\u00eda en Rehabilitaci\u00f3n [&hellip;]<\/p>\n","protected":false},"author":1,"featured_media":0,"comment_status":"closed","ping_status":"closed","sticky":false,"template":"","format":"standard","meta":[],"categories":[1],"tags":[],"_links":{"self":[{"href":"http:\/\/hoycordobaweb.com\/index.php\/wp-json\/wp\/v2\/posts\/40908"}],"collection":[{"href":"http:\/\/hoycordobaweb.com\/index.php\/wp-json\/wp\/v2\/posts"}],"about":[{"href":"http:\/\/hoycordobaweb.com\/index.php\/wp-json\/wp\/v2\/types\/post"}],"author":[{"embeddable":true,"href":"http:\/\/hoycordobaweb.com\/index.php\/wp-json\/wp\/v2\/users\/1"}],"replies":[{"embeddable":true,"href":"http:\/\/hoycordobaweb.com\/index.php\/wp-json\/wp\/v2\/comments?post=40908"}],"version-history":[{"count":0,"href":"http:\/\/hoycordobaweb.com\/index.php\/wp-json\/wp\/v2\/posts\/40908\/revisions"}],"wp:attachment":[{"href":"http:\/\/hoycordobaweb.com\/index.php\/wp-json\/wp\/v2\/media?parent=40908"}],"wp:term":[{"taxonomy":"category","embeddable":true,"href":"http:\/\/hoycordobaweb.com\/index.php\/wp-json\/wp\/v2\/categories?post=40908"},{"taxonomy":"post_tag","embeddable":true,"href":"http:\/\/hoycordobaweb.com\/index.php\/wp-json\/wp\/v2\/tags?post=40908"}],"curies":[{"name":"wp","href":"https:\/\/api.w.org\/{rel}","templated":true}]}}