{"id":40846,"date":"2022-04-30T12:42:13","date_gmt":"2022-04-30T12:42:13","guid":{"rendered":"https:\/\/www.mujerhoy.com\/moda\/no-te-pierdas\/falda-estampada-sfera-barata-look-primavera-pega-todo-20220430211752-nt.html"},"modified":"2022-04-30T12:42:13","modified_gmt":"2022-04-30T12:42:13","slug":"la-falda-mas-bonita-de-la-primavera-se-ha-agotado-ya-en-sfera-y-la-necesitamos-porque-podemos-ponernosla-con-todo","status":"publish","type":"post","link":"http:\/\/hoycordobaweb.com\/index.php\/2022\/04\/30\/la-falda-mas-bonita-de-la-primavera-se-ha-agotado-ya-en-sfera-y-la-necesitamos-porque-podemos-ponernosla-con-todo\/","title":{"rendered":"La falda m\u00e1s bonita de la primavera se ha agotado ya en Sfera y la necesitamos, porque podemos pon\u00e9rnosla con todo"},"content":{"rendered":"<p><!-- AUTHOR --><!-- COMPONENTS --><\/p>\n<p class=\"voc-paragraph\">El look de primavera que m\u00e1s ganas tenemos de ponernos es, a excepci\u00f3n del que tiene al vestido como protagonista, el que viene con <a data-voc-vtm-id=\"in-text-traffic\" href=\"https:\/\/www.mujerhoy.com\/moda\/tendencias\/falda-midi-camisa-blanca-hym-zara-mango-estiliza-rejuvenece-50-anos-arrasa-influencers-instagram-20220429225645-nt.html\" title=\"www.mujerhoy.com\">falda midi<\/a>. Porque si hay una prenda que adem\u00e1s de bonita es s\u00faper <a data-voc-vtm-id=\"in-text-traffic\" href=\"https:\/\/www.mujerhoy.com\/moda\/no-te-pierdas\/falda-midi-flores-hym-estiliza-rejuvenece-combina-con-todo-camiseta-hombreras-zara-20220422153326-nt.html\" title=\"www.mujerhoy.com\">combinable<\/a> y <a data-voc-vtm-id=\"in-text-traffic\" href=\"https:\/\/www.mujerhoy.com\/moda\/no-te-pierdas\/reina-letizia-falda-midi-favorita-massimo-dutti-barata-copia-zara-look-rejuvenece-20220407115052-nt.html\" title=\"www.mujerhoy.com\">rejuvenecedora<\/a>. Y en Sfera hemos encontrado la falda m\u00e1s bonita de la primavera, que <strong>se ha agotado ya en la web<\/strong> y necesitamos encontrar porque podemos pon\u00e9rnosla con todo y siempre va a elevar nuestro look. <\/p>\n<p class=\"voc-paragraph\">La firma de moda de El Corte Ingl\u00e9s ha apostado por los tonos b\u00e1sicos, y m\u00e1s combinables, <strong>el blanco y el negro<\/strong>, para un dise\u00f1o que siempre apetece ponerse. Y lo ha hecho con el estampado estrella de la temporada, las flores, para que nuestro look est\u00e9 a la \u00faltima tendencia. <\/p>\n<div class=\"voc-detail-photo-zoom\"><picture data-toggle=\"modal\" data-target=\"#photoZoomModal-923\" target=\"modal\">\n<div class=\"voc-img-icon-link\"><img loading=\"lazy\" data-original=\"\/\/static3.mujerhoy.com\/www\/multimedia\/202204\/29\/media\/cortadas\/Falda-sfera-cat1-kCJE--460x637@MujerHoy.jpeg\" class=\"lazy\"><noscript><img src=\"http:\/\/hoycordobaweb.com\/wp-content\/uploads\/2022\/05\/la-falda-mas-bonita-de-la-primavera-se-ha-agotado-ya-en-sfera-y-la-necesitamos-porque-podemos-ponernosla-con-todo.jpg\"><\/noscript><i class=\"voc-icons zoom voc-multimedia-box voc-ico-l\"><\/i><\/div><figcaption class=\"figure-caption\"><\/figcaption><\/picture><\/div>\n<div id=\"photoZoomModal-923\" class=\"voc-lightbox modal fade voc-lightbox--photo-zoom\" role=\"dialog\" data-voc-photozoom-lightbox>\n<div class=\"voc-lightbox__dialog\" role=\"document\">\n<div class=\"voc-lightbox__content\"><!-- Modal header --><\/p>\n<header class=\"voc-lightbox__header\"><span class=\"voc-lightbox__title\"><\/span><\/header>\n<p><!-- Modal content --><\/p>\n<div class=\"voc-lightbox__photo-container\"><picture class><img loading=\"lazy\" data-original=\"\/\/static3.mujerhoy.com\/www\/multimedia\/202204\/29\/media\/cortadas\/Falda-sfera-cat1-kCJE--460x637@MujerHoy.jpeg\" class=\"lazy\"><noscript><img src=\"http:\/\/hoycordobaweb.com\/wp-content\/uploads\/2022\/05\/la-falda-mas-bonita-de-la-primavera-se-ha-agotado-ya-en-sfera-y-la-necesitamos-porque-podemos-ponernosla-con-todo.jpg\"><\/noscript><\/picture><\/div>\n<\/div>\n<\/div>\n<\/div>\n<p class=\"voc-paragraph\">La falda blanca con <strong>estampado de flores negras<\/strong> de Sfera es un dise\u00f1o con mucho vuelo y cintura con cierre de cremallera. <\/p>\n<div class=\"voc-detail-photo-zoom\"><picture data-toggle=\"modal\" data-target=\"#photoZoomModal-243\" target=\"modal\">\n<div class=\"voc-img-icon-link\"><img loading=\"lazy\" data-original=\"\/\/static1.mujerhoy.com\/www\/multimedia\/202204\/29\/media\/cortadas\/Falda-sfera-cat3-kCJE--460x637@MujerHoy.jpeg\" class=\"lazy\"><noscript><img src=\"http:\/\/hoycordobaweb.com\/wp-content\/uploads\/2022\/05\/la-falda-mas-bonita-de-la-primavera-se-ha-agotado-ya-en-sfera-y-la-necesitamos-porque-podemos-ponernosla-con-todo-1.jpg\"><\/noscript><i class=\"voc-icons zoom voc-multimedia-box voc-ico-l\"><\/i><\/div><figcaption class=\"figure-caption\"><\/figcaption><\/picture><\/div>\n<div id=\"photoZoomModal-243\" class=\"voc-lightbox modal fade voc-lightbox--photo-zoom\" role=\"dialog\" data-voc-photozoom-lightbox>\n<div class=\"voc-lightbox__dialog\" role=\"document\">\n<div class=\"voc-lightbox__content\"><!-- Modal header --><\/p>\n<header class=\"voc-lightbox__header\"><span class=\"voc-lightbox__title\"><\/span><\/header>\n<p><!-- Modal content --><\/p>\n<div class=\"voc-lightbox__photo-container\"><picture class><img loading=\"lazy\" data-original=\"\/\/static1.mujerhoy.com\/www\/multimedia\/202204\/29\/media\/cortadas\/Falda-sfera-cat3-kCJE--460x637@MujerHoy.jpeg\" class=\"lazy\"><noscript><img src=\"http:\/\/hoycordobaweb.com\/wp-content\/uploads\/2022\/05\/la-falda-mas-bonita-de-la-primavera-se-ha-agotado-ya-en-sfera-y-la-necesitamos-porque-podemos-ponernosla-con-todo-1.jpg\"><\/noscript><\/picture><\/div>\n<\/div>\n<\/div>\n<\/div>\n<p class=\"voc-paragraph\">Con bolsillos laterales, es de <strong>tiro alto<\/strong> y el bajo queda por encima de los tobillos. <\/p>\n<div class=\"voc-detail-photo-zoom\"><picture data-toggle=\"modal\" data-target=\"#photoZoomModal-811\" target=\"modal\">\n<div class=\"voc-img-icon-link\"><img loading=\"lazy\" data-original=\"\/\/static1.mujerhoy.com\/www\/multimedia\/202204\/29\/media\/cortadas\/Falda-sfera-cat4-kCJE--460x637@MujerHoy.jpeg\" class=\"lazy\"><noscript><img src=\"http:\/\/hoycordobaweb.com\/wp-content\/uploads\/2022\/05\/la-falda-mas-bonita-de-la-primavera-se-ha-agotado-ya-en-sfera-y-la-necesitamos-porque-podemos-ponernosla-con-todo-2.jpg\"><\/noscript><i class=\"voc-icons zoom voc-multimedia-box voc-ico-l\"><\/i><\/div><figcaption class=\"figure-caption\"><\/figcaption><\/picture><\/div>\n<div id=\"photoZoomModal-811\" class=\"voc-lightbox modal fade voc-lightbox--photo-zoom\" role=\"dialog\" data-voc-photozoom-lightbox>\n<div class=\"voc-lightbox__dialog\" role=\"document\">\n<div class=\"voc-lightbox__content\"><!-- Modal header --><\/p>\n<header class=\"voc-lightbox__header\"><span class=\"voc-lightbox__title\"><\/span><\/header>\n<p><!-- Modal content --><\/p>\n<div class=\"voc-lightbox__photo-container\"><picture class><img loading=\"lazy\" data-original=\"\/\/static1.mujerhoy.com\/www\/multimedia\/202204\/29\/media\/cortadas\/Falda-sfera-cat4-kCJE--460x637@MujerHoy.jpeg\" class=\"lazy\"><noscript><img src=\"http:\/\/hoycordobaweb.com\/wp-content\/uploads\/2022\/05\/la-falda-mas-bonita-de-la-primavera-se-ha-agotado-ya-en-sfera-y-la-necesitamos-porque-podemos-ponernosla-con-todo-2.jpg\"><\/noscript><\/picture><\/div>\n<\/div>\n<\/div>\n<\/div>\n<p class=\"voc-paragraph\">Con una <strong>camisa blanca<\/strong>, negra o incluso llena de color, un top en cualquiera de los tonos b\u00e1sicos o un c\u00e1rdigan ligero y nuestra camiseta de tirantes favorita, todo combina con esta fabulosa prenda que, como no pod\u00eda ser de otra forma, ya se ha agotado en la web de Sfera. <\/p>\n<p class=\"voc-paragraph\">La <strong>falda con print de flores<\/strong> y vuelo tiene un precio de 49,99 euros. As\u00ed que si tienes la suerte de encontrarla en alguna de sus tiendas, no la dejes escapar. <\/p>\n<div class=\"voc-detail-photo-zoom\"><picture data-toggle=\"modal\" data-target=\"#photoZoomModal-963\" target=\"modal\">\n<div class=\"voc-img-icon-link\"><img loading=\"lazy\" data-original=\"\/\/static2.mujerhoy.com\/www\/multimedia\/202204\/29\/media\/cortadas\/Falda-sfera-cat2-kCJE--460x637@MujerHoy.jpeg\" class=\"lazy\"><noscript><img src=\"http:\/\/hoycordobaweb.com\/wp-content\/uploads\/2022\/05\/la-falda-mas-bonita-de-la-primavera-se-ha-agotado-ya-en-sfera-y-la-necesitamos-porque-podemos-ponernosla-con-todo-3.jpg\"><\/noscript><i class=\"voc-icons zoom voc-multimedia-box voc-ico-l\"><\/i><\/div><figcaption class=\"figure-caption\"><\/figcaption><\/picture><\/div>\n<div id=\"photoZoomModal-963\" class=\"voc-lightbox modal fade voc-lightbox--photo-zoom\" role=\"dialog\" data-voc-photozoom-lightbox>\n<div class=\"voc-lightbox__dialog\" role=\"document\">\n<div class=\"voc-lightbox__content\"><!-- Modal header --><\/p>\n<header class=\"voc-lightbox__header\"><span class=\"voc-lightbox__title\"><\/span><\/header>\n<p><!-- Modal content --><\/p>\n<div class=\"voc-lightbox__photo-container\"><picture class><img loading=\"lazy\" data-original=\"\/\/static2.mujerhoy.com\/www\/multimedia\/202204\/29\/media\/cortadas\/Falda-sfera-cat2-kCJE--460x637@MujerHoy.jpeg\" class=\"lazy\"><noscript><img src=\"http:\/\/hoycordobaweb.com\/wp-content\/uploads\/2022\/05\/la-falda-mas-bonita-de-la-primavera-se-ha-agotado-ya-en-sfera-y-la-necesitamos-porque-podemos-ponernosla-con-todo-3.jpg\"><\/noscript><\/picture><\/div>\n<\/div>\n<\/div>\n<\/div>\n<div class=\"voc-detail__cmp voc-detail__cmp--pad-lr voc-detail__cmp--pad-lr--bdr\">\n<div class=\"voc-ficha-detail__wrapper\">\n<section class=\"voc-ficha-detail\">\n<h4 class=\"voc-ficha-detail-title voc-title-section\">TE RECOMENDAMOS<\/h4>\n<\/section>\n<\/div>\n<\/div>\n<p><!-- TOPICS --><\/p>\n","protected":false},"excerpt":{"rendered":"<p>El look de primavera que m\u00e1s ganas tenemos de ponernos es, a excepci\u00f3n del que tiene al vestido como protagonista, el que viene con falda midi. Porque si hay una prenda que adem\u00e1s de bonita es s\u00faper combinable y rejuvenecedora. Y en Sfera hemos encontrado la falda m\u00e1s bonita de la primavera, que se ha [&hellip;]<\/p>\n","protected":false},"author":1,"featured_media":40847,"comment_status":"closed","ping_status":"closed","sticky":false,"template":"","format":"standard","meta":[],"categories":[1],"tags":[],"_links":{"self":[{"href":"http:\/\/hoycordobaweb.com\/index.php\/wp-json\/wp\/v2\/posts\/40846"}],"collection":[{"href":"http:\/\/hoycordobaweb.com\/index.php\/wp-json\/wp\/v2\/posts"}],"about":[{"href":"http:\/\/hoycordobaweb.com\/index.php\/wp-json\/wp\/v2\/types\/post"}],"author":[{"embeddable":true,"href":"http:\/\/hoycordobaweb.com\/index.php\/wp-json\/wp\/v2\/users\/1"}],"replies":[{"embeddable":true,"href":"http:\/\/hoycordobaweb.com\/index.php\/wp-json\/wp\/v2\/comments?post=40846"}],"version-history":[{"count":0,"href":"http:\/\/hoycordobaweb.com\/index.php\/wp-json\/wp\/v2\/posts\/40846\/revisions"}],"wp:featuredmedia":[{"embeddable":true,"href":"http:\/\/hoycordobaweb.com\/index.php\/wp-json\/wp\/v2\/media\/40847"}],"wp:attachment":[{"href":"http:\/\/hoycordobaweb.com\/index.php\/wp-json\/wp\/v2\/media?parent=40846"}],"wp:term":[{"taxonomy":"category","embeddable":true,"href":"http:\/\/hoycordobaweb.com\/index.php\/wp-json\/wp\/v2\/categories?post=40846"},{"taxonomy":"post_tag","embeddable":true,"href":"http:\/\/hoycordobaweb.com\/index.php\/wp-json\/wp\/v2\/tags?post=40846"}],"curies":[{"name":"wp","href":"https:\/\/api.w.org\/{rel}","templated":true}]}}