{"id":40840,"date":"2022-04-30T23:02:06","date_gmt":"2022-04-30T23:02:06","guid":{"rendered":"https:\/\/www.ole.com.ar\/futbol-internacional\/espana\/ancelotti-detalle-record-ligas-ganadas_0_KSTOh4aEpo.html"},"modified":"2022-04-30T23:02:06","modified_gmt":"2022-04-30T23:02:06","slug":"el-uno-por-uno-del-record-de-ancelotti","status":"publish","type":"post","link":"http:\/\/hoycordobaweb.com\/index.php\/2022\/04\/30\/el-uno-por-uno-del-record-de-ancelotti\/","title":{"rendered":"El uno por uno del r\u00e9cord de Ancelotti"},"content":{"rendered":"<p><img src=\"http:\/\/hoycordobaweb.com\/wp-content\/uploads\/2022\/05\/el-uno-por-uno-del-record-de-ancelotti.jpg\"><\/p>\n<p>De 2004 a 2022. De aquella consagraci\u00f3n en Italia con el Milan a la <a data-cke-saved-href=\"https:\/\/www.ole.com.ar\/futbol-internacional\/espana\/real-madrid-espanyol_0_HJHgMd00bz.html\" target=\"_blank\" href=\"https:\/\/www.ole.com.ar\/futbol-internacional\/espana\/real-madrid-espanyol_0_HJHgMd00bz.html\" rel=\"noopener noreferrer\">actual con el Real Madrid<\/a> 18 a\u00f1os despu\u00e9s para completar el ciclo y cantar bingo. <strong>Carlo Ancelotti ya puede presumir algo que nadie m\u00e1s logr\u00f3 en la historia del f\u00fatbol: ser el \u00fanico entrenador que gan\u00f3 las cinco ligas top de Europa: LaLiga, Serie A, Premier League, Bundesliga y Ligue 1.<\/strong> Un logro tremendo del DT de 62 a\u00f1os.<\/p>\n<div class=\"sp__Normal\">\n<div class=\"image-embeb image-trigger\" readability=\"6\">\n<picture><source media=\"(min-width: 720px)\" srcset=\"http:\/\/hoycordobaweb.com\/wp-content\/uploads\/2022\/05\/el-uno-por-uno-del-record-de-ancelotti-2.jpg\"><img itemprop=\"image\" src=\"http:\/\/hoycordobaweb.com\/wp-content\/uploads\/2022\/05\/el-uno-por-uno-del-record-de-ancelotti-2.jpg\" loading=\"lazy\" alt=\"Los jugadores del Merengue tirando por los aires a su entrenador (REUTERS).\">\n<\/picture><figcaption readability=\"2\">\n<p>Los jugadores del Merengue tirando por los aires a su entrenador (REUTERS).\n<\/p>\n<\/figcaption><\/div>\n<\/div>\n<p><strong>Este s\u00e1bado termin\u00f3 de redondear lo que se ven\u00eda venir con los Merengues con <a data-cke-saved-href=\"https:\/\/www.ole.com.ar\/futbol-internacional\/espana\/real-madrid-espanyol_0_HJHgMd00bz.html\" target=\"_blank\" href=\"https:\/\/www.ole.com.ar\/futbol-internacional\/espana\/real-madrid-espanyol_0_HJHgMd00bz.html\" rel=\"noopener noreferrer\">el 4-0 al Espanyol y la vuelta ol\u00edmpica en el Santiago Bernab\u00e9u<\/a>.<\/strong> Una revancha personal adem\u00e1s para Carletto, porque en su primer ciclo en el Merengue (de 2013 a 2015) no hab\u00eda podido ganar LaLiga que esos dos a\u00f1os hab\u00edan sido para el Atl\u00e9tico (2013\/14) y Barcelona (14\/15).<strong> Ahora, se le dio y cuatro fechas antes del final.<\/strong><\/p>\n<div class=\"sp__SM\">\n<div class=\"content-new \">\n<span class=\"tit-mobile\">Mir\u00e1 tambi\u00e9n<\/span><\/p>\n<div class=\"mg\">\n<div class=\"wrap-figure\">\n<picture>\n<a href=\"https:\/\/www.ole.com.ar\/futbol-internacional\/espana\/real-madrid-espanyol_0_HJHgMd00bz.html\" target=\"_self\" rel=\"noopener noreferrer\"><br \/>\n<img class=\"img-responsive\" alt=\"El Real Madrid gole\u00f3 y es campe\u00f3n\" src=\"http:\/\/hoycordobaweb.com\/wp-content\/uploads\/2022\/05\/el-uno-por-uno-del-record-de-ancelotti-3.jpg\" loading=\"lazy\"><br \/>\n<\/a>\n<\/picture>\n<\/div>\n<\/div><\/div>\n<\/div>\n<p>Pero la historia de Ancelotti con los campeonatos locales comenz\u00f3 hace muchos a\u00f1os atr\u00e1s. Y bien vale el repaso por cada uno de estos cinco logros que hoy lo encumbran.<\/p>\n<h2><strong>MILAN &#8211; 2003\/04<\/strong><\/h2>\n<p><strong>En su Italia natal comenz\u00f3 todo<\/strong>. Con aquel recordado equipo Rossonero la temporada anterior hab\u00eda conseguido la Champions (luego cay\u00f3 en la Intercontinental vs. Boca) , por eso, para la campa\u00f1a 2003\/04 el objetivo pas\u00f3 a ser la Serie A. La consigui\u00f3 dos fechas antes del final: <strong>pele\u00f3 palmo a palmo con la Roma de Fabio Capello y con un 2-0 ante ellos en el Meazza dio la vuelta ante su gente.<\/strong><\/p>\n<div class=\"sp__Normal\">\n<div class=\"image-embeb image-trigger\" readability=\"7\">\n<picture><source media=\"(min-width: 720px)\" srcset=\"http:\/\/hoycordobaweb.com\/wp-content\/uploads\/2022\/05\/el-uno-por-uno-del-record-de-ancelotti-4.jpg\"><img itemprop=\"image\" src=\"http:\/\/hoycordobaweb.com\/wp-content\/uploads\/2022\/05\/el-uno-por-uno-del-record-de-ancelotti-4.jpg\" loading=\"lazy\" alt=\"Su primer festejo, tan deseado en el Milan con el que tambi\u00e9n hab\u00eda sido campe\u00f3n como jugador (AP).\">\n<\/picture><figcaption readability=\"4\">\n<p>Su primer festejo, tan deseado en el Milan con el que tambi\u00e9n hab\u00eda sido campe\u00f3n como jugador (AP).\n<\/p>\n<\/figcaption><\/div>\n<\/div>\n<p><u><strong>AS\u00cd FORMABA (4-3-2-1):<\/strong><\/u><strong> <\/strong>Dida; Caf\u00fa, Alessandro Nesta, Paolo Maldini, Giuseppe Pancaro; Gennaro Gattuso, Andrea Pirlo, Clarence Seedorf; Kak\u00e1, Rui Costa; Andriy Shevchenko.<br \/>\u200b<br \/><strong>Tambi\u00e9n jugaban:<\/strong> John Dahl Tomasson, Alessandro Costacurta, Massimo Ambrosini, Serginho, Filippo Inzaghi y Fernando Redondo (ocho PJ esa campa\u00f1a).<br \/>Goleador: Shevchenko, con 24.<\/p>\n<h2><strong>CHELSEA &#8211; 2009\/10<\/strong><\/h2>\n<p><strong>Despu\u00e9s de ocho temporadas en el Milan, asumi\u00f3 el desaf\u00edo en la Premier League. Y la gan\u00f3 de entrada. <\/strong>Fue un torneo incre\u00edble, que <strong>consigui\u00f3 por solo un punto de ventaja con el Manchester United de Alex Ferguson <\/strong>y al que le gan\u00f3 los dos duelos. Se consagr\u00f3 a lo grande, con un 8-0 en la \u00faltima fecha al Wigan. Y a los d\u00edas meti\u00f3 doblete conquistando la FA Cup.<\/p>\n<div class=\"sp__Normal\">\n<div class=\"image-embeb image-trigger\" readability=\"6\">\n<picture><source media=\"(min-width: 720px)\" srcset=\"http:\/\/hoycordobaweb.com\/wp-content\/uploads\/2022\/05\/el-uno-por-uno-del-record-de-ancelotti-5.jpg\"><img itemprop=\"image\" src=\"http:\/\/hoycordobaweb.com\/wp-content\/uploads\/2022\/05\/el-uno-por-uno-del-record-de-ancelotti-5.jpg\" loading=\"lazy\" alt=\"El italiano con el trofeo de la Premier que le gan\u00f3 por un punto al United de Ferguson (EFE).\">\n<\/picture><figcaption readability=\"2\">\n<p>El italiano con el trofeo de la Premier que le gan\u00f3 por un punto al United de Ferguson (EFE).\n<\/p>\n<\/figcaption><\/div>\n<\/div>\n<p><u><strong><\/strong><\/u><u><strong>AS\u00cd FORMABA (4-3-3 o 4-4-2): <\/strong><\/u>Petr Cech; Branislav Ivanovic, John Terry, Ricardo Carvalho, Ashley Cole; Frank LampardMichael Ballack, Florent Malouda; Nicol\u00e1s Anelka, Didier Drogba y Salomon Kalou.<br \/>\u200b<br \/><strong>Tambi\u00e9n jugaban:<\/strong> John Obi Mikel, Joe Cole, Deco, Michael Essien y Daniel Sturridge.<br \/>Goleador: Didier Drogba, con 29.<\/p>\n<h2><strong>PSG &#8211; 2012\/13<\/strong><\/h2>\n<p>Tras una segunda temporada sin \u00e9xitos en Londres, le marcaron la salida. Y apareci\u00f3 otro millonario como el Paris Saint-Germain que lo hizo su primer DT top en la era de los petrod\u00f3lares qatar\u00edes. Despu\u00e9s de arribar a mitad de la campa\u00f1a anterior, <strong>en la 2012\/13 se consagr\u00f3 en la Ligue 1 (la tercera de las ya 10 que suman)<\/strong>. Lo logr\u00f3 a tres fechas del final, dejando al Marsella segundo a 12 puntos.<\/p>\n<div class=\"sp__Normal\">\n<div class=\"image-embeb image-trigger\" readability=\"6.5\">\n<picture><source media=\"(min-width: 720px)\" srcset=\"http:\/\/hoycordobaweb.com\/wp-content\/uploads\/2022\/05\/el-uno-por-uno-del-record-de-ancelotti-6.jpg\"><img itemprop=\"image\" src=\"http:\/\/hoycordobaweb.com\/wp-content\/uploads\/2022\/05\/el-uno-por-uno-del-record-de-ancelotti-6.jpg\" loading=\"lazy\" alt=\"Carletto en el festejo con los parisinos, que coincidi\u00f3 con el retiro de Beckham.\">\n<\/picture><figcaption readability=\"3\">\n<p>Carletto en el festejo con los parisinos, que coincidi\u00f3 con el retiro de Beckham.\n<\/p>\n<\/figcaption><\/div>\n<\/div>\n<p><u><strong>AS\u00cd FORMABA (4-3-3):<\/strong><\/u> Salvatore Sirigu; Gregory Van der Wiel, Thiago Silva, Mamadou Sakho, Maxwell; Javier Pastore, Marco Verratti, Blaise Matuidi; Ezequiel Lavezzi, Zlatan Ibrahimovic y Jeremy Menez.<br \/>\u200b<br \/><strong>Tambi\u00e9n jugaban: <\/strong>Christophe Jallet, Kevin Gameiro, Thiago Motta, Lucas Moura, Adrien Rabiot y David Beckham, quien se retir\u00f3 all\u00ed.<br \/>Goleador: Ibrahimovic, con 30.<\/p>\n<h2><strong>BAYERN MUNICH &#8211; 2016\/17<\/strong><\/h2>\n<p>Despu\u00e9s de su salida del Real Madrid en el primer ciclo en el que no consigui\u00f3 Liga pero s\u00ed Champions, tras un a\u00f1o sin dirigir lo eligieron en el club b\u00e1varo para reemplazar a Pep Guardiola. <strong>Y la Bundesliga la consigui\u00f3 f\u00e1cil, tambi\u00e9n tres jornadas antes del final y termin\u00f3 con 15 puntos m\u00e1s que el RB Leipzig, el segundo. <\/strong>Fue el quinto t\u00edtulo de la actual racha de 10 al hilo de los de Munich.<\/p>\n<div class=\"sp__Normal\">\n<div class=\"image-embeb image-trigger\" readability=\"7\">\n<picture><source media=\"(min-width: 720px)\" srcset=\"http:\/\/hoycordobaweb.com\/wp-content\/uploads\/2022\/05\/el-uno-por-uno-del-record-de-ancelotti-7.jpg\"><img itemprop=\"image\" src=\"http:\/\/hoycordobaweb.com\/wp-content\/uploads\/2022\/05\/el-uno-por-uno-del-record-de-ancelotti-7.jpg\" loading=\"lazy\" alt=\"Carlo, a la derecha, en el festejo b\u00e1varo en 2017 (AFP).\">\n<\/picture><figcaption readability=\"4\">\n<p>Carlo, a la derecha, en el festejo b\u00e1varo en 2017 (AFP).\n<\/p>\n<\/figcaption><\/div>\n<\/div>\n<p><u><strong><\/strong><\/u><u><strong><\/strong><\/u><u><strong>AS\u00cd FORMABA (4-3-3):<\/strong><\/u> Manuel Neuer; Phillip Lahm, Javi Mart\u00ednez, Mats Hummels, David Alaba; Thiago Alc\u00e1ntara, Xabi Alonso, Arturo Vidal; Arjen Robben, Robert Lewandowski y Thomas M\u00fcller.<br \/>\u200b<br \/><strong>Tambi\u00e9n jugaban: <\/strong>Franck Ribery, Douglas Costa, Joshua Kimmich, Rafinha, Juan Bernat, Kingsley Coman, Renato Sanches y Jerome Boateng.<br \/>Goleador: Lewandowski, con 30.<\/p>\n<h2><strong>REAL MADRID &#8211; 2021\/22<\/strong><\/h2>\n<p>Despu\u00e9s de pasar por el Napoli y el Everton lejos de las grandes luces, <strong>Florentino P\u00e9rez volvi\u00f3 a confiar en Carlo para su Real Madrid.<\/strong> El DT asumi\u00f3 sabiendo que deb\u00eda reemplazar a Zinedine Zidane (ex ayudante suyo) y la temporada marcha muy bien. Ya gan\u00f3 la Supercopa Europea y este s\u00e1bado logr\u00f3 LaLiga tan ansiada con el <a data-cke-saved-href=\"https:\/\/www.ole.com.ar\/futbol-internacional\/espana\/real-madrid-espanyol_0_HJHgMd00bz.html\" target=\"_blank\" href=\"https:\/\/www.ole.com.ar\/futbol-internacional\/espana\/real-madrid-espanyol_0_HJHgMd00bz.html\" rel=\"noopener noreferrer\">4-0 al Espanyol<\/a> que por ahora marca una diferencia de 17 puntos vs. Sevilla.<\/p>\n<div class=\"sp__Normal\">\n<div class=\"image-embeb image-trigger\" readability=\"6.5\">\n<picture><source media=\"(min-width: 720px)\" srcset=\"http:\/\/hoycordobaweb.com\/wp-content\/uploads\/2022\/05\/el-uno-por-uno-del-record-de-ancelotti-8.jpg\"><img itemprop=\"image\" src=\"http:\/\/hoycordobaweb.com\/wp-content\/uploads\/2022\/05\/el-uno-por-uno-del-record-de-ancelotti-8.jpg\" loading=\"lazy\" alt=\"La fiesta del Real en su casa, un campe\u00f3n inapelable (AP).\">\n<\/picture><figcaption readability=\"3\">\n<p>La fiesta del Real en su casa, un campe\u00f3n inapelable (AP).\n<\/p>\n<\/figcaption><\/div>\n<\/div>\n<p><u><strong>AS\u00cd FORMA (4-3-3):<\/strong><\/u><strong> <\/strong>Thibaut Courtois; Dani Carvajal, \u00c9der Militao, David Alaba, Ferland Mendy; Luka Modric, Casemiro, Toni Kroos; Marco Asensio, Karim Benzema y Vin\u00edcius Jr.<br \/>\u200b<br \/><strong>Tambi\u00e9n juegan:<\/strong> Federico Valverde, Marcelo, Rodrygo, Nacho, Eduardo Camavinga, Lucas V\u00e1zquez, Gareth Bale y Eden Hazard.<br \/>\u200bGoleador: Benzema, con 25.<\/p>\n<h2><strong>OTRO REGISTRO \u00daNICO<\/strong><\/h2>\n<p>Con este t\u00edtulo, la Liga 35\u00aa del Real Madrid en su historia, Ancelotti tambi\u00e9n se asegur\u00f3 otro logro: ser el \u00fanico DT en los 120 a\u00f1os del club blanco que consigui\u00f3 los seis t\u00edtulos principales: Liga y Supercopa de Espa\u00f1a en 2022 m\u00e1s Champions, Mundial de Clubes y Copa del Rey en la 2013\/14. \u00bfY Zidane? S\u00f3lo le falt\u00f3 la Copa del Rey.<\/p>\n<div class=\"sp__Normal\">\n<div class=\"image-embeb image-trigger\" readability=\"7\">\n<picture><source media=\"(min-width: 720px)\" srcset=\"http:\/\/hoycordobaweb.com\/wp-content\/uploads\/2022\/05\/el-uno-por-uno-del-record-de-ancelotti-9.jpg\"><img itemprop=\"image\" src=\"http:\/\/hoycordobaweb.com\/wp-content\/uploads\/2022\/05\/el-uno-por-uno-del-record-de-ancelotti-9.jpg\" loading=\"lazy\" alt=\"La alegr\u00eda del italiano este s\u00e1bado, en el festejo por el t\u00edtulo en la capital espa\u00f1ola (REUTERS).\">\n<\/picture><figcaption readability=\"4\">\n<p>La alegr\u00eda del italiano este s\u00e1bado, en el festejo por el t\u00edtulo en la capital espa\u00f1ola (REUTERS).\n<\/p>\n<\/figcaption><\/div>\n<\/div>\n<h2><strong>\u00a1Y VA POR OTRO!<\/strong><\/h2>\n<p>Como si fuera poco, ahora Ancelotti va por otra marca que lo deje m\u00e1s alto todav\u00eda. Y tiene que ver con la Orejona porque ya comparte ser el m\u00e1s ganador con tres t\u00edtulos (2003 y 2007 con Milan y 2014 con el Real)&nbsp;junto con Bob Paisley (en Liverpool), y Zinedine Zidane (en Real Madrid), pero ahora va por una cuarta que lo deje solito arriba. Claro, para eso el mi\u00e9rcoles debe eliminar al City y llegar a la final. Con Carletto todo es posible&#8230;<\/p>\n<div class=\"sp__Normal\">\n<div class=\"image-embeb image-trigger\" readability=\"6\">\n<picture><source media=\"(min-width: 720px)\" srcset=\"http:\/\/hoycordobaweb.com\/wp-content\/uploads\/2022\/05\/el-uno-por-uno-del-record-de-ancelotti-10.jpg\"><img itemprop=\"image\" src=\"http:\/\/hoycordobaweb.com\/wp-content\/uploads\/2022\/05\/el-uno-por-uno-del-record-de-ancelotti-10.jpg\" loading=\"lazy\" alt=\"Ya es uno de los que m\u00e1s gan\u00f3 la Champions con tres y ahora va por la cuarta (EFE).\">\n<\/picture><figcaption readability=\"2\">\n<p>Ya es uno de los que m\u00e1s gan\u00f3 la Champions con tres y ahora va por la cuarta (EFE).\n<\/p>\n<\/figcaption><\/div>\n<\/div>\n<div class=\"entry-tags\">\n<h2>TEMAS QUE APARECEN EN ESTA NOTA<\/h2>\n<\/p><\/div>\n","protected":false},"excerpt":{"rendered":"<p>De 2004 a 2022. De aquella consagraci\u00f3n en Italia con el Milan a la actual con el Real Madrid 18 a\u00f1os despu\u00e9s para completar el ciclo y cantar bingo. Carlo Ancelotti ya puede presumir algo que nadie m\u00e1s logr\u00f3 en la historia del f\u00fatbol: ser el \u00fanico entrenador que gan\u00f3 las cinco ligas top de [&hellip;]<\/p>\n","protected":false},"author":1,"featured_media":40841,"comment_status":"open","ping_status":"closed","sticky":false,"template":"","format":"standard","meta":[],"categories":[16],"tags":[],"_links":{"self":[{"href":"http:\/\/hoycordobaweb.com\/index.php\/wp-json\/wp\/v2\/posts\/40840"}],"collection":[{"href":"http:\/\/hoycordobaweb.com\/index.php\/wp-json\/wp\/v2\/posts"}],"about":[{"href":"http:\/\/hoycordobaweb.com\/index.php\/wp-json\/wp\/v2\/types\/post"}],"author":[{"embeddable":true,"href":"http:\/\/hoycordobaweb.com\/index.php\/wp-json\/wp\/v2\/users\/1"}],"replies":[{"embeddable":true,"href":"http:\/\/hoycordobaweb.com\/index.php\/wp-json\/wp\/v2\/comments?post=40840"}],"version-history":[{"count":0,"href":"http:\/\/hoycordobaweb.com\/index.php\/wp-json\/wp\/v2\/posts\/40840\/revisions"}],"wp:featuredmedia":[{"embeddable":true,"href":"http:\/\/hoycordobaweb.com\/index.php\/wp-json\/wp\/v2\/media\/40841"}],"wp:attachment":[{"href":"http:\/\/hoycordobaweb.com\/index.php\/wp-json\/wp\/v2\/media?parent=40840"}],"wp:term":[{"taxonomy":"category","embeddable":true,"href":"http:\/\/hoycordobaweb.com\/index.php\/wp-json\/wp\/v2\/categories?post=40840"},{"taxonomy":"post_tag","embeddable":true,"href":"http:\/\/hoycordobaweb.com\/index.php\/wp-json\/wp\/v2\/tags?post=40840"}],"curies":[{"name":"wp","href":"https:\/\/api.w.org\/{rel}","templated":true}]}}