{"id":40799,"date":"2022-04-30T09:00:34","date_gmt":"2022-04-30T09:00:34","guid":{"rendered":"https:\/\/www.trendencias.com\/propuestas-y-consejos\/tendencias-gafas-sol-para-esta-primavera-verano-2022-tiktok-ha-hablado-este-resultado"},"modified":"2022-04-30T09:00:34","modified_gmt":"2022-04-30T09:00:34","slug":"tendencias-en-gafas-de-sol-para-esta-primavera-verano-2022-tiktok-ha-hablado-y-este-es-el-resultado","status":"publish","type":"post","link":"http:\/\/hoycordobaweb.com\/index.php\/2022\/04\/30\/tendencias-en-gafas-de-sol-para-esta-primavera-verano-2022-tiktok-ha-hablado-y-este-es-el-resultado\/","title":{"rendered":"Tendencias en gafas de sol para esta primavera-verano 2022: TikTok ha hablado y este es el resultado"},"content":{"rendered":"<p>Si eres amante de los <a href=\"https:\/\/www.trendencias.com\/shopping\/encontramos-rebajadas-gafas-sol-coleccion-paula-echevarria-x-hawkers-prometen-ser-accesorio-temporada\">complementos<\/a> y quieres estar a la \u00faltima de las tendencias en materia de <a href=\"https:\/\/www.trendencias.com\/moda-famosas\/nuria-roca-anuncia-complemento-top-temporada-unas-gafas-sol-verdes-cero-discretas-muy-molonas\">gafas de sol<\/a>, Tik Tok es el lugar donde encontrar los modelos que (s\u00ed o s\u00ed) lo petar\u00e1n los pr\u00f3ximos meses. No importa si te van las gafas algo m\u00e1s \u00ababurridas\u00bb o las alternativas que centran todas las miradas -nunca mejor dicho- aqu\u00ed va <strong>una selecci\u00f3n de dise\u00f1os por los que todo el mundo te preguntar\u00e1.<\/strong><\/p>\n<p><!-- BREAK 1 --><\/p>\n<div class=\"article-asset article-asset-normal article-asset-center\">\n<div class=\"desvio-container\">\n<div class=\"desvio\">\n<div class=\"desvio-figure js-desvio-figure\"> <a href=\"https:\/\/www.trendencias.com\/moda-famosas\/nuria-roca-anuncia-complemento-top-temporada-unas-gafas-sol-verdes-cero-discretas-muy-molonas\"> <img alt=\"Nuria Roca anuncia el complemento top de la temporada: unas gafas de sol verdes cero discretas (pero muy molonas) \" src=\"http:\/\/hoycordobaweb.com\/wp-content\/uploads\/2022\/04\/tendencias-en-gafas-de-sol-para-esta-primavera-verano-2022-tiktok-ha-hablado-y-este-es-el-resultado.jpg\"> <\/a> <\/div><\/div><\/div>\n<\/div>\n<h2>Gafas estilo ciclista<\/h2>\n<p>Empezamos fuerte con una tendencia que lleva entre nosotras un par de a\u00f1os, pero que reafirma su poder con el paso del tiempo. Las gafas estilo ciclista (que ver\u00e1s mucho m\u00e1s entre las modernas de la ciudad, no nos enga\u00f1emos) <strong>aporten ese toque mol\u00f3n a cualquier <\/strong><em><strong>look<\/strong><\/em><strong> urbano<\/strong>.&nbsp;<\/p>\n<p><!-- BREAK 2 --> <\/p>\n<div class=\"article-asset-image article-asset-normal article-asset-center\">\n<div class=\"asset-content\">\n<div class=\"base-wrapper-image\"> <img class=\"sf-lazy centro_sinmarco\" data-sf-srcset=\"http:\/\/hoycordobaweb.com\/wp-content\/uploads\/2022\/04\/tendencias-en-gafas-de-sol-para-esta-primavera-verano-2022-tiktok-ha-hablado-y-este-es-el-resultado-1.jpg 450w, http:\/\/hoycordobaweb.com\/wp-content\/uploads\/2022\/04\/tendencias-en-gafas-de-sol-para-esta-primavera-verano-2022-tiktok-ha-hablado-y-este-es-el-resultado-11.jpg 681w,http:\/\/hoycordobaweb.com\/wp-content\/uploads\/2022\/04\/tendencias-en-gafas-de-sol-para-esta-primavera-verano-2022-tiktok-ha-hablado-y-este-es-el-resultado-12.jpg 1024w, http:\/\/hoycordobaweb.com\/wp-content\/uploads\/2022\/04\/tendencias-en-gafas-de-sol-para-esta-primavera-verano-2022-tiktok-ha-hablado-y-este-es-el-resultado-13.jpg 1366w,\" data-sf-src=\"http:\/\/hoycordobaweb.com\/wp-content\/uploads\/2022\/04\/tendencias-en-gafas-de-sol-para-esta-primavera-verano-2022-tiktok-ha-hablado-y-este-es-el-resultado-1.jpg\" alt=\"Gafas estilo ciclista\"> <noscript><img alt=\"Gafas estilo ciclista\" class=\"centro_sinmarco\" src=\"http:\/\/hoycordobaweb.com\/wp-content\/uploads\/2022\/04\/tendencias-en-gafas-de-sol-para-esta-primavera-verano-2022-tiktok-ha-hablado-y-este-es-el-resultado-1.jpg\"><\/noscript> <\/div><\/div>\n<\/div>\n<p>Gafas estilo ciclista de Bershka. <a href=\"https:\/\/www.trendencias.com\/redirect?url=https%3A%2F%2Fwww.bershka.com%2Fes%2Fgafas-sol-ciclista-c0p103852285.html%3FcolorId%3D800&amp;category=propuestas-y-consejos\">12,99 euros.<\/a><\/p>\n<p><!-- BREAK 3 --><!-- PIVOT START --><\/p>\n<div class=\"pivot-ecommerce-container\">\n<div class=\"pivot-ecommerce\" readability=\"3.3461538461538\">\n<div class=\"pivot-ecommerce-figure\"> <img alt=\"Gafas de sol estilo ciclista\" src=\"http:\/\/hoycordobaweb.com\/wp-content\/uploads\/2022\/04\/tendencias-en-gafas-de-sol-para-esta-primavera-verano-2022-tiktok-ha-hablado-y-este-es-el-resultado-2.jpg\"> <\/div>\n<div class=\"pivot-ecommerce-summary\" readability=\"3.9038461538462\">\n<p class=\"pivot-ecommerce-desc\">Gafas de sol estilo ciclista<\/p>\n<\/p><\/div><\/div>\n<\/div>\n<p><!-- PIVOT END --><\/p>\n<h2>Gafas a todo color<\/h2>\n<div class=\"article-asset-rich-content article-asset-normal\">\n<div class=\"asset-content\">\n<blockquote data-video-id=\"7042683901424209158\" cite=\"https:\/\/www.tiktok.com\/@millanef\/video\/7042683901424209158\" class=\"tiktok-embed\" readability=\"1.7837837837838\">\n<section readability=\"0.89189189189189\"> <a href=\"https:\/\/www.tiktok.com\/@millanef\" title=\"@millanef\" target=\"_blank\" rel=\"noopener noreferrer\">@millanef<\/a> <\/p>\n<p>catch my iconic sunglasses \ud83d\ude0e<\/p>\n<p> <a href=\"https:\/\/www.tiktok.com\/music\/FRONTIN-6996686469700045573\" title=\"\u266c FRONTIN - Omnily hunnye \ud83c\udf2c\" target=\"_blank\" rel=\"noopener noreferrer\">\u266c FRONTIN &#8211; Omnily hunnye \ud83c\udf2c<\/a> <\/section>\n<\/blockquote><\/div>\n<\/div>\n<p>Seguimos hablando de gafas que tienen cero de discretas. En este caso, nos quedamos con los dise\u00f1os a <a href=\"https:\/\/www.trendencias.com\/complementos-ellas\/este-otono-gafas-sol-se-presentan-cristal-color-naranja-amarillo-palabra-street-style\">todo color<\/a> (cristales incluidos). Esta tendencia <strong>nos flipa porque apuesta por diferentes siluetas de monturas<\/strong>, as\u00ed que puedes quedarte con la que mejor encaje con tu rostro (aviador, <em>cat eye<\/em>, XXL&#8230;).<\/p>\n<p><!-- BREAK 4 --><\/p>\n<div class=\"article-asset-image article-asset-normal article-asset-center\">\n<div class=\"asset-content\">\n<div class=\"base-wrapper-image\"> <img class=\"sf-lazy centro_sinmarco\" data-sf-srcset=\"http:\/\/hoycordobaweb.com\/wp-content\/uploads\/2022\/04\/tendencias-en-gafas-de-sol-para-esta-primavera-verano-2022-tiktok-ha-hablado-y-este-es-el-resultado-3.jpg 450w, http:\/\/hoycordobaweb.com\/wp-content\/uploads\/2022\/04\/tendencias-en-gafas-de-sol-para-esta-primavera-verano-2022-tiktok-ha-hablado-y-este-es-el-resultado-14.jpg 681w,http:\/\/hoycordobaweb.com\/wp-content\/uploads\/2022\/04\/tendencias-en-gafas-de-sol-para-esta-primavera-verano-2022-tiktok-ha-hablado-y-este-es-el-resultado-15.jpg 1024w, http:\/\/hoycordobaweb.com\/wp-content\/uploads\/2022\/04\/tendencias-en-gafas-de-sol-para-esta-primavera-verano-2022-tiktok-ha-hablado-y-este-es-el-resultado-16.jpg 1366w,\" data-sf-src=\"http:\/\/hoycordobaweb.com\/wp-content\/uploads\/2022\/04\/tendencias-en-gafas-de-sol-para-esta-primavera-verano-2022-tiktok-ha-hablado-y-este-es-el-resultado-3.jpg\" alt=\"gafas\"> <noscript><img alt=\"gafas\" class=\"centro_sinmarco\" src=\"http:\/\/hoycordobaweb.com\/wp-content\/uploads\/2022\/04\/tendencias-en-gafas-de-sol-para-esta-primavera-verano-2022-tiktok-ha-hablado-y-este-es-el-resultado-3.jpg\"><\/noscript> <\/div><\/div>\n<\/div>\n<p>Gafas de sol de Bershka. <a href=\"https:\/\/www.trendencias.com\/redirect?url=https%3A%2F%2Fwww.bershka.com%2Fes%2Fgafas-de-sol-color-c0p114029351.html%3FcolorId%3D300%26stylismId%3D1&amp;category=propuestas-y-consejos\">9,99 euros.<\/a><\/p>\n<p><!-- BREAK 5 --><!-- PIVOT START --><\/p>\n<div class=\"pivot-ecommerce-container\">\n<div class=\"pivot-ecommerce\">\n<div class=\"pivot-ecommerce-figure\"> <img alt=\"Gafas de sol\" src=\"http:\/\/hoycordobaweb.com\/wp-content\/uploads\/2022\/04\/tendencias-en-gafas-de-sol-para-esta-primavera-verano-2022-tiktok-ha-hablado-y-este-es-el-resultado-4.jpg\"> <\/div>\n<div class=\"pivot-ecommerce-summary\">\n<p class=\"pivot-ecommerce-desc\">Gafas de sol<\/p>\n<\/p><\/div><\/div>\n<\/div>\n<p><!-- PIVOT END --><\/p>\n<h2>Gafas rectangulares<\/h2>\n<p>S\u00ed, la tendencia <a href=\"https:\/\/www.trendencias.com\/tendencias\/estilo-y2k-sigue-petandolo-mundo-moda-bienvenidas-al-comienzo-2000\">Y2K<\/a> tambi\u00e9n defiende en uso de las gafas de sol rectangulares que <strong>llevaban todas las millennials cuando eran <\/strong><em><strong>teen<\/strong><\/em>. Ahora solo hay una norma: quedan mejor con el pelo recogido y dos mechones sueltos.&nbsp;<\/p>\n<p><!-- BREAK 6 --><\/p>\n<div class=\"article-asset-image article-asset-normal article-asset-center\">\n<div class=\"asset-content\">\n<div class=\"base-wrapper-image\"> <img class=\"sf-lazy centro_sinmarco\" data-sf-srcset=\"http:\/\/hoycordobaweb.com\/wp-content\/uploads\/2022\/04\/tendencias-en-gafas-de-sol-para-esta-primavera-verano-2022-tiktok-ha-hablado-y-este-es-el-resultado-5.jpg 450w, http:\/\/hoycordobaweb.com\/wp-content\/uploads\/2022\/04\/tendencias-en-gafas-de-sol-para-esta-primavera-verano-2022-tiktok-ha-hablado-y-este-es-el-resultado-17.jpg 681w,http:\/\/hoycordobaweb.com\/wp-content\/uploads\/2022\/04\/tendencias-en-gafas-de-sol-para-esta-primavera-verano-2022-tiktok-ha-hablado-y-este-es-el-resultado-18.jpg 1024w, http:\/\/hoycordobaweb.com\/wp-content\/uploads\/2022\/04\/tendencias-en-gafas-de-sol-para-esta-primavera-verano-2022-tiktok-ha-hablado-y-este-es-el-resultado-19.jpg 1366w,\" data-sf-src=\"http:\/\/hoycordobaweb.com\/wp-content\/uploads\/2022\/04\/tendencias-en-gafas-de-sol-para-esta-primavera-verano-2022-tiktok-ha-hablado-y-este-es-el-resultado-5.jpg\" alt=\"gafas de sol\"> <noscript><img alt=\"gafas de sol\" class=\"centro_sinmarco\" src=\"http:\/\/hoycordobaweb.com\/wp-content\/uploads\/2022\/04\/tendencias-en-gafas-de-sol-para-esta-primavera-verano-2022-tiktok-ha-hablado-y-este-es-el-resultado-5.jpg\"><\/noscript> <\/div><\/div>\n<\/div>\n<p>Gafas Lovebox Sun de M\u00f3. <a href=\"https:\/\/www.multiopticas.com\/on\/demandware.store\/Sites-Multiopticas-Site\/ca_ES\/Product-Variation?pid=mo-lovebox-sun&amp;dwvar_mo-lovebox-sun_color=b-orange\">39 euros.<\/a><\/p>\n<p><!-- BREAK 7 --><\/p>\n<div class=\"article-asset article-asset-normal article-asset-center\">\n<div class=\"desvio-container\">\n<div class=\"desvio\">\n<div class=\"desvio-figure js-desvio-figure\"> <a href=\"https:\/\/www.trendencias.com\/shopping\/encontramos-rebajadas-gafas-sol-coleccion-paula-echevarria-x-hawkers-prometen-ser-accesorio-temporada\"> <img alt=\"Encontramos rebajadas las gafas de sol de la colecci\u00f3n de Paula Echevarr\u00eda x Hawkers (y prometen ser el accesorio de la temporada)\" src=\"http:\/\/hoycordobaweb.com\/wp-content\/uploads\/2022\/04\/tendencias-en-gafas-de-sol-para-esta-primavera-verano-2022-tiktok-ha-hablado-y-este-es-el-resultado-6.jpg\"> <\/a> <\/div><\/div><\/div>\n<\/div>\n<h2>Gafas redondas<\/h2>\n<div class=\"article-asset-rich-content article-asset-normal\">\n<div class=\"asset-content\">\n<blockquote data-video-id=\"7030982949692542213\" cite=\"https:\/\/www.tiktok.com\/@baysbadankadonk\/video\/7030982949692542213\" class=\"tiktok-embed\" readability=\"1.9090909090909\">\n<section readability=\"0.95454545454545\"> <a href=\"https:\/\/www.tiktok.com\/@baysbadankadonk\" title=\"@baysbadankadonk\" target=\"_blank\" rel=\"noopener noreferrer\">@baysbadankadonk<\/a> <\/p>\n<p>sunglasses inside get all the ladies tbh<\/p>\n<p> <a href=\"https:\/\/www.tiktok.com\/music\/original-sound-7026055536240069378\" title=\"\u266c original sound - \u270c\ufe0e\ufe0e\" target=\"_blank\" rel=\"noopener noreferrer\">\u266c original sound &#8211; \u270c\ufe0e\ufe0e<\/a> <\/section>\n<\/blockquote><\/div>\n<\/div>\n<p>Si eres fan\u00e1tica de las gafas redondas, como una servidora, est\u00e1s de enhorabuena este 2022: <strong>los dise\u00f1os a lo John Lennon est\u00e1n en el cat\u00e1logo de casi todas las firmas<\/strong>. Sin lugar a dudas, nos encantan para crear <a href=\"https:\/\/www.trendencias.com\/propuestas-y-consejos\/calendario-todos-festivales-musica-2022-para-organizar-planazo-constante-actualizacion\"><em>looks<\/em> festivaleros<\/a> de lo m\u00e1s potentes.&nbsp;<\/p>\n<p><!-- BREAK 8 --><\/p>\n<div class=\"article-asset-image article-asset-normal article-asset-center\">\n<div class=\"asset-content\">\n<div class=\"base-wrapper-image\"> <img class=\"sf-lazy centro_sinmarco\" data-sf-srcset=\"http:\/\/hoycordobaweb.com\/wp-content\/uploads\/2022\/04\/tendencias-en-gafas-de-sol-para-esta-primavera-verano-2022-tiktok-ha-hablado-y-este-es-el-resultado-7.jpg 450w, http:\/\/hoycordobaweb.com\/wp-content\/uploads\/2022\/04\/tendencias-en-gafas-de-sol-para-esta-primavera-verano-2022-tiktok-ha-hablado-y-este-es-el-resultado-20.jpg 681w,http:\/\/hoycordobaweb.com\/wp-content\/uploads\/2022\/04\/tendencias-en-gafas-de-sol-para-esta-primavera-verano-2022-tiktok-ha-hablado-y-este-es-el-resultado-21.jpg 1024w, http:\/\/hoycordobaweb.com\/wp-content\/uploads\/2022\/04\/tendencias-en-gafas-de-sol-para-esta-primavera-verano-2022-tiktok-ha-hablado-y-este-es-el-resultado-22.jpg 1366w,\" data-sf-src=\"http:\/\/hoycordobaweb.com\/wp-content\/uploads\/2022\/04\/tendencias-en-gafas-de-sol-para-esta-primavera-verano-2022-tiktok-ha-hablado-y-este-es-el-resultado-7.jpg\" alt=\"gafas de sol\"> <noscript><img alt=\"gafas de sol\" class=\"centro_sinmarco\" src=\"http:\/\/hoycordobaweb.com\/wp-content\/uploads\/2022\/04\/tendencias-en-gafas-de-sol-para-esta-primavera-verano-2022-tiktok-ha-hablado-y-este-es-el-resultado-7.jpg\"><\/noscript> <\/div><\/div>\n<\/div>\n<p>Gafas Recoleta Sun de Barner. <a href=\"https:\/\/barnerbrand.com\/products\/recoleta-gold-matte-sun\">69 euros.<\/a><\/p>\n<p><!-- BREAK 9 --><\/p>\n<h2>Gafas de coraz\u00f3n<\/h2>\n<div class=\"article-asset-rich-content article-asset-normal\">\n<div class=\"asset-content\">\n<blockquote data-video-id=\"7018224047834041606\" cite=\"https:\/\/www.tiktok.com\/@4niall\/video\/7018224047834041606\" class=\"tiktok-embed\">\n<section> <a href=\"https:\/\/www.tiktok.com\/@4niall\" title=\"@4niall\" target=\"_blank\" rel=\"noopener noreferrer\">@4niall<\/a> <\/p>\n<p>Heart shaped sunglasses<\/p>\n<p> <a href=\"https:\/\/www.tiktok.com\/music\/original-sound-7018223895002106629\" title=\"\u266c original sound - anna\" target=\"_blank\" rel=\"noopener noreferrer\">\u266c original sound &#8211; anna<\/a> <\/section>\n<\/blockquote><\/div>\n<\/div>\n<p>Un segundo de atenci\u00f3n, por favor. Seas o no fan de Harry Styles (que, por cierto, no serlo ser\u00eda bastante extra\u00f1o, pero bueno), seguro que caer\u00e1s rendida ante<strong> la belleza de gafas que el artista ha lucido en numerosos conciertos<\/strong>. \u00bfLa clave? Una montura en forma de coraz\u00f3n. De nuevo, un complemento <em>top<\/em> para los <em>festis<\/em> del verano.&nbsp;<\/p>\n<p><!-- BREAK 10 --><\/p>\n<div class=\"article-asset-image article-asset-normal article-asset-center\">\n<div class=\"asset-content\">\n<div class=\"base-wrapper-image\"> <img class=\"sf-lazy centro_sinmarco\" data-sf-srcset=\"http:\/\/hoycordobaweb.com\/wp-content\/uploads\/2022\/04\/tendencias-en-gafas-de-sol-para-esta-primavera-verano-2022-tiktok-ha-hablado-y-este-es-el-resultado-8.jpg 450w, http:\/\/hoycordobaweb.com\/wp-content\/uploads\/2022\/04\/tendencias-en-gafas-de-sol-para-esta-primavera-verano-2022-tiktok-ha-hablado-y-este-es-el-resultado-23.jpg 681w,http:\/\/hoycordobaweb.com\/wp-content\/uploads\/2022\/04\/tendencias-en-gafas-de-sol-para-esta-primavera-verano-2022-tiktok-ha-hablado-y-este-es-el-resultado-24.jpg 1024w, http:\/\/hoycordobaweb.com\/wp-content\/uploads\/2022\/04\/tendencias-en-gafas-de-sol-para-esta-primavera-verano-2022-tiktok-ha-hablado-y-este-es-el-resultado-25.jpg 1366w,\" data-sf-src=\"http:\/\/hoycordobaweb.com\/wp-content\/uploads\/2022\/04\/tendencias-en-gafas-de-sol-para-esta-primavera-verano-2022-tiktok-ha-hablado-y-este-es-el-resultado-8.jpg\" alt=\"gafas\"> <noscript><img alt=\"gafas\" class=\"centro_sinmarco\" src=\"http:\/\/hoycordobaweb.com\/wp-content\/uploads\/2022\/04\/tendencias-en-gafas-de-sol-para-esta-primavera-verano-2022-tiktok-ha-hablado-y-este-es-el-resultado-8.jpg\"><\/noscript> <\/div><\/div>\n<\/div>\n<p>Gafas de sol con forma de coraz\u00f3n de Lefties. <a href=\"https:\/\/www.trendencias.com\/redirect?url=https%3A%2F%2Fwww.lefties.com%2Fes%2Fni%25C3%25B1os%2Fgafas-de-coraz%25C3%25B3n-c1030267671p511716830.html%3FcolorId%3D620&amp;category=propuestas-y-consejos\">3,99 euros<\/a>.<\/p>\n<p><!-- BREAK 11 --><!-- PIVOT START --><\/p>\n<div class=\"pivot-ecommerce-container\">\n<div class=\"pivot-ecommerce\" readability=\"3.6842105263158\">\n<div class=\"pivot-ecommerce-figure\"> <img alt=\"Gafas de sol con forma de coraz\u00f3n\" src=\"http:\/\/hoycordobaweb.com\/wp-content\/uploads\/2022\/04\/tendencias-en-gafas-de-sol-para-esta-primavera-verano-2022-tiktok-ha-hablado-y-este-es-el-resultado-9.jpg\"> <\/div>\n<div class=\"pivot-ecommerce-summary\" readability=\"4.2982456140351\">\n<p class=\"pivot-ecommerce-desc\">Gafas de sol con forma de coraz\u00f3n<\/p>\n<\/p><\/div><\/div>\n<\/div>\n<p><!-- PIVOT END --><\/p>\n<blockquote><p><em>Nota: algunos de los enlaces aqu\u00ed publicados son de afiliados. A pesar de ello, ninguno de los art\u00edculos mencionados han sido propuestos ni por las marcas ni por las tiendas, siendo su introducci\u00f3n una decisi\u00f3n \u00fanica del equipo de editores.<\/em><\/p><\/blockquote>\n<p>Fotos | @<a href=\"https:\/\/www.instagram.com\/ninasandbech\/\">ninasandbech<\/a>, Lefites, Bershka, Multi\u00f3pticas, Barner<\/p>\n<p><!-- BREAK 12 --> <\/p>\n","protected":false},"excerpt":{"rendered":"<p>Si eres amante de los complementos y quieres estar a la \u00faltima de las tendencias en materia de gafas de sol, Tik Tok es el lugar donde encontrar los modelos que (s\u00ed o s\u00ed) lo petar\u00e1n los pr\u00f3ximos meses. No importa si te van las gafas algo m\u00e1s \u00ababurridas\u00bb o las alternativas que centran todas [&hellip;]<\/p>\n","protected":false},"author":1,"featured_media":40800,"comment_status":"closed","ping_status":"closed","sticky":false,"template":"","format":"standard","meta":[],"categories":[1],"tags":[],"_links":{"self":[{"href":"http:\/\/hoycordobaweb.com\/index.php\/wp-json\/wp\/v2\/posts\/40799"}],"collection":[{"href":"http:\/\/hoycordobaweb.com\/index.php\/wp-json\/wp\/v2\/posts"}],"about":[{"href":"http:\/\/hoycordobaweb.com\/index.php\/wp-json\/wp\/v2\/types\/post"}],"author":[{"embeddable":true,"href":"http:\/\/hoycordobaweb.com\/index.php\/wp-json\/wp\/v2\/users\/1"}],"replies":[{"embeddable":true,"href":"http:\/\/hoycordobaweb.com\/index.php\/wp-json\/wp\/v2\/comments?post=40799"}],"version-history":[{"count":0,"href":"http:\/\/hoycordobaweb.com\/index.php\/wp-json\/wp\/v2\/posts\/40799\/revisions"}],"wp:featuredmedia":[{"embeddable":true,"href":"http:\/\/hoycordobaweb.com\/index.php\/wp-json\/wp\/v2\/media\/40800"}],"wp:attachment":[{"href":"http:\/\/hoycordobaweb.com\/index.php\/wp-json\/wp\/v2\/media?parent=40799"}],"wp:term":[{"taxonomy":"category","embeddable":true,"href":"http:\/\/hoycordobaweb.com\/index.php\/wp-json\/wp\/v2\/categories?post=40799"},{"taxonomy":"post_tag","embeddable":true,"href":"http:\/\/hoycordobaweb.com\/index.php\/wp-json\/wp\/v2\/tags?post=40799"}],"curies":[{"name":"wp","href":"https:\/\/api.w.org\/{rel}","templated":true}]}}