{"id":40670,"date":"2022-04-28T02:54:56","date_gmt":"2022-04-28T02:54:56","guid":{"rendered":"https:\/\/www.ole.com.ar\/futbol-internacional\/libertadores\/river-colo-colo-libertadores_0_G0ITNNDIIU.html"},"modified":"2022-04-28T02:54:56","modified_gmt":"2022-04-28T02:54:56","slug":"polemica-con-var-podrian-haber-anulado-el-primer-gol-de-river","status":"publish","type":"post","link":"http:\/\/hoycordobaweb.com\/index.php\/2022\/04\/28\/polemica-con-var-podrian-haber-anulado-el-primer-gol-de-river\/","title":{"rendered":"Pol\u00e9mica: con VAR podr\u00edan haber anulado el primer gol de River"},"content":{"rendered":"<p><img src=\"http:\/\/hoycordobaweb.com\/wp-content\/uploads\/2022\/04\/polemica-con-var-podrian-haber-anulado-el-primer-gol-de-river.jpg\"><\/p>\n<p><strong><a alt=\"river-plate\" class=\"slug\" href=\"https:\/\/www.ole.com.ar\/tema\/river-plate.html\" target=\"_blank\" title=\"river-plate\" rel=\"noopener noreferrer\">River <\/a><\/strong>consigui\u00f3 un triunfazo ante <strong><a alt=\"colo-colo\" class=\"slug\" href=\"https:\/\/www.ole.com.ar\/tema\/colo-colo.html\" target=\"_blank\" title=\"colo-colo\" rel=\"noopener noreferrer\">Colo Colo<\/a><\/strong>, <a href=\"https:\/\/www.ole.com.ar\/river-plate\/copa-libertadores-colo-colo-river_0_G6CHVtxZex.html\" target=\"_blank\" rel=\"noopener noreferrer\">con el que encamin\u00f3 su clasificaci\u00f3n a los octavos de final de la Copa Libertadores<\/a>. Con goles de <strong><a alt=\"matias-suarez\" class=\"slug\" href=\"https:\/\/www.ole.com.ar\/tema\/matias-suarez.html\" target=\"_blank\" title=\"matias-suarez\" rel=\"noopener noreferrer\">Mat\u00edas Su\u00e1rez <\/a><\/strong>y <strong><a alt=\"esequiel-barco\" class=\"slug\" href=\"https:\/\/www.ole.com.ar\/tema\/esequiel-barco.html\" target=\"_blank\" title=\"esequiel-barco\" rel=\"noopener noreferrer\">Esequiel Barco<\/a><\/strong>, el equipo del Mu\u00f1eco Gallardo gan\u00f3 2-1 en Santiago de Chile y qued\u00f3 como \u00fanico l\u00edder en su grupo. Sin embargo, el tanto del cordob\u00e9s, el que abri\u00f3 el partido, p<strong>odr\u00eda haber sido anulado por una infracci\u00f3n en la fase inicial de la jugada.&nbsp;<\/strong><\/p>\n<p>Iban 36 minutos del segundo tiempo cuando <strong>Paulo D\u00edaz fue a disputar una pelota con Alexander Oroz<\/strong>. El defensor lleg\u00f3 antes al choque y toc\u00f3 la bocha<strong>, sin embargo en su barrida termin\u00f3 impactando con su muslo izquierdo al futbolista chileno y lo derrib\u00f3<\/strong>. Por el golpe, Oroz qued\u00f3 afuera de la jugada y no pudo participar en la recuperaci\u00f3n.<\/p>\n<div class=\"sp__Normal\">\n<div class=\"image-embeb image-trigger\">\n<picture><source media=\"(min-width: 720px)\" srcset=\"http:\/\/hoycordobaweb.com\/wp-content\/uploads\/2022\/04\/polemica-con-var-podrian-haber-anulado-el-primer-gol-de-river-2.jpg\"><img itemprop=\"image\" src=\"http:\/\/hoycordobaweb.com\/wp-content\/uploads\/2022\/04\/polemica-con-var-podrian-haber-anulado-el-primer-gol-de-river-2.jpg\" loading=\"lazy\" alt=\"La falta de Paulo D\u00edaz.\">\n<\/picture><figcaption>\n<p>La falta de Paulo D\u00edaz.\n<\/p>\n<\/figcaption><\/div>\n<\/div>\n<div class=\"sp__SM\">\n<div class=\"content-new \">\n<span class=\"tit-mobile\">Mir\u00e1 tambi\u00e9n<\/span><\/p>\n<div class=\"mg\">\n<div class=\"wrap-figure\">\n<picture>\n<a href=\"https:\/\/www.ole.com.ar\/futbol-internacional\/libertadores\/gallardo-river-colo-colo-libertadores_0_K9vGSi728b.html\" target=\"_self\" rel=\"noopener noreferrer\"><br \/>\n<img class=\"img-responsive\" alt=\"Gallardo: &quot;Los jugadores necesitaban un partido para pisar fuerte en la Copa&quot;\" src=\"http:\/\/hoycordobaweb.com\/wp-content\/uploads\/2022\/04\/polemica-con-var-podrian-haber-anulado-el-primer-gol-de-river-3.jpg\" loading=\"lazy\"><br \/>\n<\/a>\n<\/picture>\n<\/div>\n<\/div><\/div>\n<\/div>\n<p><strong>El refer\u00ed Alexis Herrera no cobr\u00f3 la falta, la jugada continu\u00f3 y termin\u00f3 en el 1-0 de Su\u00e1rez<\/strong>. Como no hay VAR en la fase de grupos de la Libertadores, el gol fue convalidado pese a la infracci\u00f3n en el inicio de la jugada.&nbsp;<\/p>\n<div class=\"sp__SM\">\n<div class=\"content-new \">\n<span class=\"tit-mobile\">Mir\u00e1 tambi\u00e9n<\/span><\/p>\n<div class=\"mg\">\n<div class=\"wrap-figure\">\n<picture>\n<a href=\"https:\/\/www.ole.com.ar\/futbol-internacional\/libertadores\/river-colo-colo-gol-barco_0_uQEnhkPAVe.html\" target=\"_self\" rel=\"noopener noreferrer\"><br \/>\n<img class=\"img-responsive\" alt=\"Video: el golazo de Barco en su vuelta\" src=\"http:\/\/hoycordobaweb.com\/wp-content\/uploads\/2022\/04\/polemica-con-var-podrian-haber-anulado-el-primer-gol-de-river-4.jpg\" loading=\"lazy\"><br \/>\n<\/a>\n<\/picture>\n<\/div>\n<\/div><\/div>\n<\/div>\n<div class=\"sp__SM\">\n<div class=\"content-new \">\n<span class=\"tit-mobile\">Mir\u00e1 tambi\u00e9n<\/span><\/p>\n<div class=\"mg\">\n<div class=\"wrap-figure\">\n<picture>\n<a href=\"https:\/\/www.ole.com.ar\/futbol-internacional\/libertadores\/matias-suarez-camiseta-sponsor_0_rxxOrWZ3uR.html\" target=\"_self\" rel=\"noopener noreferrer\"><br \/>\n<img class=\"img-responsive\" alt=\"La curiosa camiseta de Su\u00e1rez en Chile\" src=\"http:\/\/hoycordobaweb.com\/wp-content\/uploads\/2022\/04\/polemica-con-var-podrian-haber-anulado-el-primer-gol-de-river-5.jpg\" loading=\"lazy\"><br \/>\n<\/a>\n<\/picture>\n<\/div>\n<\/div><\/div>\n<\/div>\n<div class=\"entry-tags\">\n<h2>TEMAS QUE APARECEN EN ESTA NOTA<\/h2>\n<\/p><\/div>\n","protected":false},"excerpt":{"rendered":"<p>River consigui\u00f3 un triunfazo ante Colo Colo, con el que encamin\u00f3 su clasificaci\u00f3n a los octavos de final de la Copa Libertadores. Con goles de Mat\u00edas Su\u00e1rez y Esequiel Barco, el equipo del Mu\u00f1eco Gallardo gan\u00f3 2-1 en Santiago de Chile y qued\u00f3 como \u00fanico l\u00edder en su grupo. Sin embargo, el tanto del cordob\u00e9s, [&hellip;]<\/p>\n","protected":false},"author":1,"featured_media":40671,"comment_status":"open","ping_status":"closed","sticky":false,"template":"","format":"standard","meta":[],"categories":[16],"tags":[],"_links":{"self":[{"href":"http:\/\/hoycordobaweb.com\/index.php\/wp-json\/wp\/v2\/posts\/40670"}],"collection":[{"href":"http:\/\/hoycordobaweb.com\/index.php\/wp-json\/wp\/v2\/posts"}],"about":[{"href":"http:\/\/hoycordobaweb.com\/index.php\/wp-json\/wp\/v2\/types\/post"}],"author":[{"embeddable":true,"href":"http:\/\/hoycordobaweb.com\/index.php\/wp-json\/wp\/v2\/users\/1"}],"replies":[{"embeddable":true,"href":"http:\/\/hoycordobaweb.com\/index.php\/wp-json\/wp\/v2\/comments?post=40670"}],"version-history":[{"count":0,"href":"http:\/\/hoycordobaweb.com\/index.php\/wp-json\/wp\/v2\/posts\/40670\/revisions"}],"wp:featuredmedia":[{"embeddable":true,"href":"http:\/\/hoycordobaweb.com\/index.php\/wp-json\/wp\/v2\/media\/40671"}],"wp:attachment":[{"href":"http:\/\/hoycordobaweb.com\/index.php\/wp-json\/wp\/v2\/media?parent=40670"}],"wp:term":[{"taxonomy":"category","embeddable":true,"href":"http:\/\/hoycordobaweb.com\/index.php\/wp-json\/wp\/v2\/categories?post=40670"},{"taxonomy":"post_tag","embeddable":true,"href":"http:\/\/hoycordobaweb.com\/index.php\/wp-json\/wp\/v2\/tags?post=40670"}],"curies":[{"name":"wp","href":"https:\/\/api.w.org\/{rel}","templated":true}]}}