{"id":40638,"date":"2022-04-26T11:41:44","date_gmt":"2022-04-26T11:41:44","guid":{"rendered":"https:\/\/www.mujerhoy.com\/vivir\/decoracion\/ideas-decoracion-pinterest-instagram-para-preparar-terraza-balcon-primavera-buen-tiempo-aprovechar-espacio-20220426080903-nt.html"},"modified":"2022-04-26T11:41:44","modified_gmt":"2022-04-26T11:41:44","slug":"ideas-de-decoracion-que-triunfan-en-pinterest-e-instagram-para-preparar-tu-terraza-o-balcon-para-la-llegada-del-buen-tiempo","status":"publish","type":"post","link":"http:\/\/hoycordobaweb.com\/index.php\/2022\/04\/26\/ideas-de-decoracion-que-triunfan-en-pinterest-e-instagram-para-preparar-tu-terraza-o-balcon-para-la-llegada-del-buen-tiempo\/","title":{"rendered":"Ideas de decoraci\u00f3n que triunfan en Pinterest e Instagram para preparar tu terraza o balc\u00f3n para la llegada del buen tiempo"},"content":{"rendered":"<div><img src=\"http:\/\/hoycordobaweb.com\/wp-content\/uploads\/2022\/04\/ideas-de-decoracion-que-triunfan-en-pinterest-e-instagram-para-preparar-tu-terraza-o-balcon-para-la-llegada-del-buen-tiempo.jpg\" class=\"ff-og-image-inserted\"><\/div>\n<p><!-- AUTHOR --><!-- COMPONENTS --><\/p>\n<p class=\"voc-paragraph\">La meteorolog\u00eda es un poco incierta, pero de lo que estamos seguras es de que ya ha llegado la <strong>primavera<\/strong>, y el buen tiempo vendr\u00e1, m\u00e1s pronto que tarde. En circunstancias as\u00ed, nada como preparar tu <a href=\"https:\/\/www.mujerhoy.com\/vivir\/decoracion\/tendencias-de-exterior-terrazas-jardines-balcones-chimeneas-velas-guirnaldas-20210715155824-nt.html\"><strong>balc\u00f3n o terraza<\/strong><\/a> para aprovechar las horas de luz, que cada vez son m\u00e1s (aunque seguro que tambi\u00e9n <a data-voc-vtm-id=\"in-text-traffic\" href=\"https:\/\/www.mujerhoy.com\/vivir\/decoracion\/trucos-decoracion-ideas-bonitas-terraza-pequena-invierno-20220117105056-nt.html\">la has aprovechado en invierno<\/a>). Ese espacio al exterior nos da la oportunidad de <strong>relajarnos<\/strong>, desayunar al sol, o pasar largas tardes con nuestra familia y amigos disfrutando de comidas que se alargan hasta la cena. \u00bfY c\u00f3mo preparar ese rinconcito de paz para que sea<br \/>\n<strong> c\u00f3modo y elegante<\/strong>? Aqu\u00ed tienes las mejores ideas para conseguirlo. <\/p>\n<p><h3 class=\"voc-detail__title\"> Dale una oportunidad al cesped artificial<br \/>\n<\/h3>\n<\/p>\n<p class=\"voc-paragraph\">Plantar tu cesped natural en un balc\u00f3n o terraza en mitad de la ciudad es imposible (o por lo menos dif\u00edcil), pero eso no tiene por qu\u00e9 hacerte renunciar a ello. El<br \/>\n<strong> cesped artificial<\/strong> es f\u00e1cil c\u00f3modo y econ\u00f3mico, s\u00f3lo tienes que unir los paneles en el suelo, ajust\u00e1ndolo a las medidas de la superficie de la que dispongas. Adem\u00e1s, por norma general puedes quitarlo y ponerlo f\u00e1cilmente para <strong>limpiarlo<\/strong>.\n<\/p>\n<p><h3 class=\"voc-detail__title\"> No renuncies a las plantas aunque tengas poco espacio<br \/>\n<\/h3>\n<\/p>\n<p class=\"voc-paragraph\">Si tienes una terraza grande puedes poner lo que t\u00fa quieras, pero si la tienes peque\u00f1a, no tienes por qu\u00e9 renunciar a tu propio jard\u00edn en <strong>miniatura<\/strong>. Puedes escoger soluciones en <strong>vertical<\/strong>, que s\u00f3lo ocupe espacio a lo lato, anclar a la pared un enrejado de madera para colocar plantas trepadoras o aposar por maceteros <strong>colgantes <\/strong>o con soporte para colgarlos de la barandilla del balc\u00f3n.\n<\/p>\n<p><h3 class=\"voc-detail__title\"> Muebles plegables para espacios peque\u00f1os<br \/>\n<\/h3>\n<\/p>\n<p class=\"voc-paragraph\">Si tu balc\u00f3n es peque\u00f1o, tienes que aprovechar los pocos metros cuadrados de los que dispones. Elige <strong>mobiliario ligero y plegable<\/strong>, para que puedas guardarlo cuando no lo est\u00e9s usando y que as\u00ed ocupe el espacio justo. Puedes a\u00f1adirle <strong>cojines <\/strong>u otros textiles que los hagan m\u00e1s c\u00f3modos.\n<\/p>\n<p><h3 class=\"voc-detail__title\"> Ilumina tu terraza<br \/>\n<\/h3>\n<\/p>\n<p class=\"voc-paragraph\">Las<br \/>\n<strong> velas o guirnarlas de luces <\/strong>quedan fenomenal para decorar el espacio mientras dan una luz rom\u00e1ntica y acogedora para las tardes y noches en este espacio. Muchas funcionan a <strong>pilas<\/strong>, por lo que no requerir\u00e1s de enchufes, pero no descartes la opci\u00f3n de colocar l\u00e1mparas <strong>solares<\/strong>, la opci\u00f3n m\u00e1s econ\u00f3mica, igual de efectiva y mucho m\u00e1s respetuosa con el <strong>medioambiente<\/strong>.\n<\/p>\n<p><h3 class=\"voc-detail__title\"> Los textiles tambi\u00e9n son importantes<br \/>\n<\/h3>\n<\/p>\n<p class=\"voc-paragraph\">Para darle un lavado de cara a nuestra terraza con poco dinero, nada mejor que los <strong>cojines <\/strong>para exterior. Al ser espec\u00edficos para zonas al aire libre, se mantienen como nuevos durante m\u00e1s tiempo, a pesar del<br \/>\n<strong> sol y la lluvia<\/strong>. Gracias a los cojines, no solo conseguiremos que la terraza parezca m\u00e1s bonita, sino que lograremos una gran <strong>comodidad <\/strong>para poder disfrutar del espacio. Adem\u00e1s de los cojines, puedes jugar con otros textiles, como las <strong>mantas<\/strong>, ideales para decorar y aguantar el fr\u00edo si refresca por la noche. Tambi\u00e9n puedes ir un pasito m\u00e1s all\u00e1 y colocar una <strong>alfombra <\/strong>de exterior para una mayor comodidad en tus pies. <\/p>\n<p><h3 class=\"voc-detail__title\"> Si tienes espacio, elige un sof\u00e1<br \/>\n<\/h3>\n<\/p>\n<p class=\"voc-paragraph\">Y si no lo tienes, tambi\u00e9n. No ocupan tan poco espacio como el mobiliario plegable, pero hay opciones de todos los <strong>tama\u00f1os<\/strong>. Puedes tumbarte para leer un libro, disfrutar de los rayos del sol, e incluso comer desde tu sof\u00e1.\n<\/p>\n<p><h3 class=\"voc-detail__title\"> Prot\u00e9gete del sol<br \/>\n<\/h3>\n<\/p>\n<p class=\"voc-paragraph\">Por mucho que te guste tomar el <strong>sol<\/strong>, no es muy recomendable pasar horas y horas bajo los rayos solares. Adem\u00e1s de usar protector solar, no te olvides de poner en tu terraza<br \/>\n<strong> sombrillas o p\u00e9rgolas <\/strong>para dar un poco de sombra al conjunto. No s\u00f3lo evitar\u00e1s quemarte, sino que har\u00e1s de tu terraza un sitio m\u00e1s confortable.\n<\/p>\n<div class=\"voc-detail__cmp voc-detail__cmp--pad-lr voc-detail__cmp--pad-lr--bdr\">\n<div class=\"voc-ficha-detail__wrapper\">\n<section class=\"voc-ficha-detail\">\n<h4 class=\"voc-ficha-detail-title voc-title-section\">Te recomendamos<\/h4>\n<\/section>\n<\/div>\n<\/div>\n<p><!-- TOPICS --><\/p>\n","protected":false},"excerpt":{"rendered":"<p>La meteorolog\u00eda es un poco incierta, pero de lo que estamos seguras es de que ya ha llegado la primavera, y el buen tiempo vendr\u00e1, m\u00e1s pronto que tarde. En circunstancias as\u00ed, nada como preparar tu balc\u00f3n o terraza para aprovechar las horas de luz, que cada vez son m\u00e1s (aunque seguro que tambi\u00e9n la [&hellip;]<\/p>\n","protected":false},"author":1,"featured_media":40639,"comment_status":"closed","ping_status":"closed","sticky":false,"template":"","format":"standard","meta":[],"categories":[1],"tags":[],"_links":{"self":[{"href":"http:\/\/hoycordobaweb.com\/index.php\/wp-json\/wp\/v2\/posts\/40638"}],"collection":[{"href":"http:\/\/hoycordobaweb.com\/index.php\/wp-json\/wp\/v2\/posts"}],"about":[{"href":"http:\/\/hoycordobaweb.com\/index.php\/wp-json\/wp\/v2\/types\/post"}],"author":[{"embeddable":true,"href":"http:\/\/hoycordobaweb.com\/index.php\/wp-json\/wp\/v2\/users\/1"}],"replies":[{"embeddable":true,"href":"http:\/\/hoycordobaweb.com\/index.php\/wp-json\/wp\/v2\/comments?post=40638"}],"version-history":[{"count":0,"href":"http:\/\/hoycordobaweb.com\/index.php\/wp-json\/wp\/v2\/posts\/40638\/revisions"}],"wp:featuredmedia":[{"embeddable":true,"href":"http:\/\/hoycordobaweb.com\/index.php\/wp-json\/wp\/v2\/media\/40639"}],"wp:attachment":[{"href":"http:\/\/hoycordobaweb.com\/index.php\/wp-json\/wp\/v2\/media?parent=40638"}],"wp:term":[{"taxonomy":"category","embeddable":true,"href":"http:\/\/hoycordobaweb.com\/index.php\/wp-json\/wp\/v2\/categories?post=40638"},{"taxonomy":"post_tag","embeddable":true,"href":"http:\/\/hoycordobaweb.com\/index.php\/wp-json\/wp\/v2\/tags?post=40638"}],"curies":[{"name":"wp","href":"https:\/\/api.w.org\/{rel}","templated":true}]}}