{"id":40634,"date":"2022-04-27T05:58:36","date_gmt":"2022-04-27T05:58:36","guid":{"rendered":"https:\/\/www.mujerhoy.com\/moda\/no-te-pierdas\/cazadora-denim-bordados-mango-favorecedora-rejuvenecedora-ponible-20220427075832-nt.html"},"modified":"2022-04-27T05:58:36","modified_gmt":"2022-04-27T05:58:36","slug":"necesitas-esta-cazadora-denim-con-bordados-porque-sienta-de-maravilla-rejuvenece-cualquier-look-y-combina-con-todo","status":"publish","type":"post","link":"http:\/\/hoycordobaweb.com\/index.php\/2022\/04\/27\/necesitas-esta-cazadora-denim-con-bordados-porque-sienta-de-maravilla-rejuvenece-cualquier-look-y-combina-con-todo\/","title":{"rendered":"Necesitas esta cazadora denim con bordados porque sienta de maravilla, rejuvenece cualquier look y combina con todo"},"content":{"rendered":"<p><!-- AUTHOR --><!-- COMPONENTS --><\/p>\n<p class=\"voc-paragraph\">No hay m\u00e1s que echar un vistazo <a data-voc-vtm-id=\"in-text-traffic\" href=\"https:\/\/www.mujerhoy.com\/moda\/no-te-pierdas\/cazadora-denim-hym-zara-pull-and-bear-comoda-versatil-look-lluvia-influencer-20220405142006-nt.html\">a Instagram<\/a> para ver que <strong>los a\u00f1os 90<\/strong> vuelven a estar de moda. Y, si hay una tendencia que marc\u00f3 esa d\u00e9cada, fue el tejido vaquero. Hay <a data-voc-vtm-id=\"in-text-traffic\" href=\"https:\/\/www.mujerhoy.com\/moda\/no-te-pierdas\/cazadoras-denim-stradivarius-nueva-coleccion-buen-tiempo-20220312124417-nt.html\">prendas<\/a> de este material <strong>para todos los gustos<\/strong>, desde los pantalones b\u00e1sicos hasta <a data-voc-vtm-id=\"in-text-traffic\" href=\"https:\/\/www.mujerhoy.com\/moda\/tendencias\/pantalones-vaqueros-cazadora-denim-parchwork-zara-looks-basicos-20220309133316-nt.html\">los dise\u00f1os m\u00e1s originales<\/a>, sin olvidarnos de <a data-voc-vtm-id=\"in-text-traffic\" href=\"https:\/\/www.mujerhoy.com\/moda\/no-te-pierdas\/sobrecamisa-denim-barata-mango-outlet-chaquetas-entretiempo-primavera-20220419141644-nt.html\">las sobrecamisas<\/a> y los vestidos. <\/p>\n<p class=\"voc-paragraph\">Pero hoy queremos hablar de una prenda denim en particular que no puede faltar en ning\u00fan armario: <strong>la cazadora<\/strong>. El motivo es que resulta muy pr\u00e1ctica. Con solo incorporarla a tu look, conseguir\u00e1s que un conjunto pensado para d\u00edas calurosos se convierta en el ideal para el entretiempo. <\/p>\n<p class=\"voc-paragraph\">Y Mango tiene <strong>la m\u00e1s rejuvenecedora y ponible de la temporada<\/strong>. Puedes llevarla con vaqueros para crear un total look impecable, pero tambi\u00e9n queda genial cualquier otro tipo de pantal\u00f3n o incluso con faldas y vestidos.\n<\/p>\n<div class=\"voc-detail__cmp\">\n<div class=\"voc-article-container\">\n<article class=\"voc-article voc-article--cmp-photo-text\" readability=\"1\">\n<div class=\"voc-img-container\" readability=\"7\"><picture>\n<div class=\"voc-horizontal voc-img-icon-link\"><img class=\"lazy\" loading=\"lazy\" data-original=\"\/\/static.mujerhoy.com\/www\/multimedia\/202204\/25\/media\/cortadas\/cazadora-denim-mango-kIvH--624x624@MujerHoy.jpg\" alt=\"Los a\u00f1os 90 vuelven a estar de moda y el tejido denim es la prueba\"><\/div>\n<\/picture>\n<p class=\"figure-caption \"> Los a\u00f1os 90 vuelven a estar de moda y el tejido denim es la prueba \/ <span class=\"voc-photo-author\"> Mango <\/span><\/p>\n<\/div>\n<\/article>\n<\/div>\n<\/div>\n<p class=\"voc-paragraph\">Se trata de una cazadora confeccionada con un tejido de algod\u00f3n estilo denim en color azul medio. El toque rejuvenecedor se lo da un precioso bordado de flores. Su dise\u00f1o recto y de corte medio es muy favorecedor, pues ayuda a mantener las proporciones naturales del cuerpo. <\/p>\n<p class=\"voc-paragraph\">Tiene el cuello camisero, la manga larga con pu\u00f1os abotonados y un cierre de botones en la parte delantera. Esto la hace perfecta para no pasar fr\u00edo en los d\u00edas inestables de primavera. Tambi\u00e9n cuenta con dos bolsillos laterales y otros dos de parche en el pecho.\n<\/p>\n<p class=\"voc-paragraph\">Est\u00e1 disponible en una amplia variedad de tallas (desde la XXS hasta la XXL), por lo que pueden lucirla <strong>mujeres con diferentes siluetas<\/strong>. En cuanto a su precio, es de 49,99 euros.\n<\/p>\n<div class=\"voc-detail__cmp voc-detail__cmp--pad-lr voc-detail__cmp--pad-lr--bdr\">\n<div class=\"voc-ficha-detail__wrapper\">\n<section class=\"voc-ficha-detail\">\n<h4 class=\"voc-ficha-detail-title voc-title-section\">Te recomendamos<\/h4>\n<\/section>\n<\/div>\n<\/div>\n<p><!-- TOPICS --><\/p>\n","protected":false},"excerpt":{"rendered":"<p>No hay m\u00e1s que echar un vistazo a Instagram para ver que los a\u00f1os 90 vuelven a estar de moda. Y, si hay una tendencia que marc\u00f3 esa d\u00e9cada, fue el tejido vaquero. Hay prendas de este material para todos los gustos, desde los pantalones b\u00e1sicos hasta los dise\u00f1os m\u00e1s originales, sin olvidarnos de las [&hellip;]<\/p>\n","protected":false},"author":1,"featured_media":40635,"comment_status":"closed","ping_status":"closed","sticky":false,"template":"","format":"standard","meta":[],"categories":[1],"tags":[],"_links":{"self":[{"href":"http:\/\/hoycordobaweb.com\/index.php\/wp-json\/wp\/v2\/posts\/40634"}],"collection":[{"href":"http:\/\/hoycordobaweb.com\/index.php\/wp-json\/wp\/v2\/posts"}],"about":[{"href":"http:\/\/hoycordobaweb.com\/index.php\/wp-json\/wp\/v2\/types\/post"}],"author":[{"embeddable":true,"href":"http:\/\/hoycordobaweb.com\/index.php\/wp-json\/wp\/v2\/users\/1"}],"replies":[{"embeddable":true,"href":"http:\/\/hoycordobaweb.com\/index.php\/wp-json\/wp\/v2\/comments?post=40634"}],"version-history":[{"count":0,"href":"http:\/\/hoycordobaweb.com\/index.php\/wp-json\/wp\/v2\/posts\/40634\/revisions"}],"wp:featuredmedia":[{"embeddable":true,"href":"http:\/\/hoycordobaweb.com\/index.php\/wp-json\/wp\/v2\/media\/40635"}],"wp:attachment":[{"href":"http:\/\/hoycordobaweb.com\/index.php\/wp-json\/wp\/v2\/media?parent=40634"}],"wp:term":[{"taxonomy":"category","embeddable":true,"href":"http:\/\/hoycordobaweb.com\/index.php\/wp-json\/wp\/v2\/categories?post=40634"},{"taxonomy":"post_tag","embeddable":true,"href":"http:\/\/hoycordobaweb.com\/index.php\/wp-json\/wp\/v2\/tags?post=40634"}],"curies":[{"name":"wp","href":"https:\/\/api.w.org\/{rel}","templated":true}]}}