{"id":40626,"date":"2022-04-27T00:12:51","date_gmt":"2022-04-27T00:12:51","guid":{"rendered":"https:\/\/www.ole.com.ar\/futbol-internacional\/thiago-almada-tortazo-cumpleanos-atlanta_0_obnJnCC4CK.html"},"modified":"2022-04-27T00:12:51","modified_gmt":"2022-04-27T00:12:51","slug":"thiago-almada-cumplio-21-anos-y-ligo-un-tortazo","status":"publish","type":"post","link":"http:\/\/hoycordobaweb.com\/index.php\/2022\/04\/27\/thiago-almada-cumplio-21-anos-y-ligo-un-tortazo\/","title":{"rendered":"Thiago Almada cumpli\u00f3 21 a\u00f1os y lig\u00f3 un tortazo"},"content":{"rendered":"<p><img src=\"http:\/\/hoycordobaweb.com\/wp-content\/uploads\/2022\/04\/thiago-almada-cumplio-21-anos-y-ligo-un-tortazo.jpg\"><\/p>\n<p>Cumpli\u00f3 y lig\u00f3. Este martes,&nbsp;<strong><a alt=\"thiago-almada\" class=\"slug\" href=\"https:\/\/www.ole.com.ar\/tema\/thiago-almada.html\" target=\"_blank\" title=\"thiago-almada\" rel=\"noopener noreferrer\">Thiago Almada<\/a><\/strong> celebr\u00f3 sus 21 a\u00f1os y sopl\u00f3 la velita en el predio de entrenamiento del <strong><a alt=\"atlanta-united\" class=\"slug\" href=\"https:\/\/www.ole.com.ar\/tema\/atlanta-united.html\" target=\"_blank\" title=\"atlanta-united\" rel=\"noopener noreferrer\">Atlanta United<\/a><\/strong>, el club de la<strong><a alt=\"major-league-soccer\" class=\"slug\" href=\"https:\/\/www.ole.com.ar\/tema\/major-league-soccer.html\" target=\"_blank\" title=\"major-league-soccer\" rel=\"noopener noreferrer\"> Major League Soccer<\/a><\/strong> de Estados Unidos que le compr\u00f3 su pase a V\u00e9lez. Pero sus compa\u00f1eros, entre los que est\u00e1 <strong><a alt=\"alan-franco\" class=\"slug\" href=\"https:\/\/www.ole.com.ar\/tema\/alan-franco.html\" target=\"_blank\" title=\"alan-franco\" rel=\"noopener noreferrer\">Alan Franco<\/a><\/strong> (ex defensor de Independiente),<strong> le ten\u00edan preparada una sorpresa<\/strong>. Un regalito que el juvenil ya se ve\u00eda venir&#8230;<\/p>\n<div class=\"sp__Normal\">\n<div class=\"image-embeb image-trigger\" readability=\"7\">\n<picture><source media=\"(min-width: 720px)\" srcset=\"http:\/\/hoycordobaweb.com\/wp-content\/uploads\/2022\/04\/thiago-almada-cumplio-21-anos-y-ligo-un-tortazo-2.jpg\"><img itemprop=\"image\" src=\"http:\/\/hoycordobaweb.com\/wp-content\/uploads\/2022\/04\/thiago-almada-cumplio-21-anos-y-ligo-un-tortazo-2.jpg\" loading=\"lazy\" alt=\"Alan Franco, ex Independiente, fue el encargado de la travesura.\">\n<\/picture><figcaption readability=\"4\">\n<p>Alan Franco, ex Independiente, fue el encargado de la travesura.\n<\/p>\n<\/figcaption><\/div>\n<\/div>\n<p>En un video que public\u00f3 el club yanqui en sus redes sociales,<strong> se puede ver como Franco le da un tortazo en la cara a Thiago<\/strong>. Y como si con eso no alcanzara, un compa\u00f1ero lo empap\u00f3 con agua. Almada qued\u00f3 con el rostro lleno de crema y dulce&#8230;<\/p>\n<div class=\"sp__Normal\">\n<div class=\"image-embeb image-trigger\" readability=\"6\">\n<picture><source media=\"(min-width: 720px)\" srcset=\"http:\/\/hoycordobaweb.com\/wp-content\/uploads\/2022\/04\/thiago-almada-cumplio-21-anos-y-ligo-un-tortazo-3.jpg\"><img itemprop=\"image\" src=\"http:\/\/hoycordobaweb.com\/wp-content\/uploads\/2022\/04\/thiago-almada-cumplio-21-anos-y-ligo-un-tortazo-3.jpg\" loading=\"lazy\" alt=\"El momento del tortazo a la joyita.\">\n<\/picture><figcaption readability=\"2\">\n<p>El momento del tortazo a la joyita.\n<\/p>\n<\/figcaption><\/div>\n<\/div>\n<p>Desde que desembarc\u00f3 en la MLS a principios de este a\u00f1o, <strong>el volante acumula siete partidos con la camiseta del Atlanta United<\/strong>. Adem\u00e1s, festej\u00f3 un tanto: un golazo al \u00e1ngulo en el empate 3-3 contra el Montreal.&nbsp;<\/p>\n<div class=\"sp__SM\">\n<div class=\"content-new \">\n<span class=\"tit-mobile\">Mir\u00e1 tambi\u00e9n<\/span><\/p>\n<div class=\"mg\">\n<div class=\"wrap-figure\">\n<picture>\n<a href=\"https:\/\/www.ole.com.ar\/river-plate\/hotel-river-copado-metallica_0_UorsROSdRU.html\" target=\"_self\" rel=\"noopener noreferrer\"><br \/>\n<img class=\"img-responsive\" alt=\"El hotel de River en Chile, \u00a1copado por Metallica!\" src=\"http:\/\/hoycordobaweb.com\/wp-content\/uploads\/2022\/04\/thiago-almada-cumplio-21-anos-y-ligo-un-tortazo-4.jpg\" loading=\"lazy\"><br \/>\n<\/a>\n<\/picture>\n<\/div>\n<\/div><\/div>\n<\/div>\n<h2><strong>El video del tortazo<\/strong><\/h2>\n<div class=\"sp__SM\">\n<div class=\"content-new \">\n<span class=\"tit-mobile\">Mir\u00e1 tambi\u00e9n<\/span><\/p>\n<div class=\"mg\">\n<div class=\"wrap-figure\">\n<picture>\n<a href=\"https:\/\/www.ole.com.ar\/fuera-de-juego\/betis-anuncio-renovacion-desnudo_0_4TvqfYX5xC.html\" target=\"_self\" rel=\"noopener noreferrer\"><br \/>\n<img class=\"img-responsive\" alt=\"Un jugador del Betis anunci\u00f3 su renovaci\u00f3n con una foto desnudo\" src=\"http:\/\/hoycordobaweb.com\/wp-content\/uploads\/2022\/04\/thiago-almada-cumplio-21-anos-y-ligo-un-tortazo-5.jpg\" loading=\"lazy\"><br \/>\n<\/a>\n<\/picture>\n<\/div>\n<\/div><\/div>\n<\/div>\n<div class=\"sp__SM\">\n<div class=\"content-new \">\n<span class=\"tit-mobile\">Mir\u00e1 tambi\u00e9n<\/span><\/p>\n<div class=\"mg\">\n<div class=\"wrap-figure\">\n<picture>\n<a href=\"https:\/\/www.ole.com.ar\/fuera-de-juego\/-anda-nacho-scocco-_0_ntUBMuN6WV.html\" target=\"_self\" rel=\"noopener noreferrer\"><br \/>\n<img class=\"img-responsive\" alt=\"\u00bfQu\u00e9 es de la vida de Nacho Scocco?\" src=\"http:\/\/hoycordobaweb.com\/wp-content\/uploads\/2022\/04\/thiago-almada-cumplio-21-anos-y-ligo-un-tortazo-6.jpg\" loading=\"lazy\"><br \/>\n<\/a>\n<\/picture>\n<\/div>\n<\/div><\/div>\n<\/div>\n<div class=\"entry-tags\">\n<h2>TEMAS QUE APARECEN EN ESTA NOTA<\/h2>\n<\/p><\/div>\n","protected":false},"excerpt":{"rendered":"<p>Cumpli\u00f3 y lig\u00f3. Este martes,&nbsp;Thiago Almada celebr\u00f3 sus 21 a\u00f1os y sopl\u00f3 la velita en el predio de entrenamiento del Atlanta United, el club de la Major League Soccer de Estados Unidos que le compr\u00f3 su pase a V\u00e9lez. Pero sus compa\u00f1eros, entre los que est\u00e1 Alan Franco (ex defensor de Independiente), le ten\u00edan preparada [&hellip;]<\/p>\n","protected":false},"author":1,"featured_media":40627,"comment_status":"open","ping_status":"closed","sticky":false,"template":"","format":"standard","meta":[],"categories":[16],"tags":[],"_links":{"self":[{"href":"http:\/\/hoycordobaweb.com\/index.php\/wp-json\/wp\/v2\/posts\/40626"}],"collection":[{"href":"http:\/\/hoycordobaweb.com\/index.php\/wp-json\/wp\/v2\/posts"}],"about":[{"href":"http:\/\/hoycordobaweb.com\/index.php\/wp-json\/wp\/v2\/types\/post"}],"author":[{"embeddable":true,"href":"http:\/\/hoycordobaweb.com\/index.php\/wp-json\/wp\/v2\/users\/1"}],"replies":[{"embeddable":true,"href":"http:\/\/hoycordobaweb.com\/index.php\/wp-json\/wp\/v2\/comments?post=40626"}],"version-history":[{"count":0,"href":"http:\/\/hoycordobaweb.com\/index.php\/wp-json\/wp\/v2\/posts\/40626\/revisions"}],"wp:featuredmedia":[{"embeddable":true,"href":"http:\/\/hoycordobaweb.com\/index.php\/wp-json\/wp\/v2\/media\/40627"}],"wp:attachment":[{"href":"http:\/\/hoycordobaweb.com\/index.php\/wp-json\/wp\/v2\/media?parent=40626"}],"wp:term":[{"taxonomy":"category","embeddable":true,"href":"http:\/\/hoycordobaweb.com\/index.php\/wp-json\/wp\/v2\/categories?post=40626"},{"taxonomy":"post_tag","embeddable":true,"href":"http:\/\/hoycordobaweb.com\/index.php\/wp-json\/wp\/v2\/tags?post=40626"}],"curies":[{"name":"wp","href":"https:\/\/api.w.org\/{rel}","templated":true}]}}