{"id":40622,"date":"2022-04-27T06:21:59","date_gmt":"2022-04-27T06:21:59","guid":{"rendered":"https:\/\/www.ole.com.ar\/independiente\/dominguez-tecnico-rojo-sudamericana_0_4urpQd6kzx.html"},"modified":"2022-04-27T06:21:59","modified_gmt":"2022-04-27T06:21:59","slug":"dominguez-nuestro-objetivo-es-la-copa-sudamericana","status":"publish","type":"post","link":"http:\/\/hoycordobaweb.com\/index.php\/2022\/04\/27\/dominguez-nuestro-objetivo-es-la-copa-sudamericana\/","title":{"rendered":"Dom\u00ednguez: \u00abNuestro objetivo es la Copa Sudamericana\u00bb"},"content":{"rendered":"<p><img src=\"http:\/\/hoycordobaweb.com\/wp-content\/uploads\/2022\/04\/dominguez-nuestro-objetivo-es-la-copa-sudamericana.jpg\"><\/p>\n<p>Hay una prioridad. En <a alt=\"club-atletico-independiente\" class=\"slug\" href=\"https:\/\/www.ole.com.ar\/tema\/club-atletico-independiente.html\" target=\"_blank\" title=\"club-atletico-independiente\" rel=\"noopener noreferrer\">Independiente<\/a> la mira est\u00e1 enfocada en el \u00e1mbito internacional. Luego del triunfo ante Deportivo La Guaira por 2-0 en Venezuela, <a alt=\"eduardo-dominguez\" class=\"slug\" href=\"https:\/\/www.ole.com.ar\/tema\/eduardo-dominguez.html\" target=\"_blank\" title=\"eduardo-dominguez\" rel=\"noopener noreferrer\">Eduardo Dom\u00ednguez<\/a> lo dej\u00f3 claro: la meta es la Sudamericana. El Rojo ya est\u00e1 afuera de la pelea en la Copa de la Liga Profesional. El pr\u00f3ximo s\u00e1bado deber\u00e1 visitar a Lan\u00fas y el martes deber\u00e1 medirse con General Caballero en Paraguay, un partido trascendental para no perderle pisada a Cear\u00e1, que lidera el Grupo G con nueve puntos, tres m\u00e1s que los de Avellaneda a falta de tres partidos.<\/p>\n<p>\u00abSab\u00edamos que se nos ven\u00eda una seguidilla muy exigente. En el torneo hemos quedado afuera de la lucha, aunque tenemos que sumar los seis puntos que nos quedan por disputar. <strong>Pero sabemos que hoy nuestro objetivo es la Copa Sudamericana.<\/strong> Veremos c\u00f3mo enfrentamos el partido contra Lan\u00fas. <strong>La seguidilla de estas semanas es la m\u00e1s dif\u00edcil por el tema de los viajes, pero estamos preparados\u00bb<\/strong>, coment\u00f3 el entrenador.<\/p>\n<p>Independiente tuvo que transpirar y mucho para imponerse a La Guaira. El conjunto del Barba tuvo un 69% de posesi\u00f3n en la primera etapa, pero careci\u00f3 de profundidad. Se trata de una falencia que ya se hab\u00eda advertido en otros partidos como el anterior, frente a Rosario Central (0-3). El t\u00e9cnico reconoci\u00f3 que deben mejorar en ese aspecto, pero destac\u00f3 el hecho de que el equipo nunca abandon\u00f3 el plan de juego.<\/p>\n<p>\u00abDesde el comienzo tuvimos la iniciativa para ir a buscar el arco rival. Se nos puso muy dif\u00edcil con la l\u00ednea de cinco que nos plantearon. Por momentos atacaron los espacios de buena manera, sin llegar mucho, pero nos hac\u00edan retroceder. Ten\u00edamos el control del juego y no hubo sobresaltos, pero nos faltaba generar arriba. En el segundo tiempo buscamos lo que no se nos dio en el primero, lo que no pudimos romper. Sab\u00edamos que, teniendo paciencia, la situaci\u00f3n iba a aparecer. Y apareci\u00f3 de una individualidad, de algo diferente. Porque este tipo de partidos se abren cuando aparece algo diferente.<strong> En el complemento abrimos mucho mas el campo de juego, buscamos penetrar con los interiores, se vieron las individualidades por afuera, tanto de Toto Pozzo como Mingo Blanco. Seguimos insistiendo por el camino que queremos, que es abrir con los laterales y tener movilidad constante\u00bb<\/strong>, analiz\u00f3 Dom\u00ednguez.<\/p>\n<div class=\"sp__Normal\">\n<div class=\"image-embeb image-trigger\" readability=\"6\">\n<picture><source media=\"(min-width: 720px)\" srcset=\"http:\/\/hoycordobaweb.com\/wp-content\/uploads\/2022\/04\/dominguez-nuestro-objetivo-es-la-copa-sudamericana-2.jpg\"><img itemprop=\"image\" src=\"http:\/\/hoycordobaweb.com\/wp-content\/uploads\/2022\/04\/dominguez-nuestro-objetivo-es-la-copa-sudamericana-2.jpg\" loading=\"lazy\" alt=\"Dom\u00ednguez hace jueguitos durante el partido. (Foto: EFE)\">\n<\/picture><figcaption readability=\"2\">\n<p>Dom\u00ednguez hace jueguitos durante el partido. (Foto: EFE)\n<\/p>\n<\/figcaption><\/div>\n<\/div>\n<p>El Barba hizo hincapi\u00e9 en que el Rojo cuenta con varios futbolistas que est\u00e1n haciendo sus primeras armas y que se encuentran en pleno per\u00edodo de aprendizaje: <strong>\u00abHay que tener en cuenta que tenemos muchos jugadores j\u00f3venes que est\u00e1n teniendo sus primeros partidos como titulares, como es el caso de Tom\u00e1s (Pozzo)\u00bb. <\/strong><\/p>\n<p>Dom\u00ednguez adem\u00e1s remarc\u00f3 que ser\u00e1 necesario que, en algunos partidos, al equipo lo rescate la inspiraci\u00f3n de algunos futbolistas: \u00abHab\u00eda que saber tener paciencia. Es muy dificil doblegar una l\u00ednea de cinco. Habia que tener paciencia y saber d\u00f3nde atacar, c\u00f3mo encontrar los espacios. Los chicos entendieron que el desgaste que generamos en el primer tiempo lo \u00edbamos a poder utilizar de mejor manera en el segundo. Fuimos por afuera y por adentro sabiendo que en alg\u00fan momento los \u00edbamos a desestabilizar. <strong>Apareci\u00f3 la individualidad, que la necesitamos, porque si no es muy dif\u00edcil. Estuvimos m\u00e1s decididos para entrar al ultimo cuarto de cancha. Eso que se vio en esos minutos es algo que tenemos que mantener\u00bb.\u200b<\/strong><\/p>\n<h2><strong>As\u00ed lo vio Tom\u00e1s Pozzo\u200b<\/strong><\/h2>\n<div class=\"sp__Normal\">\n<div class=\"image-embeb image-trigger\" readability=\"6.5\">\n<picture><source media=\"(min-width: 720px)\" srcset=\"http:\/\/hoycordobaweb.com\/wp-content\/uploads\/2022\/04\/dominguez-nuestro-objetivo-es-la-copa-sudamericana-3.jpg\"><img itemprop=\"image\" src=\"http:\/\/hoycordobaweb.com\/wp-content\/uploads\/2022\/04\/dominguez-nuestro-objetivo-es-la-copa-sudamericana-3.jpg\" loading=\"lazy\" alt=\"&quot;Logramos sobreponernos a la adversidad&quot;, dijo Pozzo. (Foto: AFP)\">\n<\/picture><figcaption readability=\"3\">\n<p>\u00abLogramos sobreponernos a la adversidad\u00bb, dijo Pozzo. (Foto: AFP)\n<\/p>\n<\/figcaption><\/div>\n<\/div>\n<p><strong><\/strong>\u200b\u201cSab\u00edamos que era una cancha dif\u00edcil, un rival complicado que nos iba a esperar atr\u00e1s de mitad de cancha. Estaban con cinco defensores atr\u00e1s, defendiendo mucho. Intentamos ir a buscarlos por las bandas cuando se cerraban. <strong>Por suerte en el segundo tiempo se nos abri\u00f3 el partido y lo fuimos a buscar con m\u00e1s tranquilidad\u201d<\/strong>, fue el an\u00e1lisis del juvenil Tom\u00e1s Pozzo, quien se gan\u00f3 el puesto en el equipo de Eduardo Dom\u00ednguez. Y agreg\u00f3:&nbsp;\u201cAfrontamos todas las semanas con mucha alegr\u00eda, ya sea Copa Sudamericana o torneo local. Por suerte se nos pudo dar el resultado, que lo ven\u00edamos buscando desde hace varios partidos. La cancha no estaba buena, se hund\u00edan mucho los pies, el pasto estaba largo. <strong>Logramos sobreponernos a la adversidad\u201d.<\/strong><\/p>\n<div class=\"entry-tags\">\n<h2>TEMAS QUE APARECEN EN ESTA NOTA<\/h2>\n<\/p><\/div>\n","protected":false},"excerpt":{"rendered":"<p>Hay una prioridad. En Independiente la mira est\u00e1 enfocada en el \u00e1mbito internacional. Luego del triunfo ante Deportivo La Guaira por 2-0 en Venezuela, Eduardo Dom\u00ednguez lo dej\u00f3 claro: la meta es la Sudamericana. El Rojo ya est\u00e1 afuera de la pelea en la Copa de la Liga Profesional. El pr\u00f3ximo s\u00e1bado deber\u00e1 visitar a [&hellip;]<\/p>\n","protected":false},"author":1,"featured_media":40623,"comment_status":"open","ping_status":"closed","sticky":false,"template":"","format":"standard","meta":[],"categories":[16],"tags":[],"_links":{"self":[{"href":"http:\/\/hoycordobaweb.com\/index.php\/wp-json\/wp\/v2\/posts\/40622"}],"collection":[{"href":"http:\/\/hoycordobaweb.com\/index.php\/wp-json\/wp\/v2\/posts"}],"about":[{"href":"http:\/\/hoycordobaweb.com\/index.php\/wp-json\/wp\/v2\/types\/post"}],"author":[{"embeddable":true,"href":"http:\/\/hoycordobaweb.com\/index.php\/wp-json\/wp\/v2\/users\/1"}],"replies":[{"embeddable":true,"href":"http:\/\/hoycordobaweb.com\/index.php\/wp-json\/wp\/v2\/comments?post=40622"}],"version-history":[{"count":0,"href":"http:\/\/hoycordobaweb.com\/index.php\/wp-json\/wp\/v2\/posts\/40622\/revisions"}],"wp:featuredmedia":[{"embeddable":true,"href":"http:\/\/hoycordobaweb.com\/index.php\/wp-json\/wp\/v2\/media\/40623"}],"wp:attachment":[{"href":"http:\/\/hoycordobaweb.com\/index.php\/wp-json\/wp\/v2\/media?parent=40622"}],"wp:term":[{"taxonomy":"category","embeddable":true,"href":"http:\/\/hoycordobaweb.com\/index.php\/wp-json\/wp\/v2\/categories?post=40622"},{"taxonomy":"post_tag","embeddable":true,"href":"http:\/\/hoycordobaweb.com\/index.php\/wp-json\/wp\/v2\/tags?post=40622"}],"curies":[{"name":"wp","href":"https:\/\/api.w.org\/{rel}","templated":true}]}}