{"id":40620,"date":"2022-04-27T09:00:48","date_gmt":"2022-04-27T09:00:48","guid":{"rendered":"https:\/\/www.ole.com.ar\/river-plate\/pablo-solari-colo-colo-river-aimar-prueba_0_Qc6uFnwb6s.html"},"modified":"2022-04-27T09:00:48","modified_gmt":"2022-04-27T09:00:48","slug":"solari-la-figura-de-colo-colo-que-se-probo-en-river-y-se-llama-pablo-cesar-por-aimar","status":"publish","type":"post","link":"http:\/\/hoycordobaweb.com\/index.php\/2022\/04\/27\/solari-la-figura-de-colo-colo-que-se-probo-en-river-y-se-llama-pablo-cesar-por-aimar\/","title":{"rendered":"Solari, la figura de Colo Colo que se prob\u00f3 en River y se llama Pablo C\u00e9sar por Aimar"},"content":{"rendered":"<p><img src=\"http:\/\/hoycordobaweb.com\/wp-content\/uploads\/2022\/04\/solari-la-figura-de-colo-colo-que-se-probo-en-river-y-se-llama-pablo-cesar-por-aimar.jpg\"><\/p>\n<p><strong>Arizona <\/strong>es un pueblo de San Luis de poco m\u00e1s de 1.000 habitantes, sobre la ruta provincial 55, a 350 kil\u00f3metros de la capital provincial. En Arizona hay una escuela, su plaza, dos estaciones de servicios, la carnicer\u00eda Don Hugo, el estadio del Club Social con capacidad para unas 1.500 personas (es decir, entra todo el pueblo); y una panader\u00eda ya famosa: <strong>la de V\u00edctor \u201cEl Matador\u201d Solari<\/strong>.<\/p>\n<p><strong>V\u00edctor es fana de <a alt=\"river-plate\" class=\"slug\" href=\"https:\/\/www.ole.com.ar\/tema\/river-plate.html\" target=\"_blank\" title=\"river-plate\" rel=\"noopener noreferrer\">River<\/a><\/strong>. Tan fana que sus hijos se llaman <strong>Mat\u00edas Jes\u00fas<\/strong>, hoy m\u00e9dico, por <strong><a alt=\"matias-almeyda\" class=\"slug\" href=\"https:\/\/www.ole.com.ar\/tema\/matias-almeyda.html\" target=\"_blank\" title=\"matias-almeyda\" rel=\"noopener noreferrer\">Almeyda<\/a><\/strong>; <strong>Pablo C\u00e9sar, por <a alt=\"pablo-aimar\" class=\"slug\" href=\"https:\/\/www.ole.com.ar\/tema\/pablo-aimar.html\" target=\"_blank\" title=\"pablo-aimar\" rel=\"noopener noreferrer\">Aimar<\/a><\/strong>; y <strong>Santiago<\/strong>, tres a\u00f1os mayor, por el <strong>Indiecito Solari<\/strong>. Lo curioso es que uno de ellos, <strong>Pablo C\u00e9sar, este mi\u00e9rcoles a la noche jugar\u00e1 ante River con Colo Colo<\/strong>.<\/p>\n<div class=\"sp__SM\">\n<div class=\"content-new \">\n<span class=\"tit-mobile\">Mir\u00e1 tambi\u00e9n<\/span><\/p>\n<div class=\"mg\">\n<div class=\"wrap-figure\">\n<picture>\n<a href=\"https:\/\/www.ole.com.ar\/fuera-de-juego\/twitch-ole-river-senior_0_VB4hsgVVg6.html\" target=\"_self\" rel=\"noopener noreferrer\"><br \/>\n<img class=\"img-responsive\" alt=\"Ol\u00e9 con el Senior de River: Fabbiani, el Chori, el amor de Severino por Ortega y la historia de &quot;Gallardito&quot;\" src=\"http:\/\/hoycordobaweb.com\/wp-content\/uploads\/2022\/04\/solari-la-figura-de-colo-colo-que-se-probo-en-river-y-se-llama-pablo-cesar-por-aimar-2.jpg\" loading=\"lazy\"><br \/>\n<\/a>\n<\/picture>\n<\/div>\n<\/div><\/div>\n<\/div>\n<p>La historia de este extremo de 21 a\u00f1os es particular. Se inici\u00f3 en el \u00fanico equipo del pueblo, el club social y deportivo Arizona, apodado El Rojo. <strong>A los ocho, su padre, apodado El Matador por su fama de goleador en el f\u00fatbol local, lo llev\u00f3 a River. Estuvo a prueba una semana, pero no qued\u00f3<\/strong>. \u00abNo quisimos dejarlo. Era muy ni\u00f1o\u00bb, le cont\u00f3 el a\u00f1o pasado el propio V\u00edctor Solari al diario El Mercurio de Chile. Tambi\u00e9n, a los 12, tuvo una prueba en V\u00e9lez, pero no qued\u00f3.<\/p>\n<div class=\"sp__Normal\">\n<div class=\"image-embeb image-trigger\" readability=\"6\">\n<picture><source media=\"(min-width: 720px)\" srcset=\"http:\/\/hoycordobaweb.com\/wp-content\/uploads\/2022\/04\/solari-la-figura-de-colo-colo-que-se-probo-en-river-y-se-llama-pablo-cesar-por-aimar-3.jpg\"><img itemprop=\"image\" src=\"http:\/\/hoycordobaweb.com\/wp-content\/uploads\/2022\/04\/solari-la-figura-de-colo-colo-que-se-probo-en-river-y-se-llama-pablo-cesar-por-aimar-3.jpg\" loading=\"lazy\" alt=\"Acumula 14 goles en 58 partidos en Chile.\">\n<\/picture><figcaption readability=\"2\">\n<p>Acumula 14 goles en 58 partidos en Chile.\n<\/p>\n<\/figcaption><\/div>\n<\/div>\n<div class=\"sp__SM\">\n<div class=\"content-new \">\n<span class=\"tit-mobile\">Mir\u00e1 tambi\u00e9n<\/span><\/p>\n<div class=\"mg\">\n<div class=\"wrap-figure\">\n<picture>\n<a href=\"https:\/\/www.ole.com.ar\/river-plate\/probable-11-river-frente-colo-colo_0_QOEq1ZHaW8.html\" target=\"_self\" rel=\"noopener noreferrer\"><br \/>\n<img class=\"img-responsive\" alt=\"El probable 11 de River frente a Colo-Colo\" src=\"http:\/\/hoycordobaweb.com\/wp-content\/uploads\/2022\/04\/solari-la-figura-de-colo-colo-que-se-probo-en-river-y-se-llama-pablo-cesar-por-aimar-4.jpg\" loading=\"lazy\"><br \/>\n<\/a>\n<\/picture>\n<\/div>\n<\/div><\/div>\n<\/div>\n<p>Donde lo aceptaron fue en <strong>Talleres de C\u00f3rdoba<\/strong> y all\u00ed hizo las Inferiores. En 2019, <strong>jug\u00f3 en la selecci\u00f3n juvenil el torneo de L\u2019Alcudia<\/strong>, dirigido por Esteban Solari (sin parentesco alguno), en un equipo en el que estaba Alan Varela, hoy volante de <a alt=\"boca-juniors\" class=\"slug\" href=\"https:\/\/www.ole.com.ar\/tema\/boca-juniors.html\" target=\"_blank\" title=\"boca-juniors\" rel=\"noopener noreferrer\">Boca<\/a>. <strong>Solari <\/strong>marc\u00f3 un gol en la goleada 4-1 ante Mauritania. Ya en el 2020, promovido por el <strong>Cacique Medina<\/strong>, realiz\u00f3 su primera pretemporada con la T e incluso fue al banco en las primeras dos fechas de la Copa Maradona, ante Newell\u2019s y Lan\u00fas.<\/p>\n<div class=\"sp__SM\">\n<div class=\"content-new \">\n<span class=\"tit-mobile\">Mir\u00e1 tambi\u00e9n<\/span><\/p>\n<div class=\"mg\">\n<div class=\"wrap-figure\">\n<picture>\n<a href=\"https:\/\/www.ole.com.ar\/river-plate\/river-atletico-mineiro-nacho-deuda_0_Yx7fbYU54i.html\" target=\"_self\" rel=\"noopener noreferrer\"><br \/>\n<img class=\"img-responsive\" alt=\"La admisi\u00f3n de Atl\u00e9tico Mineiro por el reclamo de River\" src=\"http:\/\/hoycordobaweb.com\/wp-content\/uploads\/2022\/04\/solari-la-figura-de-colo-colo-que-se-probo-en-river-y-se-llama-pablo-cesar-por-aimar-5.jpg\" loading=\"lazy\"><br \/>\n<\/a>\n<\/picture>\n<\/div>\n<\/div><\/div>\n<\/div>\n<p>Sin debutar en Primera, Walter Lemma, ayudante de <strong>Gustavo Quinteros<\/strong> en <strong>Colo Colo<\/strong>, que conoc\u00eda a <strong>Solari <\/strong>de su paso por la Reserva y Juveniles de la T, lo recomend\u00f3 para el Cacique. As\u00ed, en noviembre fue presentado en Chile. <strong>\u00abSolari no es un refuerzo, es para el futuro\u00bb<\/strong>, dec\u00eda el DT <strong>Quinteros<\/strong>. En ese entonces, <strong>Colo Colo<\/strong> atravesaba un duro momento: peleaba abajo y sufr\u00eda aprietes de la barra. La mala situaci\u00f3n llev\u00f3 a que varios decidieran rescindir (Insaurralde, Mouche y Nico Blandi, entre los argentinos).<\/p>\n<div class=\"sp__SM\">\n<div class=\"content-new \">\n<span class=\"tit-mobile\">Mir\u00e1 tambi\u00e9n<\/span><\/p>\n<div class=\"mg\">\n<div class=\"wrap-figure\">\n<picture>\n<a href=\"https:\/\/www.ole.com.ar\/river-plate\/marca-river-gallardo-libertadores_0_MXQEqt4rTy.html\" target=\"_self\" rel=\"noopener noreferrer\"><br \/>\n<img class=\"img-responsive\" alt=\"La gran marca copera que quiere igualar el River de Gallardo\" src=\"http:\/\/hoycordobaweb.com\/wp-content\/uploads\/2022\/04\/solari-la-figura-de-colo-colo-que-se-probo-en-river-y-se-llama-pablo-cesar-por-aimar-6.jpg\" loading=\"lazy\"><br \/>\n<\/a>\n<\/picture>\n<\/div>\n<\/div><\/div>\n<\/div>\n<p>Entonces, Quinteros debi\u00f3 promover juveniles. <strong>Y ah\u00ed apareci\u00f3 Solari<\/strong>. Con 19 a\u00f1os, su vida cambi\u00f3 en febrero de 2021 al marcar <strong>uno de los goles m\u00e1s importantes de la historia de Colo Colo: en la promoci\u00f3n hizo el \u00fanico tanto del 1-0 ante Universidad de Concepci\u00f3n para evitar el descenso. As\u00ed, con su conquista, contribuy\u00f3 a salvar 95 a\u00f1os de historia de un club que nunca perdi\u00f3 la categor\u00eda<\/strong>.<\/p>\n<div class=\"sp__SM\">\n<div class=\"content-new \">\n<span class=\"tit-mobile\">Mir\u00e1 tambi\u00e9n<\/span><\/p>\n<div class=\"mg\">\n<div class=\"wrap-figure\">\n<picture>\n<a href=\"https:\/\/www.ole.com.ar\/river-plate\/auzqui-campeon-hungria-river-gallardo_0_mtdETX9hmt.html\" target=\"_self\" rel=\"noopener noreferrer\"><br \/>\n<img class=\"img-responsive\" alt=\"Auzqui y el d\u00eda que rechaz\u00f3 jugar en Alemania por ir a River\" src=\"http:\/\/hoycordobaweb.com\/wp-content\/uploads\/2022\/04\/solari-la-figura-de-colo-colo-que-se-probo-en-river-y-se-llama-pablo-cesar-por-aimar-7.jpg\" loading=\"lazy\"><br \/>\n<\/a>\n<\/picture>\n<\/div>\n<\/div><\/div>\n<\/div>\n<div class=\"sp__Normal\">\n<div class=\"image-embeb image-trigger\" readability=\"6\">\n<picture><source media=\"(min-width: 720px)\" srcset=\"http:\/\/hoycordobaweb.com\/wp-content\/uploads\/2022\/04\/solari-la-figura-de-colo-colo-que-se-probo-en-river-y-se-llama-pablo-cesar-por-aimar-8.jpg\"><img itemprop=\"image\" src=\"http:\/\/hoycordobaweb.com\/wp-content\/uploads\/2022\/04\/solari-la-figura-de-colo-colo-que-se-probo-en-river-y-se-llama-pablo-cesar-por-aimar-8.jpg\" loading=\"lazy\" alt=\"Estuvo a prueba en River a los ocho a\u00f1os.\">\n<\/picture><figcaption readability=\"2\">\n<p>Estuvo a prueba en River a los ocho a\u00f1os.\n<\/p>\n<\/figcaption><\/div>\n<\/div>\n<p><strong>\u201cMarcar un gol tan importante fue muy emocionante. No tengo palabras para describirlo\u201d,<\/strong> <a href=\"https:\/\/www.ole.com.ar\/futbol-internacional\/america\/pablo-solari-colo-colo-seleccion_0_j7tQqkLXm.html\" target=\"_blank\" rel=\"noopener noreferrer\">le contaba Solari a <strong>Ol\u00e9<\/strong><\/a>, en aquel febrero de 2021. Lo incre\u00edble es que ese fue su primer tanto en Primera. De hecho, Pablo ni siquiera ten\u00eda hogar en Chile. Como cualquier juvenil del club dorm\u00eda en la pensi\u00f3n: la Casa Alba.<\/p>\n<div class=\"sp__SM\">\n<div class=\"content-new \">\n<span class=\"tit-mobile\">Mir\u00e1 tambi\u00e9n<\/span><\/p>\n<div class=\"mg\">\n<div class=\"wrap-figure\">\n<picture>\n<a href=\"https:\/\/www.ole.com.ar\/river-plate\/river-demanda-fifa-nacho-fernandez_0_DKjMpUmuUw.html\" target=\"_self\" rel=\"noopener noreferrer\"><br \/>\n<img class=\"img-responsive\" alt=\"River demand\u00f3 a Atl\u00e9tico Minero por el pase de Nacho Fern\u00e1ndez\" src=\"http:\/\/hoycordobaweb.com\/wp-content\/uploads\/2022\/04\/solari-la-figura-de-colo-colo-que-se-probo-en-river-y-se-llama-pablo-cesar-por-aimar-9.jpg\" loading=\"lazy\"><br \/>\n<\/a>\n<\/picture>\n<\/div>\n<\/div><\/div>\n<\/div>\n<p>Hoy, el extremo ya lleva 58 PJ en el Cacique, con 14 goles. Y este mi\u00e9rcoles a la noche <strong>jugar\u00e1 ante River, el club del que su pap\u00e1 es fana y tendr\u00e1 enfrente a un referente.<\/strong> En una nota con el Diario de la Rep\u00fablica, de San Luis, <strong>Pablo Solari dijo que siempre le gust\u00f3 <a alt=\"matias-suarez\" class=\"slug\" href=\"https:\/\/www.ole.com.ar\/tema\/matias-suarez.html\" target=\"_blank\" title=\"matias-suarez\" rel=\"noopener noreferrer\">Mat\u00edas Su\u00e1rez<\/a>&#8230;<\/strong><\/p>\n<h2><strong>\u200b<\/strong>El gol hist\u00f3rico que evit\u00f3 el descenso<\/h2>\n<div class=\"sp__SM\">\n<div class=\"content-new \">\n<span class=\"tit-mobile\">Mir\u00e1 tambi\u00e9n<\/span><\/p>\n<div class=\"mg\">\n<div class=\"wrap-figure\">\n<picture>\n<a href=\"https:\/\/www.ole.com.ar\/futbol-primera\/promedios-descensos-futbol-argentinos_0_mI45kmBC91.html\" target=\"_self\" rel=\"noopener noreferrer\"><br \/>\n<img class=\"img-responsive\" alt=\"Promedios: \u00bfqui\u00e9nes estar\u00edan descendiendo?\" src=\"http:\/\/hoycordobaweb.com\/wp-content\/uploads\/2022\/04\/solari-la-figura-de-colo-colo-que-se-probo-en-river-y-se-llama-pablo-cesar-por-aimar-10.jpg\" loading=\"lazy\"><br \/>\n<\/a>\n<\/picture>\n<\/div>\n<\/div><\/div>\n<\/div>\n<div class=\"sp__SM\">\n<div class=\"content-new \">\n<span class=\"tit-mobile\">Mir\u00e1 tambi\u00e9n<\/span><\/p>\n<div class=\"mg\">\n<div class=\"wrap-figure\">\n<picture>\n<a href=\"https:\/\/www.ole.com.ar\/futbol-primera\/arbitros-var-copa-liga-fecha-13_0_RF1nZ0HTdT.html\" target=\"_self\" rel=\"noopener noreferrer\"><br \/>\n<img class=\"img-responsive\" alt=\"Copa de la Liga: los \u00e1rbitros para la fecha 13\" src=\"http:\/\/hoycordobaweb.com\/wp-content\/uploads\/2022\/04\/solari-la-figura-de-colo-colo-que-se-probo-en-river-y-se-llama-pablo-cesar-por-aimar-11.jpg\" loading=\"lazy\"><br \/>\n<\/a>\n<\/picture>\n<\/div>\n<\/div><\/div>\n<\/div>\n<div class=\"sp__SM\">\n<div class=\"content-new \">\n<span class=\"tit-mobile\">Mir\u00e1 tambi\u00e9n<\/span><\/p>\n<div class=\"mg\">\n<div class=\"wrap-figure\">\n<picture>\n<a href=\"https:\/\/www.ole.com.ar\/river-plate\/river-renovacion-abonos-aumentos_0_hoa2lwmjTc.html\" target=\"_self\" rel=\"noopener noreferrer\"><br \/>\n<img class=\"img-responsive\" alt=\"Renovaci\u00f3n y fuertes aumentos de los abonos de River\" src=\"http:\/\/hoycordobaweb.com\/wp-content\/uploads\/2022\/04\/solari-la-figura-de-colo-colo-que-se-probo-en-river-y-se-llama-pablo-cesar-por-aimar-12.jpg\" loading=\"lazy\"><br \/>\n<\/a>\n<\/picture>\n<\/div>\n<\/div><\/div>\n<\/div>\n<div class=\"entry-tags\">\n<h2>TEMAS QUE APARECEN EN ESTA NOTA<\/h2>\n<\/p><\/div>\n","protected":false},"excerpt":{"rendered":"<p>Arizona es un pueblo de San Luis de poco m\u00e1s de 1.000 habitantes, sobre la ruta provincial 55, a 350 kil\u00f3metros de la capital provincial. En Arizona hay una escuela, su plaza, dos estaciones de servicios, la carnicer\u00eda Don Hugo, el estadio del Club Social con capacidad para unas 1.500 personas (es decir, entra todo [&hellip;]<\/p>\n","protected":false},"author":1,"featured_media":40621,"comment_status":"open","ping_status":"closed","sticky":false,"template":"","format":"standard","meta":[],"categories":[16],"tags":[],"_links":{"self":[{"href":"http:\/\/hoycordobaweb.com\/index.php\/wp-json\/wp\/v2\/posts\/40620"}],"collection":[{"href":"http:\/\/hoycordobaweb.com\/index.php\/wp-json\/wp\/v2\/posts"}],"about":[{"href":"http:\/\/hoycordobaweb.com\/index.php\/wp-json\/wp\/v2\/types\/post"}],"author":[{"embeddable":true,"href":"http:\/\/hoycordobaweb.com\/index.php\/wp-json\/wp\/v2\/users\/1"}],"replies":[{"embeddable":true,"href":"http:\/\/hoycordobaweb.com\/index.php\/wp-json\/wp\/v2\/comments?post=40620"}],"version-history":[{"count":0,"href":"http:\/\/hoycordobaweb.com\/index.php\/wp-json\/wp\/v2\/posts\/40620\/revisions"}],"wp:featuredmedia":[{"embeddable":true,"href":"http:\/\/hoycordobaweb.com\/index.php\/wp-json\/wp\/v2\/media\/40621"}],"wp:attachment":[{"href":"http:\/\/hoycordobaweb.com\/index.php\/wp-json\/wp\/v2\/media?parent=40620"}],"wp:term":[{"taxonomy":"category","embeddable":true,"href":"http:\/\/hoycordobaweb.com\/index.php\/wp-json\/wp\/v2\/categories?post=40620"},{"taxonomy":"post_tag","embeddable":true,"href":"http:\/\/hoycordobaweb.com\/index.php\/wp-json\/wp\/v2\/tags?post=40620"}],"curies":[{"name":"wp","href":"https:\/\/api.w.org\/{rel}","templated":true}]}}