{"id":40612,"date":"2022-04-24T15:06:39","date_gmt":"2022-04-24T15:06:39","guid":{"rendered":"https:\/\/ladecimaweb.com\/?p=13274"},"modified":"2022-04-24T15:06:39","modified_gmt":"2022-04-24T15:06:39","slug":"ruralistas-marcharon-a-plaza-de-mayo-y-el-gobierno-ratifico-que-no-subiran-las-retenciones","status":"publish","type":"post","link":"http:\/\/hoycordobaweb.com\/index.php\/2022\/04\/24\/ruralistas-marcharon-a-plaza-de-mayo-y-el-gobierno-ratifico-que-no-subiran-las-retenciones\/","title":{"rendered":"Ruralistas marcharon a Plaza de Mayo y el Gobierno ratific\u00f3 que no subir\u00e1n las retenciones"},"content":{"rendered":"<div class=\"boldgrid-section\">\n<div class=\"container\">\n<div class=\"row\">\n<div class=\"col-md-12 col-xs-12 col-sm-12\">\n<p class=\"\"><span><em>(T\u00e9lam)<\/em> Productores autoconvocados y agrupaciones rurales, con apoyo de dirigentes de Juntos por el Cambio, realizaron una marcha y un acto en Plaza de Mayo en el cual pidieron por una baja de los impuestos y un menor gasto p\u00fablico.<\/span><\/p>\n<p><strong>&#8220;Esta es nuestra protesta y nuestra propuesta: an\u00edmense a pensar un pa\u00eds con menos impuesto; gasten menos; arr\u00e9glense con lo que tiene o ded\u00edquense a otra cosa&#8221;, indic\u00f3 la proclama le\u00edda en Plaza de Mayo firmada por el denominado Grupo Independencia, donde confluyen productores, asociaciones rurales y organizaciones como Campo+Ciudad, a cargo de la marcha y el acto<\/strong><span>.<\/span><\/p>\n<p><span>&#8220;No hemos venido hasta ac\u00e1 para pedir que nos den una mano sino para que nos saquen las dos de encima; no estamos dispuesto a seguir financiando la soga con la que nos ahorcan&#8221;, agreg\u00f3 el documento.<\/span><\/p>\n<figure class=\"mb-3\">\n<p class=\"mod-reset\"><img loading=\"lazy\" class=\"aligncenter\" src=\"http:\/\/hoycordobaweb.com\/wp-content\/uploads\/2022\/04\/ruralistas-marcharon-a-plaza-de-mayo-y-el-gobierno-ratifico-que-no-subiran-las-retenciones.jpg\" alt=\"Foto Eliana Obregn\" width=\"401\" height=\"225\"><\/p>\n<div class=\"media-icons\"><i class=\"fab fa-pinterest-p\"><\/i><i class=\"fas fa-expand-arrows-alt\"><\/i><\/div><figcaption>Foto: Eliana Obreg\u00f3n<\/figcaption><\/figure>\n<p><span>Pasadas las 15, productores de diferentes partes del pa\u00eds -al que se sumaron a habitantes de la ciudad, con c\u00e1nticos a favor del campo y en contra del Gobierno- ingresaron a la Plaza de Mayo con una veintena de tractores y camionetas, tras realizar una caravana desde el barrio porte\u00f1o de Nu\u00f1ez.<\/span><\/p>\n<p><strong>En la plaza hubo presencia de referentes de Juntos por el Cambio (JxC)<\/strong><span>, espacio pol\u00edtico que convoc\u00f3 a la marcha, como Federico Pinedo, Eduardo Amadeo y Luis Miguel Etchevehere; m\u00e1s temprano, en el inicio de la marcha, estuvieron la presidenta del PRO, Patricia Bullrich y el alcalde porte\u00f1o, Horacio Rodr\u00edguez Larreta.<\/span><\/p>\n<figure class=\"mb-3\">\n<p class=\"mod-reset\"><img loading=\"lazy\" class=\"aligncenter\" src=\"http:\/\/hoycordobaweb.com\/wp-content\/uploads\/2022\/04\/ruralistas-marcharon-a-plaza-de-mayo-y-el-gobierno-ratifico-que-no-subiran-las-retenciones-1.jpg\" alt=\"Foto Eliana Obregn\" width=\"607\" height=\"341\"><\/p>\n<div class=\"media-icons\"><i class=\"fab fa-pinterest-p\"><\/i><i class=\"fas fa-expand-arrows-alt\"><\/i><\/div><figcaption>Foto: Eliana Obreg\u00f3n<\/figcaption><\/figure>\n<p>&nbsp;<\/p>\n<figure class=\"mb-3\">\n<p class=\"mod-reset\"><img loading=\"lazy\" class=\"aligncenter\" src=\"http:\/\/hoycordobaweb.com\/wp-content\/uploads\/2022\/04\/ruralistas-marcharon-a-plaza-de-mayo-y-el-gobierno-ratifico-que-no-subiran-las-retenciones-2.jpg\" alt=\"Foto Pepe Mateos\" width=\"479\" height=\"269\"><\/p>\n<div class=\"media-icons\"><i class=\"fab fa-pinterest-p\"><\/i><i class=\"fas fa-expand-arrows-alt\"><\/i><\/div><figcaption>Foto: Pepe Mateos.<\/figcaption><\/figure>\n<p>&nbsp;<\/p>\n<figure class=\"mb-3\">\n<p class=\"mod-reset\"><img loading=\"lazy\" class=\"aligncenter\" src=\"http:\/\/hoycordobaweb.com\/wp-content\/uploads\/2022\/04\/ruralistas-marcharon-a-plaza-de-mayo-y-el-gobierno-ratifico-que-no-subiran-las-retenciones-3.jpg\" alt=\"Foto Pepe Mateos\" width=\"564\" height=\"317\"><\/p>\n<div class=\"media-icons\"><i class=\"fab fa-pinterest-p\"><\/i><i class=\"fas fa-expand-arrows-alt\"><\/i><\/div><figcaption>Foto: Pepe Mateos.<\/figcaption><\/figure>\n<p>&nbsp;<\/p>\n<figure class=\"mb-3\">\n<p class=\"mod-reset\"><img loading=\"lazy\" src=\"http:\/\/hoycordobaweb.com\/wp-content\/uploads\/2022\/04\/ruralistas-marcharon-a-plaza-de-mayo-y-el-gobierno-ratifico-que-no-subiran-las-retenciones-4.jpg\" alt=\"Foto Eliana Obregn\" width=\"100%\" height=\"100%\"><\/p>\n<div class=\"media-icons\"><i class=\"fab fa-pinterest-p\"><\/i><i class=\"fas fa-expand-arrows-alt\"><\/i><\/div><figcaption>Foto: Eliana Obreg\u00f3n<\/figcaption><\/figure>\n<p><span>La protesta no cont\u00f3 con la participaci\u00f3n de las entidades agropecuarias nacionales que integran la Mesa de Enlace, ya que consideraron al momento &#8220;inoportuno&#8221;.<\/span><\/p>\n<p><span>La movilizaci\u00f3n se da en un contexto donde los precios internacionales de los granos se ubican en niveles hist\u00f3ricamente altos, en especial en estos \u00faltimos meses por la guerra entre Rusia y Ucrania; durante la semana el ma\u00edz y la soja en Chicago alcanzaron m\u00e1ximos desde septiembre de 2012.<\/span><\/p>\n<p><span>Asimismo, la Bolsa de Comercio de Rosario vaticin\u00f3 un crecimiento de las exportaciones de granos y derivados de 8% interanual en 2022, con una facturaci\u00f3n r\u00e9cord de alrededor de US$ 41.053 millones, impulsada por el salto en los valores de los commodities agr\u00edcolas.<\/span><\/p>\n<p class=\"\">\n<span>As\u00ed, el valor de los despachos aumentar\u00edan en US$ 3.004 millones respecto a 2021 y US$ 2.442 millones respecto a la proyecci\u00f3n realizada por la entidad en marzo pasado.<\/span><\/p>\n<p><span>No obstante este incremento los derechos de exportaci\u00f3n se mantuvieron sin cambios, con la soja tributando 33% y el ma\u00edz y el trigo, 12%, mientras que a los subproductos de la oleaginosa, como lo son el aceite y la harina, se les quit\u00f3 el diferencial por ser productos procesados y alcanz\u00f3 nuevamente la al\u00edcuota del 33%.<\/span><\/p>\n<figure class=\"mb-3\">\n<p class=\"mod-reset\"><img loading=\"lazy\" class=\"aligncenter\" src=\"http:\/\/hoycordobaweb.com\/wp-content\/uploads\/2022\/04\/ruralistas-marcharon-a-plaza-de-mayo-y-el-gobierno-ratifico-que-no-subiran-las-retenciones-5.jpg\" alt=\"Foto Victoria Egurza\" width=\"450\" height=\"253\"><\/p>\n<div class=\"media-icons\"><i class=\"fab fa-pinterest-p\"><\/i><i class=\"fas fa-expand-arrows-alt\"><\/i><\/div><figcaption>Foto: Victoria Egurza<\/figcaption><\/figure>\n<p class=\"\">\n<p><span>Por su parte, el ministro de Producci\u00f3n, Mat\u00edas Kulfas, se manifest\u00f3 en la misma direcci\u00f3n, al asegurar que el tractorazo lo lleva adelante un sector que es un brazo pol\u00edtico de Juntos por el Cambio&#8221; y argument\u00f3 que &#8220;no es el campo, de hecho las principales entidades no quisieron acompa\u00f1ar el reclamo&#8221;.<\/span><\/p>\n<p><span>Al respecto, advirti\u00f3 que &#8220;se ve un nivel de virulencia enorme&#8221; y agreg\u00f3: &#8220;le\u00eda que dec\u00edan \u00b4devu\u00e9lvannos nuestro pa\u00eds&#8221;. El pa\u00eds no es de ellos, el pa\u00eds es de todos&#8221;, sentenci\u00f3 en referencia a un comunicado de la agrupaci\u00f3n Campo+Ciudad.<\/span><\/p>\n<div class=\"jumbotron pt-4 mt-3\">\n<p class=\"\">La portavoz del Gobierno, Gabriela Cerruti, lament\u00f3 que dirigentes de Juntos por el Cambio que &#8220;se proclaman republicanos&#8221; hayan encabezado la manifestaci\u00f3n de ruralistas, cuyo documento final se pronunci\u00f3 de modo descalificador contra el Gobierno y los gobernadores, y advirti\u00f3 que eso &#8220;no contribuye a la convivencia democr\u00e1tica&#8221;.<\/p>\n<p class=\"\">\n<div class=\"ubm_banner\"><a href=\"https:\/\/www.cba.gov.ar\/10-https:\/\/www.cba.gov.ar\/10-mil-viviendas\/?csrt=8333084810548506306\" target=\"_blank\" rel=\"dofollow noopener noreferrer\"><img src=\"http:\/\/hoycordobaweb.com\/wp-content\/uploads\/2022\/04\/ruralistas-marcharon-a-plaza-de-mayo-y-el-gobierno-ratifico-que-no-subiran-las-retenciones.gif\" alt=\"\"><\/a><\/div>\n<\/div>\n<\/div>\n<\/div>\n<\/div>\n<\/div>\n<p>La entrada <a rel=\"nofollow\" href=\"https:\/\/ladecimaweb.com\/ruralistas-marcharon-a-plaza-de-mayo-y-el-gobierno-ratifico-que-no-subiran-las-retenciones\/\">Ruralistas marcharon a Plaza de Mayo y el Gobierno ratific\u00f3 que no subir\u00e1n las retenciones<\/a> se public\u00f3 primero en <a rel=\"nofollow\" href=\"https:\/\/ladecimaweb.com\">LaDecima<\/a>.<\/p>\n","protected":false},"excerpt":{"rendered":"<p>(T\u00e9lam) Productores autoconvocados y agrupaciones rurales, con apoyo de dirigentes de Juntos por el Cambio, realizaron una marcha y un acto en Plaza de Mayo en el cual pidieron por una baja de los impuestos y un menor gasto p\u00fablico. &#8220;Esta es nuestra protesta y nuestra propuesta: an\u00edmense a pensar un pa\u00eds con menos impuesto; [&hellip;]<\/p>\n","protected":false},"author":1,"featured_media":40613,"comment_status":"closed","ping_status":"closed","sticky":false,"template":"","format":"standard","meta":[],"categories":[19],"tags":[],"_links":{"self":[{"href":"http:\/\/hoycordobaweb.com\/index.php\/wp-json\/wp\/v2\/posts\/40612"}],"collection":[{"href":"http:\/\/hoycordobaweb.com\/index.php\/wp-json\/wp\/v2\/posts"}],"about":[{"href":"http:\/\/hoycordobaweb.com\/index.php\/wp-json\/wp\/v2\/types\/post"}],"author":[{"embeddable":true,"href":"http:\/\/hoycordobaweb.com\/index.php\/wp-json\/wp\/v2\/users\/1"}],"replies":[{"embeddable":true,"href":"http:\/\/hoycordobaweb.com\/index.php\/wp-json\/wp\/v2\/comments?post=40612"}],"version-history":[{"count":0,"href":"http:\/\/hoycordobaweb.com\/index.php\/wp-json\/wp\/v2\/posts\/40612\/revisions"}],"wp:featuredmedia":[{"embeddable":true,"href":"http:\/\/hoycordobaweb.com\/index.php\/wp-json\/wp\/v2\/media\/40613"}],"wp:attachment":[{"href":"http:\/\/hoycordobaweb.com\/index.php\/wp-json\/wp\/v2\/media?parent=40612"}],"wp:term":[{"taxonomy":"category","embeddable":true,"href":"http:\/\/hoycordobaweb.com\/index.php\/wp-json\/wp\/v2\/categories?post=40612"},{"taxonomy":"post_tag","embeddable":true,"href":"http:\/\/hoycordobaweb.com\/index.php\/wp-json\/wp\/v2\/tags?post=40612"}],"curies":[{"name":"wp","href":"https:\/\/api.w.org\/{rel}","templated":true}]}}