{"id":40586,"date":"2022-04-26T09:01:33","date_gmt":"2022-04-26T09:01:33","guid":{"rendered":"https:\/\/www.trendencias.com\/moda-famosas\/este-vestido-alexander-mcqueen-que-ayer-lucio-kate-middleton-que-llevo-boda-meghan-markle-otras-ocasiones"},"modified":"2022-04-26T09:01:33","modified_gmt":"2022-04-26T09:01:33","slug":"este-es-el-vestido-de-alexander-mcqueen-que-ayer-lucio-kate-middleton-y-que-ya-llevo-en-la-boda-de-meghan-markle-y-en-otras-ocasiones","status":"publish","type":"post","link":"http:\/\/hoycordobaweb.com\/index.php\/2022\/04\/26\/este-es-el-vestido-de-alexander-mcqueen-que-ayer-lucio-kate-middleton-y-que-ya-llevo-en-la-boda-de-meghan-markle-y-en-otras-ocasiones\/","title":{"rendered":"Este es el vestido de Alexander McQueen que ayer luci\u00f3 Kate Middleton y que ya llev\u00f3 en la boda de Meghan Markle (y en otras ocasiones)"},"content":{"rendered":"<p><a href=\"https:\/\/www.trendencias.com\/moda-famosas\/kate-middleton-nos-demuestra-que-azul-bebe-sigue-siendo-color-tendencia\">La realeza repite con sus estilismos<\/a> y as\u00ed nos lo demostr\u00f3 ayer <strong>Kate Middleton<\/strong>. Acompa\u00f1ando al pr\u00edncipe Guillermo al <strong>acto conmemorativo<\/strong> de los soldados ca\u00eddos de Australia y Nueva Zelanda celebrado en la abad\u00eda de Westminster, la <a href=\"https:\/\/www.trendencias.com\/moda-famosas\/kate-middleton-reina-letizia-compiten-estilo-homenaje-al-duque-edimburgo\">Duquesa de Cambridge se decant\u00f3 por un vestido blanco<\/a> de Alexander McQueen que ya <a href=\"https:\/\/www.trendencias.com\/moda-famosas\/kate-middleton-apuesta-una-vez-mas-por-mcqueen-en-el-bautizo-de-la-princesa-charlotte\">estren\u00f3 en 2015 para el bautizo de su hija<\/a>, la Princesa Charlotte, y que desde entonces ha lucido en infinidad de ocasiones.<\/p>\n<p><!-- BREAK 1 --><\/p>\n<div class=\"article-asset article-asset-normal article-asset-center\">\n<div class=\"desvio-container\">\n<div class=\"desvio\">\n<div class=\"desvio-figure js-desvio-figure\"> <a href=\"https:\/\/www.trendencias.com\/moda-famosas\/kate-middleton-nos-demuestra-que-azul-bebe-sigue-siendo-color-tendencia\"> <img alt=\"Kate Middleton nos demuestra que el azul beb\u00e9 sigue siendo un color de tendencia\" src=\"http:\/\/hoycordobaweb.com\/wp-content\/uploads\/2022\/04\/este-es-el-vestido-de-alexander-mcqueen-que-ayer-lucio-kate-middleton-y-que-ya-llevo-en-la-boda-de-meghan-markle-y-en-otras-ocasiones.jpg\"> <\/a> <\/div><\/div><\/div>\n<\/div>\n<div class=\"video-boost-container article-asset-normal\"> <span class=\"video-boost-title\">Un look de viernes de Tamara Falc\u00f3<\/span>\n<\/div>\n<h2>Un look que enamorar\u00eda a la mism\u00edsima Jacqueline Kennedy<\/h2>\n<p>Demostrando la importancia de los complementos, ayer &gt;Kate Middleton enamor\u00f3 con su especie de tocado del mismo color en forma de diadema y tama\u00f1o XXL -complemento favorito de la que fue Primera Dama de los Estados Unidos-. Combinando el conjunto con unos zapatos de tac\u00f3n tipo sal\u00f3n de color negro, los pendientes eran de Diana.<\/p>\n<p><!-- BREAK 2 --> <\/p>\n<div class=\"article-asset-image article-asset-normal article-asset-center\">\n<div class=\"asset-content\">\n<div class=\"base-wrapper-image\"> <img class=\"sf-lazy centro_sinmarco\" data-sf-srcset=\"http:\/\/hoycordobaweb.com\/wp-content\/uploads\/2022\/04\/este-es-el-vestido-de-alexander-mcqueen-que-ayer-lucio-kate-middleton-y-que-ya-llevo-en-la-boda-de-meghan-markle-y-en-otras-ocasiones-1.jpg 450w, http:\/\/hoycordobaweb.com\/wp-content\/uploads\/2022\/04\/este-es-el-vestido-de-alexander-mcqueen-que-ayer-lucio-kate-middleton-y-que-ya-llevo-en-la-boda-de-meghan-markle-y-en-otras-ocasiones-7.jpg 681w,http:\/\/hoycordobaweb.com\/wp-content\/uploads\/2022\/04\/este-es-el-vestido-de-alexander-mcqueen-que-ayer-lucio-kate-middleton-y-que-ya-llevo-en-la-boda-de-meghan-markle-y-en-otras-ocasiones-8.jpg 1024w, http:\/\/hoycordobaweb.com\/wp-content\/uploads\/2022\/04\/este-es-el-vestido-de-alexander-mcqueen-que-ayer-lucio-kate-middleton-y-que-ya-llevo-en-la-boda-de-meghan-markle-y-en-otras-ocasiones-9.jpg 1366w,\" data-sf-src=\"http:\/\/hoycordobaweb.com\/wp-content\/uploads\/2022\/04\/este-es-el-vestido-de-alexander-mcqueen-que-ayer-lucio-kate-middleton-y-que-ya-llevo-en-la-boda-de-meghan-markle-y-en-otras-ocasiones-1.jpg\" alt=\"Kate Middleton Alexander Mcqueen 2022 02\"> <noscript><img alt=\"Kate Middleton Alexander Mcqueen 2022 02\" class=\"centro_sinmarco\" src=\"http:\/\/hoycordobaweb.com\/wp-content\/uploads\/2022\/04\/este-es-el-vestido-de-alexander-mcqueen-que-ayer-lucio-kate-middleton-y-que-ya-llevo-en-la-boda-de-meghan-markle-y-en-otras-ocasiones-1.jpg\"><\/noscript> <\/div><\/div>\n<\/div>\n<h2>Un vestido que ha lucido en varias ocasiones<\/h2>\n<p>La primera vez que vimos a la Duquesa de Cambridge lucir este dise\u00f1o de Alexander McQueen -firma que le dise\u00f1\u00f3 su vestido de boda-, fue en 2015. Presenciando el bautizo de su hija, la Princesa Charlotte, Kate lo cmbin\u00f3 con un tocado de color blanco.<\/p>\n<p><!-- BREAK 3 --><\/p>\n<div class=\"article-asset-image article-asset-normal article-asset-center\">\n<div class=\"asset-content\">\n<div class=\"base-wrapper-image\"> <img class=\"sf-lazy centro_sinmarco\" data-sf-srcset=\"http:\/\/hoycordobaweb.com\/wp-content\/uploads\/2022\/04\/este-es-el-vestido-de-alexander-mcqueen-que-ayer-lucio-kate-middleton-y-que-ya-llevo-en-la-boda-de-meghan-markle-y-en-otras-ocasiones-2.jpg 450w, http:\/\/hoycordobaweb.com\/wp-content\/uploads\/2022\/04\/este-es-el-vestido-de-alexander-mcqueen-que-ayer-lucio-kate-middleton-y-que-ya-llevo-en-la-boda-de-meghan-markle-y-en-otras-ocasiones-10.jpg 681w,http:\/\/hoycordobaweb.com\/wp-content\/uploads\/2022\/04\/este-es-el-vestido-de-alexander-mcqueen-que-ayer-lucio-kate-middleton-y-que-ya-llevo-en-la-boda-de-meghan-markle-y-en-otras-ocasiones-11.jpg 1024w, http:\/\/hoycordobaweb.com\/wp-content\/uploads\/2022\/04\/este-es-el-vestido-de-alexander-mcqueen-que-ayer-lucio-kate-middleton-y-que-ya-llevo-en-la-boda-de-meghan-markle-y-en-otras-ocasiones-12.jpg 1366w,\" data-sf-src=\"http:\/\/hoycordobaweb.com\/wp-content\/uploads\/2022\/04\/este-es-el-vestido-de-alexander-mcqueen-que-ayer-lucio-kate-middleton-y-que-ya-llevo-en-la-boda-de-meghan-markle-y-en-otras-ocasiones-2.jpg\" alt=\"Kate Middleton Alexander Mcqueen 2015\"> <noscript><img alt=\"Kate Middleton Alexander Mcqueen 2015\" class=\"centro_sinmarco\" src=\"http:\/\/hoycordobaweb.com\/wp-content\/uploads\/2022\/04\/este-es-el-vestido-de-alexander-mcqueen-que-ayer-lucio-kate-middleton-y-que-ya-llevo-en-la-boda-de-meghan-markle-y-en-otras-ocasiones-2.jpg\"><\/noscript> <\/div><\/div>\n<\/div>\n<p>Escogiendo un tocado m\u00e1s grande -con flor incorporada- volvi\u00f3 a llevarlo para presenciar el tradicional desfile Trooping the Colour de 2016 en Buckingham.<\/p>\n<p><!-- BREAK 4 --><\/p>\n<div class=\"article-asset-image article-asset-normal article-asset-center\">\n<div class=\"asset-content\">\n<div class=\"base-wrapper-image\"> <img class=\"sf-lazy centro_sinmarco\" data-sf-srcset=\"http:\/\/hoycordobaweb.com\/wp-content\/uploads\/2022\/04\/este-es-el-vestido-de-alexander-mcqueen-que-ayer-lucio-kate-middleton-y-que-ya-llevo-en-la-boda-de-meghan-markle-y-en-otras-ocasiones-3.jpg 450w, http:\/\/hoycordobaweb.com\/wp-content\/uploads\/2022\/04\/este-es-el-vestido-de-alexander-mcqueen-que-ayer-lucio-kate-middleton-y-que-ya-llevo-en-la-boda-de-meghan-markle-y-en-otras-ocasiones-13.jpg 681w,http:\/\/hoycordobaweb.com\/wp-content\/uploads\/2022\/04\/este-es-el-vestido-de-alexander-mcqueen-que-ayer-lucio-kate-middleton-y-que-ya-llevo-en-la-boda-de-meghan-markle-y-en-otras-ocasiones-14.jpg 1024w, http:\/\/hoycordobaweb.com\/wp-content\/uploads\/2022\/04\/este-es-el-vestido-de-alexander-mcqueen-que-ayer-lucio-kate-middleton-y-que-ya-llevo-en-la-boda-de-meghan-markle-y-en-otras-ocasiones-15.jpg 1366w,\" data-sf-src=\"http:\/\/hoycordobaweb.com\/wp-content\/uploads\/2022\/04\/este-es-el-vestido-de-alexander-mcqueen-que-ayer-lucio-kate-middleton-y-que-ya-llevo-en-la-boda-de-meghan-markle-y-en-otras-ocasiones-3.jpg\" alt=\"Kate Middleton Alexander Mcqueen 2016\"> <noscript><img alt=\"Kate Middleton Alexander Mcqueen 2016\" class=\"centro_sinmarco\" src=\"http:\/\/hoycordobaweb.com\/wp-content\/uploads\/2022\/04\/este-es-el-vestido-de-alexander-mcqueen-que-ayer-lucio-kate-middleton-y-que-ya-llevo-en-la-boda-de-meghan-markle-y-en-otras-ocasiones-3.jpg\"><\/noscript> <\/div><\/div>\n<\/div>\n<p>A finales de julio de 2017 brill\u00f3 con luz propia durante el 100 aniversario de la batalla de Passchendaele, en la ciudad de Ypres (B\u00e9lgica). para esta ocasi\u00f3n se decant\u00f3 por un tocado de color blanco y unos zapatos de ante gris -a juego con el clutch-.<\/p>\n<p><!-- BREAK 5 --><\/p>\n<div class=\"article-asset-image article-asset-normal article-asset-center\">\n<div class=\"asset-content\">\n<div class=\"base-wrapper-image\"> <img class=\"sf-lazy centro_sinmarco\" data-sf-srcset=\"http:\/\/hoycordobaweb.com\/wp-content\/uploads\/2022\/04\/este-es-el-vestido-de-alexander-mcqueen-que-ayer-lucio-kate-middleton-y-que-ya-llevo-en-la-boda-de-meghan-markle-y-en-otras-ocasiones-4.jpg 450w, http:\/\/hoycordobaweb.com\/wp-content\/uploads\/2022\/04\/este-es-el-vestido-de-alexander-mcqueen-que-ayer-lucio-kate-middleton-y-que-ya-llevo-en-la-boda-de-meghan-markle-y-en-otras-ocasiones-16.jpg 681w,http:\/\/hoycordobaweb.com\/wp-content\/uploads\/2022\/04\/este-es-el-vestido-de-alexander-mcqueen-que-ayer-lucio-kate-middleton-y-que-ya-llevo-en-la-boda-de-meghan-markle-y-en-otras-ocasiones-17.jpg 1024w, http:\/\/hoycordobaweb.com\/wp-content\/uploads\/2022\/04\/este-es-el-vestido-de-alexander-mcqueen-que-ayer-lucio-kate-middleton-y-que-ya-llevo-en-la-boda-de-meghan-markle-y-en-otras-ocasiones-18.jpg 1366w,\" data-sf-src=\"http:\/\/hoycordobaweb.com\/wp-content\/uploads\/2022\/04\/este-es-el-vestido-de-alexander-mcqueen-que-ayer-lucio-kate-middleton-y-que-ya-llevo-en-la-boda-de-meghan-markle-y-en-otras-ocasiones-4.jpg\" alt=\"Kate Middleton Alexander Mcqueen 2017\"> <noscript><img alt=\"Kate Middleton Alexander Mcqueen 2017\" class=\"centro_sinmarco\" src=\"http:\/\/hoycordobaweb.com\/wp-content\/uploads\/2022\/04\/este-es-el-vestido-de-alexander-mcqueen-que-ayer-lucio-kate-middleton-y-que-ya-llevo-en-la-boda-de-meghan-markle-y-en-otras-ocasiones-4.jpg\"><\/noscript> <\/div><\/div>\n<\/div>\n<p>La \u00faltima vez que vimos a Kate Middleton con esta prenda fue en la boda del Pr\u00edncipe Harry y Meghan Markle, el 19 de mayo de 2018. <a href=\"https:\/\/www.trendencias.com\/alfombra-roja\/asi-es-el-look-elegido-de-kate-middleton-para-la-boda-de-harry-y-meghan-markle\">Dio mucho que hablar al repetir dise\u00f1o e ir de blanco<\/a>. En aquella ocasi\u00f3n eligi\u00f3 combinar el dise\u00f1o con un tocado de Philip Treacy y unos sencillos salones beige de Jimmy Choo.<\/p>\n<p><!-- BREAK 6 --><\/p>\n<div class=\"article-asset-image article-asset-normal article-asset-center\">\n<div class=\"asset-content\">\n<div class=\"base-wrapper-image\"> <img class=\"sf-lazy centro_sinmarco\" data-sf-srcset=\"http:\/\/hoycordobaweb.com\/wp-content\/uploads\/2022\/04\/este-es-el-vestido-de-alexander-mcqueen-que-ayer-lucio-kate-middleton-y-que-ya-llevo-en-la-boda-de-meghan-markle-y-en-otras-ocasiones-5.jpg 450w, http:\/\/hoycordobaweb.com\/wp-content\/uploads\/2022\/04\/este-es-el-vestido-de-alexander-mcqueen-que-ayer-lucio-kate-middleton-y-que-ya-llevo-en-la-boda-de-meghan-markle-y-en-otras-ocasiones-19.jpg 681w,http:\/\/hoycordobaweb.com\/wp-content\/uploads\/2022\/04\/este-es-el-vestido-de-alexander-mcqueen-que-ayer-lucio-kate-middleton-y-que-ya-llevo-en-la-boda-de-meghan-markle-y-en-otras-ocasiones-20.jpg 1024w, http:\/\/hoycordobaweb.com\/wp-content\/uploads\/2022\/04\/este-es-el-vestido-de-alexander-mcqueen-que-ayer-lucio-kate-middleton-y-que-ya-llevo-en-la-boda-de-meghan-markle-y-en-otras-ocasiones-21.jpg 1366w,\" data-sf-src=\"http:\/\/hoycordobaweb.com\/wp-content\/uploads\/2022\/04\/este-es-el-vestido-de-alexander-mcqueen-que-ayer-lucio-kate-middleton-y-que-ya-llevo-en-la-boda-de-meghan-markle-y-en-otras-ocasiones-5.jpg\" alt=\"Kate Middleton Alexander Mcqueen 2019\"> <noscript><img alt=\"Kate Middleton Alexander Mcqueen 2019\" class=\"centro_sinmarco\" src=\"http:\/\/hoycordobaweb.com\/wp-content\/uploads\/2022\/04\/este-es-el-vestido-de-alexander-mcqueen-que-ayer-lucio-kate-middleton-y-que-ya-llevo-en-la-boda-de-meghan-markle-y-en-otras-ocasiones-5.jpg\"><\/noscript> <\/div><\/div>\n<\/div>\n<p>Fotos | Gtres<\/p>\n","protected":false},"excerpt":{"rendered":"<p>La realeza repite con sus estilismos y as\u00ed nos lo demostr\u00f3 ayer Kate Middleton. Acompa\u00f1ando al pr\u00edncipe Guillermo al acto conmemorativo de los soldados ca\u00eddos de Australia y Nueva Zelanda celebrado en la abad\u00eda de Westminster, la Duquesa de Cambridge se decant\u00f3 por un vestido blanco de Alexander McQueen que ya estren\u00f3 en 2015 para [&hellip;]<\/p>\n","protected":false},"author":1,"featured_media":40587,"comment_status":"closed","ping_status":"closed","sticky":false,"template":"","format":"standard","meta":[],"categories":[1],"tags":[],"_links":{"self":[{"href":"http:\/\/hoycordobaweb.com\/index.php\/wp-json\/wp\/v2\/posts\/40586"}],"collection":[{"href":"http:\/\/hoycordobaweb.com\/index.php\/wp-json\/wp\/v2\/posts"}],"about":[{"href":"http:\/\/hoycordobaweb.com\/index.php\/wp-json\/wp\/v2\/types\/post"}],"author":[{"embeddable":true,"href":"http:\/\/hoycordobaweb.com\/index.php\/wp-json\/wp\/v2\/users\/1"}],"replies":[{"embeddable":true,"href":"http:\/\/hoycordobaweb.com\/index.php\/wp-json\/wp\/v2\/comments?post=40586"}],"version-history":[{"count":0,"href":"http:\/\/hoycordobaweb.com\/index.php\/wp-json\/wp\/v2\/posts\/40586\/revisions"}],"wp:featuredmedia":[{"embeddable":true,"href":"http:\/\/hoycordobaweb.com\/index.php\/wp-json\/wp\/v2\/media\/40587"}],"wp:attachment":[{"href":"http:\/\/hoycordobaweb.com\/index.php\/wp-json\/wp\/v2\/media?parent=40586"}],"wp:term":[{"taxonomy":"category","embeddable":true,"href":"http:\/\/hoycordobaweb.com\/index.php\/wp-json\/wp\/v2\/categories?post=40586"},{"taxonomy":"post_tag","embeddable":true,"href":"http:\/\/hoycordobaweb.com\/index.php\/wp-json\/wp\/v2\/tags?post=40586"}],"curies":[{"name":"wp","href":"https:\/\/api.w.org\/{rel}","templated":true}]}}