{"id":40566,"date":"2022-04-26T09:00:41","date_gmt":"2022-04-26T09:00:41","guid":{"rendered":"https:\/\/www.ole.com.ar\/futbol-internacional\/libertadores\/corinthians-boca-formaciones-hora-tv_0_b6pUXn7OEa.html"},"modified":"2022-04-26T09:00:41","modified_gmt":"2022-04-26T09:00:41","slug":"corinthians-boca-hora-tv-y-posibles-formaciones","status":"publish","type":"post","link":"http:\/\/hoycordobaweb.com\/index.php\/2022\/04\/26\/corinthians-boca-hora-tv-y-posibles-formaciones\/","title":{"rendered":"Corinthians-Boca: hora, TV y posibles formaciones"},"content":{"rendered":"<p><img src=\"http:\/\/hoycordobaweb.com\/wp-content\/uploads\/2022\/04\/corinthians-boca-hora-tv-y-posibles-formaciones.jpg\"><\/p>\n<p><a alt=\"boca-juniors\" class=\"slug\" href=\"https:\/\/www.ole.com.ar\/tema\/boca-juniors.html\" target=\"_blank\" title=\"boca-juniors\" rel=\"noopener noreferrer\">Boca<\/a> juega su tercer partido en esta fase de grupos de la <a alt=\"copa-libertadores\" class=\"slug\" href=\"https:\/\/www.ole.com.ar\/tema\/copa-libertadores.html\" target=\"_blank\" title=\"copa-libertadores\" rel=\"noopener noreferrer\">Copa Libertadores<\/a>. Y por la Zona E visita a <a alt=\"corinthians\" class=\"slug\" href=\"https:\/\/www.ole.com.ar\/tema\/corinthians.html\" target=\"_blank\" title=\"corinthians\" rel=\"noopener noreferrer\">Corinthians<\/a>, en San Pablo, en un partido cargado de historia y tambi\u00e9n de necesidades dado que hasta ac\u00e1,<strong> en este&nbsp;grupo s\u00f3lo ganaron los locales<\/strong>.&nbsp;<\/p>\n<div class=\"sp__Normal\">\n<div class=\"image-embeb image-trigger\" readability=\"6\">\n<picture><source media=\"(min-width: 720px)\" srcset=\"http:\/\/hoycordobaweb.com\/wp-content\/uploads\/2022\/04\/corinthians-boca-hora-tv-y-posibles-formaciones-2.jpg\"><img itemprop=\"image\" src=\"http:\/\/hoycordobaweb.com\/wp-content\/uploads\/2022\/04\/corinthians-boca-hora-tv-y-posibles-formaciones-2.jpg\" loading=\"lazy\" alt=\"Benedetto y otra noche de Copa (Photo by Alejandro PAGNI \/ AFP)\">\n<\/picture><figcaption readability=\"2\">\n<p>Benedetto y otra noche de Copa (Photo by Alejandro PAGNI \/ AFP)\n<\/p>\n<\/figcaption><\/div>\n<\/div>\n<h2><strong>\u00bfA QU\u00c9 HORA JUEGAN CORINTHIANS-BOCA?<\/strong><\/h2>\n<p>El partido de este martes <strong>empezar\u00e1 a las 21.30<\/strong>.&nbsp;El \u00e1rbitro del partido (se disputar\u00e1 en el Arena Corinthians)&nbsp;ser\u00e1 Andr\u00e9s Matonte, de Uruguay.<\/p>\n<h2><strong>\u00bfD\u00d3NDE VER EN VIVO CORINTHIANS-BOCA?<\/strong><\/h2>\n<p>El encuentro ser\u00e1 transmitido por Fox Sports. Y como siempre, tambi\u00e9n podr\u00e1s seguir toda la informaci\u00f3n al instante por la web de <strong>Ol\u00e9<\/strong>.<\/p>\n<h2><strong>\u00bfC\u00d3MO LLEGA CORINTHIANS?<\/strong><\/h2>\n<p>Despu\u00e9s&nbsp;de perder en la altura ante Always Ready en la fecha inicial del Grupo E&nbsp;y de vencer como local a Deportivo Cali,<strong> el Timao arriba a este duelo luego de superar un estado de alarma&nbsp;por el Covid<\/strong>. Dio positivo el entrenador Vitor Pereira y se especul\u00f3 con un brote masivo que finalmente -por ahora- no ocurri\u00f3.<\/p>\n<div class=\"sp__Normal\">\n<div class=\"image-embeb image-trigger\" readability=\"6.5\">\n<picture><source media=\"(min-width: 720px)\" srcset=\"http:\/\/hoycordobaweb.com\/wp-content\/uploads\/2022\/04\/corinthians-boca-hora-tv-y-posibles-formaciones-3.jpg\"><img itemprop=\"image\" src=\"http:\/\/hoycordobaweb.com\/wp-content\/uploads\/2022\/04\/corinthians-boca-hora-tv-y-posibles-formaciones-3.jpg\" loading=\"lazy\" alt=\"Willian, una de las figuras de Corinthians. REUTERS\/Carla Carniel\">\n<\/picture><figcaption readability=\"3\">\n<p>Willian, una de las figuras de Corinthians. REUTERS\/Carla Carniel\n<\/p>\n<\/figcaption><\/div>\n<\/div>\n<p>El fin de semana, Corinthians sufri\u00f3 un duro golpe al perder por 3-0 el cl\u00e1sico con Palmeiras por la tercera fecha del Brasileirao, torneo que hab\u00eda arrancado con dos victorias.<\/p>\n<p>El DT ser\u00e1 Filipe Almeida, ayudante de campo de Pereira, y pondr\u00e1 una formaci\u00f3n con varios apellidos conocidos y experimentados como Cassio, Fagner, Renato Augusto, Willian y Jo. Paulinho estar\u00eda entre los suplentes.<\/p>\n<h2><strong>\u00bfC\u00d3MO LLEGA BOCA?<\/strong><\/h2>\n<p>El ciclo de<a alt=\"sebastian-battaglia\" class=\"slug\" href=\"https:\/\/www.ole.com.ar\/tema\/sebastian-battaglia.html\" target=\"_blank\" title=\"sebastian-battaglia\" rel=\"noopener noreferrer\"> Sebasti\u00e1n Battaglia<\/a> logr\u00f3 algo de ox\u00edgeno con la victoria por la Copa de la Liga ante Central C\u00f3rdoba de Santiago del Estero y ahora debe ratificar ese envi\u00f3n por la gran obsesi\u00f3n que es la Libertadores.<\/p>\n<p>Luego de perder con Deportivo Cali en Colombia y vencer a Always Ready en la Bombonera, el Xeneize est\u00e1 ante un momento clave de la clasificaci\u00f3n. Y de acuerdo a lo que prob\u00f3 ayer el DT,<a href=\"https:\/\/www.ole.com.ar\/boca-juniors\/boca-battaglia-equipo-benedetto_0_2ghdWG2WC2.html\" target=\"_blank\" rel=\"noopener noreferrer\"><strong> habr\u00e1 novedades en la formaci\u00f3n<\/strong><\/a>, que ser\u00eda un 4-3-1-2.<\/p>\n<div class=\"sp__Normal\">\n<div class=\"image-embeb image-trigger\" readability=\"6\">\n<picture><source media=\"(min-width: 720px)\" srcset=\"http:\/\/hoycordobaweb.com\/wp-content\/uploads\/2022\/04\/corinthians-boca-hora-tv-y-posibles-formaciones-4.jpg\"><img itemprop=\"image\" src=\"http:\/\/hoycordobaweb.com\/wp-content\/uploads\/2022\/04\/corinthians-boca-hora-tv-y-posibles-formaciones-4.jpg\" loading=\"lazy\" alt=\"Salvio viene de un doblete.\nFoto: Javier Garcia Martino - Photogamma -\nSALVIO\">\n<\/picture><figcaption readability=\"2\">\n<p>Salvio viene de un doblete.<br \/>\nFoto: Javier Garcia Martino &#8211; Photogamma &#8211;<br \/>\nSALVIO\n<\/p>\n<\/figcaption><\/div>\n<\/div>\n<p><a alt=\"javi-garcia\" class=\"slug\" href=\"https:\/\/www.ole.com.ar\/tema\/javi-garcia.html\" target=\"_blank\" title=\"javi-garcia\" rel=\"noopener noreferrer\">Javi Garc\u00eda<\/a>, figura desde que se lesion\u00f3 Rossi, ser\u00e1 el arquero sin dudas. En el fondo, vuelve Carlos Zambrano en lugar del suspendido (por Copa) Rojo y formar\u00e1 una dupla in\u00e9dita junto al joven Aranda. En el medio, se mete Medina por el Pulpo Gonz\u00e1lez, Ram\u00edrez ser\u00e1 el otro interno y el paraguayo Romero ir\u00eda de enganche.<\/p>\n<p>Mientras que en ofensiva, <strong>el Toto Salvio -tras su doblete el s\u00e1bado<\/strong>&#8211; pica en punta para repetir su condici\u00f3n de titular (el juvenil Zeballos ir\u00eda al banco) junto al Pipa Benedetto o Luis V\u00e1zquez.<\/p>\n<p>Todo para celebrar la victoria y enderezar la clasificaci\u00f3n ante un equipo con el que, por ejemplo, Boca perdi\u00f3 la final de la Libertadores 2022, cuando <a alt=\"juan-roman-riquelme\" class=\"slug\" href=\"https:\/\/www.ole.com.ar\/tema\/juan-roman-riquelme.html\" target=\"_blank\" title=\"juan-roman-riquelme\" rel=\"noopener noreferrer\">Juan Rom\u00e1n Riquelme<\/a> anunci\u00f3 su adi\u00f3s luego del partido (algo que le hab\u00eda confesado antes al plantel).<\/p>\n<h2><strong>POSIBLES FORMACIONES<\/strong><\/h2>\n<p><strong>Corinthians:<\/strong> Cassio; Fagner, Joao Victor, Ra\u00fal Augusto,&nbsp;F\u00e1bio Santos o Lucas Piton; Maycon, Giuliano,&nbsp;Renato Augusto; Willian, R\u00f3ger Guedes y Jo. DT: Filipe Almeida.<\/p>\n<p><strong>Boca: <\/strong>Javier Garc\u00eda; Luis Adv\u00edncula, Carlos Zambrano, Gabriel Aranda, Frank Fabra; Cristian Medina, Pol Fern\u00e1ndez, Juan Ram\u00edrez; Oscar Romero; Eduardo Salvio y Dar\u00edo Benedetto o Luis V\u00e1zquez.<\/p>\n<div class=\"entry-tags\">\n<h2>TEMAS QUE APARECEN EN ESTA NOTA<\/h2>\n<\/p><\/div>\n","protected":false},"excerpt":{"rendered":"<p>Boca juega su tercer partido en esta fase de grupos de la Copa Libertadores. Y por la Zona E visita a Corinthians, en San Pablo, en un partido cargado de historia y tambi\u00e9n de necesidades dado que hasta ac\u00e1, en este&nbsp;grupo s\u00f3lo ganaron los locales.&nbsp; Benedetto y otra noche de Copa (Photo by Alejandro PAGNI [&hellip;]<\/p>\n","protected":false},"author":1,"featured_media":40567,"comment_status":"open","ping_status":"closed","sticky":false,"template":"","format":"standard","meta":[],"categories":[16],"tags":[],"_links":{"self":[{"href":"http:\/\/hoycordobaweb.com\/index.php\/wp-json\/wp\/v2\/posts\/40566"}],"collection":[{"href":"http:\/\/hoycordobaweb.com\/index.php\/wp-json\/wp\/v2\/posts"}],"about":[{"href":"http:\/\/hoycordobaweb.com\/index.php\/wp-json\/wp\/v2\/types\/post"}],"author":[{"embeddable":true,"href":"http:\/\/hoycordobaweb.com\/index.php\/wp-json\/wp\/v2\/users\/1"}],"replies":[{"embeddable":true,"href":"http:\/\/hoycordobaweb.com\/index.php\/wp-json\/wp\/v2\/comments?post=40566"}],"version-history":[{"count":0,"href":"http:\/\/hoycordobaweb.com\/index.php\/wp-json\/wp\/v2\/posts\/40566\/revisions"}],"wp:featuredmedia":[{"embeddable":true,"href":"http:\/\/hoycordobaweb.com\/index.php\/wp-json\/wp\/v2\/media\/40567"}],"wp:attachment":[{"href":"http:\/\/hoycordobaweb.com\/index.php\/wp-json\/wp\/v2\/media?parent=40566"}],"wp:term":[{"taxonomy":"category","embeddable":true,"href":"http:\/\/hoycordobaweb.com\/index.php\/wp-json\/wp\/v2\/categories?post=40566"},{"taxonomy":"post_tag","embeddable":true,"href":"http:\/\/hoycordobaweb.com\/index.php\/wp-json\/wp\/v2\/tags?post=40566"}],"curies":[{"name":"wp","href":"https:\/\/api.w.org\/{rel}","templated":true}]}}