{"id":40508,"date":"2022-04-24T16:10:10","date_gmt":"2022-04-24T16:10:10","guid":{"rendered":"https:\/\/ladecimaweb.com\/?p=13281"},"modified":"2022-04-24T16:10:10","modified_gmt":"2022-04-24T16:10:10","slug":"crimen-en-barrio-parque-de-las-rosas-en-una-fiesta-clandestina","status":"publish","type":"post","link":"http:\/\/hoycordobaweb.com\/index.php\/2022\/04\/24\/crimen-en-barrio-parque-de-las-rosas-en-una-fiesta-clandestina\/","title":{"rendered":"Crimen en barrio Parque de las Rosas en una fiesta clandestina"},"content":{"rendered":"<div class=\"boldgrid-section\">\n<div class=\"container\">\n<div class=\"row\">\n<div class=\"col-md-12 col-xs-12 col-sm-12\">\n<p class=\"\">Un efectivo policial mat\u00f3 a un joven en el marco de una fiesta clandestina en barrio Ciudad Parque de las Rosas al sur de la Capital.&nbsp;<\/p>\n<p class=\"\">El hecho ocurri\u00f3 a las 5,30 de la madrugada de hoy en una fiesta llevada a cabo en las calles Roque Arias y Bucarest.<\/p>\n<p class=\"\">El parte policial calific\u00f3 el hecho de &#8220;muerte de etiolog\u00eda dudosa&#8221; porque todo est\u00e1 bajo investigaci\u00f3n, pero trascendi\u00f3 que el hecho se registra cuando un joven abre fuego en medio de la fiesta y el ataque es repelido por un polic\u00eda de civil.&nbsp; &nbsp;<\/p>\n<p class=\"\">El joven recibi\u00f3 varios balazos uno de los cuales impact\u00f3 en el abdomen. El deceso fue constatado en el dispensario del barrio. Por su parte el efectivo recibi\u00f3 herida de arma de fuego en la pierna y abdomen, y un tercero recibi\u00f3 un impacto en el gl\u00fateos.<\/p>\n<p class=\"\">La Polic\u00eda secuestr\u00f3 un rev\u00f3lver en el lugar.<\/p>\n<div class=\"ubm_banner\"><a href=\"https:\/\/www.cba.gov.ar\/10-https:\/\/www.cba.gov.ar\/10-mil-viviendas\/?csrt=8333084810548506306\" target=\"_blank\" rel=\"dofollow noopener noreferrer\"><img src=\"http:\/\/hoycordobaweb.com\/wp-content\/uploads\/2022\/04\/crimen-en-barrio-parque-de-las-rosas-en-una-fiesta-clandestina.gif\" alt=\"\"><\/a><\/div>\n<\/div>\n<\/div>\n<\/div>\n<\/div>\n<p>La entrada <a rel=\"nofollow\" href=\"https:\/\/ladecimaweb.com\/crimen-en-barrio-parque-de-las-rosas-en-una-fiesta-clandestina\/\">Crimen en barrio Parque de las Rosas en una fiesta clandestina<\/a> se public\u00f3 primero en <a rel=\"nofollow\" href=\"https:\/\/ladecimaweb.com\">LaDecima<\/a>.<\/p>\n","protected":false},"excerpt":{"rendered":"<p>Un efectivo policial mat\u00f3 a un joven en el marco de una fiesta clandestina en barrio Ciudad Parque de las Rosas al sur de la Capital.&nbsp; El hecho ocurri\u00f3 a las 5,30 de la madrugada de hoy en una fiesta llevada a cabo en las calles Roque Arias y Bucarest. El parte policial calific\u00f3 el [&hellip;]<\/p>\n","protected":false},"author":1,"featured_media":40509,"comment_status":"closed","ping_status":"closed","sticky":false,"template":"","format":"standard","meta":[],"categories":[19],"tags":[],"_links":{"self":[{"href":"http:\/\/hoycordobaweb.com\/index.php\/wp-json\/wp\/v2\/posts\/40508"}],"collection":[{"href":"http:\/\/hoycordobaweb.com\/index.php\/wp-json\/wp\/v2\/posts"}],"about":[{"href":"http:\/\/hoycordobaweb.com\/index.php\/wp-json\/wp\/v2\/types\/post"}],"author":[{"embeddable":true,"href":"http:\/\/hoycordobaweb.com\/index.php\/wp-json\/wp\/v2\/users\/1"}],"replies":[{"embeddable":true,"href":"http:\/\/hoycordobaweb.com\/index.php\/wp-json\/wp\/v2\/comments?post=40508"}],"version-history":[{"count":0,"href":"http:\/\/hoycordobaweb.com\/index.php\/wp-json\/wp\/v2\/posts\/40508\/revisions"}],"wp:featuredmedia":[{"embeddable":true,"href":"http:\/\/hoycordobaweb.com\/index.php\/wp-json\/wp\/v2\/media\/40509"}],"wp:attachment":[{"href":"http:\/\/hoycordobaweb.com\/index.php\/wp-json\/wp\/v2\/media?parent=40508"}],"wp:term":[{"taxonomy":"category","embeddable":true,"href":"http:\/\/hoycordobaweb.com\/index.php\/wp-json\/wp\/v2\/categories?post=40508"},{"taxonomy":"post_tag","embeddable":true,"href":"http:\/\/hoycordobaweb.com\/index.php\/wp-json\/wp\/v2\/tags?post=40508"}],"curies":[{"name":"wp","href":"https:\/\/api.w.org\/{rel}","templated":true}]}}