{"id":40488,"date":"2022-04-24T01:14:00","date_gmt":"2022-04-24T01:14:00","guid":{"rendered":"http:\/\/hoycordobaweb.com\/index.php\/2022\/04\/24\/homenaje-a-un-ano-de-la-muerte-del-exministro-de-transporte-mario-meoni\/"},"modified":"2022-04-24T01:14:00","modified_gmt":"2022-04-24T01:14:00","slug":"homenaje-a-un-ano-de-la-muerte-del-exministro-de-transporte-mario-meoni","status":"publish","type":"post","link":"http:\/\/hoycordobaweb.com\/index.php\/2022\/04\/24\/homenaje-a-un-ano-de-la-muerte-del-exministro-de-transporte-mario-meoni\/","title":{"rendered":"Homenaje a un a\u00f1o de la muerte del exministro de Transporte Mario Meoni"},"content":{"rendered":"<p><img src=\"http:\/\/hoycordobaweb.com\/wp-content\/uploads\/2022\/04\/homenaje-a-un-ano-de-la-muerte-del-exministro-de-transporte-mario-meoni.jpg\"><\/p>\n<figure class=\"mb-3\"><img loading=\"lazy\" src=\"http:\/\/hoycordobaweb.com\/wp-content\/uploads\/2022\/04\/homenaje-a-un-ano-de-la-muerte-del-exministro-de-transporte-mario-meoni-2.jpg\" width=\"100%\" height=\"100%\" alt=\"Foto Twitter\"><figcaption> (Foto Twitter) <\/figcaption><\/figure>\n<p>A un a\u00f1o del fallecimiento del exministro de Transporte, Mario Meoni, se realiz\u00f3 este s\u00e1bado un homenaje en la plaza 9 de Julio de la ciudad bonaerense de Jun\u00edn, de donde era oriundo, que incluy\u00f3 una muestra fotogr\u00e1fica y una proyecci\u00f3n de videos que repasaron su vida.<\/p>\n<p>El acto cont\u00f3 con la presencia de Laura Oliva, esposa de Meoni; los ministros de Transporte, Alexis Guerrera; y de Obras P\u00fablicas, Gabriel Katopodis; y el titular de la C\u00e1mara de Diputados, Sergio Massa, entre otros funcionarios y personalidades.<\/p>\n<p><strong>\u201cEstamos conmemorando y recordando a Mario Meoni a un a\u00f1o de su desaparici\u00f3n f\u00edsica, pero no de su desaparici\u00f3n en nuestros pensamientos, en nuestros corazones, en lo que tiene que ver con su legado\u201d<\/strong>, dijo su sucesor en el cargo Guerrera durante el acto.<\/p>\n<blockquote class=\"twitter-tweet\" readability=\"8.8538681948424\">\n<p lang=\"es\" dir=\"ltr\">En la ciudad de Jun\u00edn, junto a familiares, amigos y seres queridos del ministro Mario Meoni, se realiz\u00f3 un emotivo homenaje en su recuerdo a trav\u00e9s de una muestra fotogr\u00e1fica y audiovisual que repas\u00f3 la vida de Mario en el primer aniversario de su muerte. <a href=\"https:\/\/t.co\/2fwi5fKnkh\">pic.twitter.com\/2fwi5fKnkh<\/a><\/p>\n<p>\u2014 Ministerio de Transporte (@MindeTransporte) <a href=\"https:\/\/twitter.com\/MindeTransporte\/status\/1518002833970262016?ref_src=twsrc%5Etfw\">April 23, 2022<\/a><\/p><\/blockquote>\n<p>\u201cTambi\u00e9n en la responsabilidad que nos dej\u00f3 a todos los que formamos parte del Ministerio de Transporte, tratando de llevar la transformaci\u00f3n que \u00e9l imagin\u00f3, que ide\u00f3 y que sabemos que es posible a pesar de las dificultades, tratando de honrar justamente ese legado\u201d, agreg\u00f3.<\/p>\n<p><strong>Entre las 10 y las 17 de este s\u00e1bado en la plaza 9 de Julio, se extendi\u00f3 la jornada organizada por la familia de Meoni y el Frente Renovador de Jun\u00edn, que cont\u00f3 con la presencia de sus familiares, amigos y dirigentes pol\u00edticos.<\/strong><\/p>\n<p>Tambi\u00e9n se exhibi\u00f3 la muestra \u201cEl valor de la palabra\u201d, con im\u00e1genes y videos que relataron la ni\u00f1ez, recuerdos de la juventud, momentos familiares, hasta sus d\u00edas como ministro y un recorrido por su vida pol\u00edtica.<\/p>\n<p>Adem\u00e1s<strong>, los asistentes contaron con un libro en el que pudieron dejarle mensajes a la familia Meoni.<\/strong><\/p>\n<blockquote class=\"twitter-tweet\" readability=\"7.7837837837838\">\n<p lang=\"es\" dir=\"ltr\">Hace un a\u00f1o perdimos a Mario Meoni, una persona muy querida por su pueblo, honesta y de gran capacidad de gesti\u00f3n.<br \/>Hoy particip\u00e9 en el homenaje que se realiz\u00f3 en la universidad y la plaza central de su amado Jun\u00edn. <a href=\"https:\/\/t.co\/nDMdguma8H\">pic.twitter.com\/nDMdguma8H<\/a><\/p>\n<p>\u2014 Daniel Arroyo (@LicDanielArroyo) <a href=\"https:\/\/twitter.com\/LicDanielArroyo\/status\/1518013109289500673?ref_src=twsrc%5Etfw\">April 23, 2022<\/a><\/p><\/blockquote>\n<p>Luego, la esposa de Meoni, los ministros Guerrera y Katopodis, y Massa -junto a Guillermo Tamarit, rector de la Unnoba, entre otros funcionarios y personalidades- recorrieron las instalaciones de la Universidad Nacional del Noroeste de la provincia de Buenos Aires, y participaron de la inauguraci\u00f3n de un SUM que llevar\u00e1 el nombre del exministro fallecido.<\/p>\n<p>Tambi\u00e9n estuvieron la subsecretaria de Planificaci\u00f3n y Coordinaci\u00f3n de Transporte nacional, Micaela Mor\u00e1n; el subsecretario de Gesti\u00f3n Administrativa, Julio Alejandro Roca; el presidente de Ferrocarriles Argentinos Sociedad del Estado, Dami\u00e1n Contreras; y el director ejecutivo de la Comisi\u00f3n Nacional de Regulaci\u00f3n del Transporte, Jos\u00e9 Arteaga.<\/p>\n<p>Adem\u00e1s, asistieron el presidente Trenes Argentinos Operaciones e Infraestructura, Martin Marinucci; y la presidenta de Aguas y Saneamientos Argentinos (AySA) y Malena Galmarini, entre otros.<\/p>\n","protected":false},"excerpt":{"rendered":"<p>(Foto Twitter) A un a\u00f1o del fallecimiento del exministro de Transporte, Mario Meoni, se realiz\u00f3 este s\u00e1bado un homenaje en la plaza 9 de Julio de la ciudad bonaerense de Jun\u00edn, de donde era oriundo, que incluy\u00f3 una muestra fotogr\u00e1fica y una proyecci\u00f3n de videos que repasaron su vida. El acto cont\u00f3 con la presencia [&hellip;]<\/p>\n","protected":false},"author":1,"featured_media":40489,"comment_status":"open","ping_status":"closed","sticky":false,"template":"","format":"standard","meta":[],"categories":[19],"tags":[],"_links":{"self":[{"href":"http:\/\/hoycordobaweb.com\/index.php\/wp-json\/wp\/v2\/posts\/40488"}],"collection":[{"href":"http:\/\/hoycordobaweb.com\/index.php\/wp-json\/wp\/v2\/posts"}],"about":[{"href":"http:\/\/hoycordobaweb.com\/index.php\/wp-json\/wp\/v2\/types\/post"}],"author":[{"embeddable":true,"href":"http:\/\/hoycordobaweb.com\/index.php\/wp-json\/wp\/v2\/users\/1"}],"replies":[{"embeddable":true,"href":"http:\/\/hoycordobaweb.com\/index.php\/wp-json\/wp\/v2\/comments?post=40488"}],"version-history":[{"count":0,"href":"http:\/\/hoycordobaweb.com\/index.php\/wp-json\/wp\/v2\/posts\/40488\/revisions"}],"wp:featuredmedia":[{"embeddable":true,"href":"http:\/\/hoycordobaweb.com\/index.php\/wp-json\/wp\/v2\/media\/40489"}],"wp:attachment":[{"href":"http:\/\/hoycordobaweb.com\/index.php\/wp-json\/wp\/v2\/media?parent=40488"}],"wp:term":[{"taxonomy":"category","embeddable":true,"href":"http:\/\/hoycordobaweb.com\/index.php\/wp-json\/wp\/v2\/categories?post=40488"},{"taxonomy":"post_tag","embeddable":true,"href":"http:\/\/hoycordobaweb.com\/index.php\/wp-json\/wp\/v2\/tags?post=40488"}],"curies":[{"name":"wp","href":"https:\/\/api.w.org\/{rel}","templated":true}]}}