{"id":40468,"date":"2022-04-24T01:34:47","date_gmt":"2022-04-24T01:34:47","guid":{"rendered":"https:\/\/www.ole.com.ar\/boca-juniors\/encuesta-boca-rendimiento-santiago_0_uZAIJeGhEI.html"},"modified":"2022-04-24T01:34:47","modified_gmt":"2022-04-24T01:34:47","slug":"encuesta-como-calificarias-el-rendimiento-de-boca-en-santiago-del-estero","status":"publish","type":"post","link":"http:\/\/hoycordobaweb.com\/index.php\/2022\/04\/24\/encuesta-como-calificarias-el-rendimiento-de-boca-en-santiago-del-estero\/","title":{"rendered":"Encuesta: \u00bfc\u00f3mo calificar\u00edas el rendimiento de Boca en Santiago del Estero?"},"content":{"rendered":"<p><img src=\"http:\/\/hoycordobaweb.com\/wp-content\/uploads\/2022\/04\/encuesta-como-calificarias-el-rendimiento-de-boca-en-santiago-del-estero.jpg\"><\/p>\n<p><a data-cke-saved-href=\"https:\/\/www.ole.com.ar\/boca-juniors\/boca-sebastian-battaglia-central-cordoba_0_1p9TDp9J6M.html\" target=\"_blank\" href=\"https:\/\/www.ole.com.ar\/boca-juniors\/boca-sebastian-battaglia-central-cordoba_0_1p9TDp9J6M.html\" rel=\"noopener noreferrer\">Boca volvi\u00f3 a sumar de a tres en la Copa de la Liga despu\u00e9s de cuatro partidos<\/a> y con el triunfo se afianz\u00f3 en zona de clasificaci\u00f3n a la etapa decisiva de la competencia, sin embargo desde lo futbol\u00edstico volvi\u00f3 a sembrar dudas. <\/p>\n<div class=\"sp__SM\">\n<div class=\"content-new \">\n<span class=\"tit-mobile\">Mir\u00e1 tambi\u00e9n<\/span><\/p>\n<div class=\"mg\">\n<div class=\"wrap-figure\">\n<picture>\n<a href=\"https:\/\/www.ole.com.ar\/boca-juniors\/boca-sebastian-battaglia-central-cordoba_0_1p9TDp9J6M.html\" target=\"_self\" rel=\"noopener noreferrer\"><br \/>\n<img class=\"img-responsive\" alt=\"Boca y un triunfo que da aire\" src=\"http:\/\/hoycordobaweb.com\/wp-content\/uploads\/2022\/04\/encuesta-como-calificarias-el-rendimiento-de-boca-en-santiago-del-estero-2.jpg\" loading=\"lazy\"><br \/>\n<\/a>\n<\/picture>\n<\/div>\n<\/div><\/div>\n<\/div>\n<p>A \u00faltima hora del viernes, mientras el plantel descansaba con la cabeza puesta en el juego de este s\u00e1bado, uno de los integrantes del Consejo de F\u00fatbol sali\u00f3 a hablar de lo mal que hab\u00edan visto al equipo frente a Godoy Cruz. <a data-cke-saved-href=\"https:\/\/www.ole.com.ar\/boca-juniors\/bermudez-continuidad-battaglia-dete-boca_0_z53dd45edC.html\" target=\"_blank\" href=\"https:\/\/www.ole.com.ar\/boca-juniors\/bermudez-continuidad-battaglia-dete-boca_0_z53dd45edC.html\" rel=\"noopener noreferrer\">Fue el Patr\u00f3n Berm\u00fadez el que dijo que el partido contra el Tomba en la Bombonera hab\u00eda sido \u00abel m\u00e1s flojo de local en lo que va del torneo\u00bb y que \u00ab<strong>si jugamos as\u00ed va a ser complicado<\/strong>\u00ab<\/a>.&nbsp;Y quien coment\u00f3 adem\u00e1s&nbsp;que lo que m\u00e1s les preocupaba era lo r\u00e1pido que les llegaban, c\u00f3mo los contragolpeaban y lo mucho que les costaba mantener el ritmo en ataque.<\/p>\n<div class=\"sp__SM\">\n<div class=\"content-new \">\n<span class=\"tit-mobile\">Mir\u00e1 tambi\u00e9n<\/span><\/p>\n<div class=\"mg\">\n<div class=\"wrap-figure\">\n<picture>\n<a href=\"https:\/\/www.ole.com.ar\/boca-juniors\/boca-juniors-marcos-rojo-reuniones_0_61MqirxZOk.html\" target=\"_self\" rel=\"noopener noreferrer\"><br \/>\n<img class=\"img-responsive\" alt=\"Rojo: &quot;Las charlas nos hicieron muy bien&quot;\" src=\"http:\/\/hoycordobaweb.com\/wp-content\/uploads\/2022\/04\/encuesta-como-calificarias-el-rendimiento-de-boca-en-santiago-del-estero-3.jpg\" loading=\"lazy\"><br \/>\n<\/a>\n<\/picture>\n<\/div>\n<\/div><\/div>\n<\/div>\n<p>En Santiago del Estero, <mark>Boca tuvo un arranque furioso hasta el gol y en adelante fue el Boca de siempre.<\/mark> El que tiene jugadores para tener la pelota y no la tiene casi nunca; el que no marca en el medio y los rivales le manejan el bal\u00f3n y le explotan los espacios a centrales que quedan regalados; el que depende de individualidades tanto para hacer goles como para evitarlos. Gan\u00f3 porque aprovech\u00f3 un quedo visible de Central C\u00f3rdoba, que ya no tuvo aire para presionar y seguir machacando, y porque Salvio estuvo afilado, no por haber dominado el juego.<\/p>\n<div class=\"sp__Normal\">\n<div class=\"image-embeb image-trigger\" readability=\"6\">\n<picture><source media=\"(min-width: 720px)\" srcset=\"http:\/\/hoycordobaweb.com\/wp-content\/uploads\/2022\/04\/encuesta-como-calificarias-el-rendimiento-de-boca-en-santiago-del-estero-4.jpg\"><img itemprop=\"image\" src=\"http:\/\/hoycordobaweb.com\/wp-content\/uploads\/2022\/04\/encuesta-como-calificarias-el-rendimiento-de-boca-en-santiago-del-estero-4.jpg\" loading=\"lazy\" alt=\"Salvio sale disparado en cuanto la pelota supera al arquero: era el segundo de Boca.\">\n<\/picture><figcaption readability=\"2\">\n<p>Salvio sale disparado en cuanto la pelota supera al arquero: era el segundo de Boca.\n<\/p>\n<\/figcaption><\/div>\n<\/div>\n<div class=\"sp__SM\">\n<div class=\"content-new \">\n<span class=\"tit-mobile\">Mir\u00e1 tambi\u00e9n<\/span><\/p>\n<div class=\"mg\">\n<div class=\"wrap-figure\">\n<picture>\n<a href=\"https:\/\/www.ole.com.ar\/boca-juniors\/boca-central-cordoba_0_RuABCMx5Do.html\" target=\"_self\" rel=\"noopener noreferrer\"><br \/>\n<img class=\"img-responsive\" alt=\"El uno por uno de la levantada de Boca en Santiago\" src=\"http:\/\/hoycordobaweb.com\/wp-content\/uploads\/2022\/04\/encuesta-como-calificarias-el-rendimiento-de-boca-en-santiago-del-estero-5.jpg\" loading=\"lazy\"><br \/>\n<\/a>\n<\/picture>\n<\/div>\n<\/div><\/div>\n<\/div>\n<p>Esta vez la f\u00f3rmula le result\u00f3 a Battaglia, pero aqu\u00ed <strong>la pregunta que nos hacemos no tiene que ver con el resultado sino con el rendimient<\/strong>o. M\u00e1s all\u00e1 de la victoria, \u00bfqu\u00e9 te pareci\u00f3 el equipo?&nbsp;<\/p>\n<div class=\"entry-tags\">\n<h2>TEMAS QUE APARECEN EN ESTA NOTA<\/h2>\n<\/p><\/div>\n","protected":false},"excerpt":{"rendered":"<p>Boca volvi\u00f3 a sumar de a tres en la Copa de la Liga despu\u00e9s de cuatro partidos y con el triunfo se afianz\u00f3 en zona de clasificaci\u00f3n a la etapa decisiva de la competencia, sin embargo desde lo futbol\u00edstico volvi\u00f3 a sembrar dudas. Mir\u00e1 tambi\u00e9n A \u00faltima hora del viernes, mientras el plantel descansaba con [&hellip;]<\/p>\n","protected":false},"author":1,"featured_media":40469,"comment_status":"open","ping_status":"closed","sticky":false,"template":"","format":"standard","meta":[],"categories":[16],"tags":[],"_links":{"self":[{"href":"http:\/\/hoycordobaweb.com\/index.php\/wp-json\/wp\/v2\/posts\/40468"}],"collection":[{"href":"http:\/\/hoycordobaweb.com\/index.php\/wp-json\/wp\/v2\/posts"}],"about":[{"href":"http:\/\/hoycordobaweb.com\/index.php\/wp-json\/wp\/v2\/types\/post"}],"author":[{"embeddable":true,"href":"http:\/\/hoycordobaweb.com\/index.php\/wp-json\/wp\/v2\/users\/1"}],"replies":[{"embeddable":true,"href":"http:\/\/hoycordobaweb.com\/index.php\/wp-json\/wp\/v2\/comments?post=40468"}],"version-history":[{"count":0,"href":"http:\/\/hoycordobaweb.com\/index.php\/wp-json\/wp\/v2\/posts\/40468\/revisions"}],"wp:featuredmedia":[{"embeddable":true,"href":"http:\/\/hoycordobaweb.com\/index.php\/wp-json\/wp\/v2\/media\/40469"}],"wp:attachment":[{"href":"http:\/\/hoycordobaweb.com\/index.php\/wp-json\/wp\/v2\/media?parent=40468"}],"wp:term":[{"taxonomy":"category","embeddable":true,"href":"http:\/\/hoycordobaweb.com\/index.php\/wp-json\/wp\/v2\/categories?post=40468"},{"taxonomy":"post_tag","embeddable":true,"href":"http:\/\/hoycordobaweb.com\/index.php\/wp-json\/wp\/v2\/tags?post=40468"}],"curies":[{"name":"wp","href":"https:\/\/api.w.org\/{rel}","templated":true}]}}