{"id":40464,"date":"2022-04-24T02:31:23","date_gmt":"2022-04-24T02:31:23","guid":{"rendered":"https:\/\/www.ole.com.ar\/futbol-primera\/polemica-mano-barracas-velez_0_5dhUUpIvhw.html"},"modified":"2022-04-24T02:31:23","modified_gmt":"2022-04-24T02:31:23","slug":"polemica-mano-y-penal-para-velez","status":"publish","type":"post","link":"http:\/\/hoycordobaweb.com\/index.php\/2022\/04\/24\/polemica-mano-y-penal-para-velez\/","title":{"rendered":"Pol\u00e9mica mano y penal para V\u00e9lez"},"content":{"rendered":"<p><img src=\"http:\/\/hoycordobaweb.com\/wp-content\/uploads\/2022\/04\/polemica-mano-y-penal-para-velez.jpg\"><\/p>\n<p>La pol\u00e9mica dijo presente una vez m\u00e1s, pese a la presencia del VAR. En este caso, por una nueva mano en el \u00e1rea -controversias una vez m\u00e1s- que termin\u00f3 en penal <a data-cke-saved-href=\"https:\/\/www.ole.com.ar\/futbol-primera\/velez-barracas-copa-liga_0_zA8DxlrhfR.html\" target=\"_blank\" href=\"https:\/\/www.ole.com.ar\/futbol-primera\/velez-barracas-copa-liga_0_zA8DxlrhfR.html\" rel=\"noopener noreferrer\"><strong>para V\u00e9lez en el Duc\u00f3 ante Barracas Central.<\/strong><\/a> <\/p>\n<div class=\"sp__Normal\">\n<div class=\"image-embeb image-trigger\" readability=\"6\">\n<picture><source media=\"(min-width: 720px)\" srcset=\"http:\/\/hoycordobaweb.com\/wp-content\/uploads\/2022\/04\/polemica-mano-y-penal-para-velez-2.jpg\"><img itemprop=\"image\" src=\"http:\/\/hoycordobaweb.com\/wp-content\/uploads\/2022\/04\/polemica-mano-y-penal-para-velez-2.jpg\" loading=\"lazy\" alt=\"La jugada pol\u00e9mica que deriv\u00f3 en penal para V\u00e9lez.\">\n<\/picture><figcaption readability=\"2\">\n<p>La jugada pol\u00e9mica que deriv\u00f3 en penal para V\u00e9lez.\n<\/p>\n<\/figcaption><\/div>\n<\/div>\n<p>Lo ganaba el Guapo por 1-0. Iban 25 minutos del segundo tiempo, cuando un centro al \u00e1rea de Barracas, desviado por Joel So\u00f1ora con su cabeza, termin\u00f3 tocando-rozando en uno de los brazos de Junior Arias. <mark><strong>El delantero se hab\u00eda elevado previamente, sin intenci\u00f3n de tocar la pelota con su extremidad (a pesar de la ampliaci\u00f3n natural en este caso al saltar), buscando en realidad rechazar con la cabeza o el pie.<\/strong><\/mark><\/p>\n<div class=\"sp__SM\">\n<div class=\"content-new \">\n<span class=\"tit-mobile\">Mir\u00e1 tambi\u00e9n<\/span><\/p>\n<div class=\"mg\">\n<div class=\"wrap-figure\">\n<picture>\n<a href=\"https:\/\/www.ole.com.ar\/futbol-primera\/velez-barracas-copa-liga_0_zA8DxlrhfR.html\" target=\"_self\" rel=\"noopener noreferrer\"><br \/>\n<img class=\"img-responsive\" alt=\"V\u00e9lez empat\u00f3 con un penal pol\u00e9mico\" src=\"http:\/\/hoycordobaweb.com\/wp-content\/uploads\/2022\/04\/polemica-mano-y-penal-para-velez-3.jpg\" loading=\"lazy\"><br \/>\n<\/a>\n<\/picture>\n<\/div>\n<\/div><\/div>\n<\/div>\n<p>A Andr\u00e9s Merlos le avisaron para que fuera a verla al VAR (Hern\u00e1n Mastr\u00e1ngelo era el encargado, asistido por Lucas Novelli). Despu\u00e9s de mirarla varias veces (y que se consumieran casi cinco minutos de juego), <mark><strong>el pito principal termin\u00f3 cobrando penal, canjeado en gol por Lucas Janson.<\/strong><\/mark><\/p>\n<div class=\"sp__Normal\">\n<div class=\"image-embeb image-trigger\" readability=\"6\">\n<picture><source media=\"(min-width: 720px)\" srcset=\"http:\/\/hoycordobaweb.com\/wp-content\/uploads\/2022\/04\/polemica-mano-y-penal-para-velez-4.jpg\"><img itemprop=\"image\" src=\"http:\/\/hoycordobaweb.com\/wp-content\/uploads\/2022\/04\/polemica-mano-y-penal-para-velez-4.jpg\" loading=\"lazy\" alt=\"El reglamento sobre las manos.\">\n<\/picture><figcaption readability=\"2\">\n<p>El reglamento sobre las manos.\n<\/p>\n<\/figcaption><\/div>\n<\/div>\n<p><mark><strong>LA MANO Y EL EMPATE DE V\u00c9LEZ\u200b<\/strong><\/mark><\/p>\n<p><opta-widget sport=\"football\" widget=\"timeline\" competition=\"384\" season=\"2022\" match=\"2268455\" template=\"normal\" live=\"true\" orientation=\"horizontal\" vertical_timebar_height=\"260\" show_match_header=\"true\" show_score=\"true\" show_crests=\"true\" show_assists=\"all\" show_team_formation=\"true\" show_clock=\"true\" show_period_dividers=\"true\" show_halftime_score=\"false\" show_date=\"true\" date_format=\"dddd D MMMM YYYY\" show_attendance=\"true\" show_images=\"true\" show_referee=\"true\" show_venue=\"true\" show_cards=\"all\" show_goals=\"true\" show_penalties_missed=\"true\" show_subs=\"false\" show_goals_combined=\"false\" show_shootouts=\"false\" show_competition_name=\"true\" competition_naming=\"full\" team_naming=\"full\" player_naming=\"full\" show_live=\"true\" show_logo=\"false\" show_title=\"true\" breakpoints=\"400, 700\"><\/opta-widget><opta-widget sport=\"football\" widget=\"matchstats\" competition=\"384\" season=\"2022\" match=\"2268455\" template=\"lineups\" live=\"true\" side=\"both\" column_count=\"1\" side_by_side=\"true\" show_match_header=\"true\" show_score=\"true\" show_halftime_score=\"false\" show_crests=\"false\" show_team_formation=\"true\" show_competition_name=\"true\" show_date=\"false\" date_format=\"dddd D MMMM YYYY\" order_by=\"position\" group_by_position=\"false\" show_position=\"true\" show_images=\"false\" show_key=\"false\" show_starters=\"true\" show_goalkeepers=\"true\" show_defenders=\"true\" show_midfielders=\"true\" show_forwards=\"true\" show_subs=\"true\" show_unused_subs=\"false\" show_managers=\"true\" show_captain=\"false\" show_match_events=\"true\" competition_naming=\"full\" team_naming=\"full\" player_naming=\"full\" show_live=\"false\" show_logo=\"false\" show_title=\"true\" breakpoints=\"400, 700\"><\/opta-widget><opta-widget widget=\"commentary\" competition=\"384\" season=\"2022\" match=\"2268455\" template=\"normal\" live=\"true\" data_type=\"auto\" order_by=\"time_descending\" show_event_icons=\"true\" show_minor_events=\"true\" fixed_height_comments=\"300\" show_live=\"true\" show_logo=\"false\" show_title=\"true\" breakpoints=\"400\" sport=\"football\"><\/opta-widget><opta-widget sport=\"football\" widget=\"heatmap\" competition=\"384\" season=\"2022\" match=\"2268455\" preselected_player template=\"normal\" live=\"true\" show_maps=\"all\" orientation=\"horizontal\" side=\"both\" dimension=\"2D\" one_direction=\"false\" show_match_header=\"true\" show_score=\"true\" show_halftime_score=\"false\" show_crests=\"false\" show_team_formation=\"true\" show_competition_name=\"true\" show_date=\"true\" date_format=\"dddd D MMMM YYYY\" show_team_sheets=\"true\" show_subs=\"true\" show_position=\"true\" show_timecontrols=\"true\" show_timecontrols_buttons=\"true\" show_timecontrols_bar=\"true\" show_tooltips=\"false\" competition_naming=\"full\" team_naming=\"full\" player_naming=\"full\" show_logo=\"false\" show_title=\"true\" breakpoints=\"400, 700\"><\/opta-widget><opta-widget widget=\"standings\" competition=\"384\" season=\"2022\" template=\"normal\" live=\"true\" default_nav=\"1\" side=\"combined\" data_detail=\"default\" show_key=\"true\" show_crests=\"true\" points_in_first_column=\"true\" lose_before_draw=\"false\" competition_naming=\"full\" team_naming=\"full\" date_format=\"dddd D MMMM YYYY\" sorting=\"false\" show_live=\"false\" show_relegation_average=\"true\" show_logo=\"true\" show_title=\"true\" breakpoints=\"382\" sport=\"football\"><\/opta-widget> <\/p>\n<div class=\"entry-tags\">\n<h2>TEMAS QUE APARECEN EN ESTA NOTA<\/h2>\n<\/p><\/div>\n","protected":false},"excerpt":{"rendered":"<p>La pol\u00e9mica dijo presente una vez m\u00e1s, pese a la presencia del VAR. En este caso, por una nueva mano en el \u00e1rea -controversias una vez m\u00e1s- que termin\u00f3 en penal para V\u00e9lez en el Duc\u00f3 ante Barracas Central. La jugada pol\u00e9mica que deriv\u00f3 en penal para V\u00e9lez. Lo ganaba el Guapo por 1-0. Iban [&hellip;]<\/p>\n","protected":false},"author":1,"featured_media":40465,"comment_status":"open","ping_status":"closed","sticky":false,"template":"","format":"standard","meta":[],"categories":[16],"tags":[],"_links":{"self":[{"href":"http:\/\/hoycordobaweb.com\/index.php\/wp-json\/wp\/v2\/posts\/40464"}],"collection":[{"href":"http:\/\/hoycordobaweb.com\/index.php\/wp-json\/wp\/v2\/posts"}],"about":[{"href":"http:\/\/hoycordobaweb.com\/index.php\/wp-json\/wp\/v2\/types\/post"}],"author":[{"embeddable":true,"href":"http:\/\/hoycordobaweb.com\/index.php\/wp-json\/wp\/v2\/users\/1"}],"replies":[{"embeddable":true,"href":"http:\/\/hoycordobaweb.com\/index.php\/wp-json\/wp\/v2\/comments?post=40464"}],"version-history":[{"count":0,"href":"http:\/\/hoycordobaweb.com\/index.php\/wp-json\/wp\/v2\/posts\/40464\/revisions"}],"wp:featuredmedia":[{"embeddable":true,"href":"http:\/\/hoycordobaweb.com\/index.php\/wp-json\/wp\/v2\/media\/40465"}],"wp:attachment":[{"href":"http:\/\/hoycordobaweb.com\/index.php\/wp-json\/wp\/v2\/media?parent=40464"}],"wp:term":[{"taxonomy":"category","embeddable":true,"href":"http:\/\/hoycordobaweb.com\/index.php\/wp-json\/wp\/v2\/categories?post=40464"},{"taxonomy":"post_tag","embeddable":true,"href":"http:\/\/hoycordobaweb.com\/index.php\/wp-json\/wp\/v2\/tags?post=40464"}],"curies":[{"name":"wp","href":"https:\/\/api.w.org\/{rel}","templated":true}]}}