{"id":40437,"date":"2022-04-23T01:38:00","date_gmt":"2022-04-23T01:38:00","guid":{"rendered":"http:\/\/hoycordobaweb.com\/index.php\/2022\/04\/23\/cuales-son-los-errores-mas-frecuentes-al-escribir-en-espanol\/"},"modified":"2022-04-23T01:38:00","modified_gmt":"2022-04-23T01:38:00","slug":"cuales-son-los-errores-mas-frecuentes-al-escribir-en-espanol","status":"publish","type":"post","link":"http:\/\/hoycordobaweb.com\/index.php\/2022\/04\/23\/cuales-son-los-errores-mas-frecuentes-al-escribir-en-espanol\/","title":{"rendered":"Cu\u00e1les son los errores m\u00e1s frecuentes al escribir en espa\u00f1ol"},"content":{"rendered":"<p><img src=\"http:\/\/hoycordobaweb.com\/wp-content\/uploads\/2022\/04\/cuales-son-los-errores-mas-frecuentes-al-escribir-en-espanol.jpg\"><\/p>\n<figure class=\"mb-3\"><img loading=\"lazy\" src=\"http:\/\/hoycordobaweb.com\/wp-content\/uploads\/2022\/04\/cuales-son-los-errores-mas-frecuentes-al-escribir-en-espanol-2.jpg\" width=\"100%\" height=\"100%\" alt=\"Errores ms comunes en la lengua espaola Foto 123RF \"><figcaption> Errores m\u00e1s comunes en la lengua espa\u00f1ola. (Foto 123RF) <\/figcaption><\/figure>\n<p>Con motivo al <strong>D\u00eda Mundial de la Lengua Espa\u00f1ola<\/strong>, que se celebra el <strong>23 de abril en todo el mundo<\/strong>, un grupo de expertos ling\u00fcistas elabor\u00f3 un glosario con algunos de los <strong>errores ortogr\u00e1ficos y gramaticales m\u00e1s comunes<\/strong> a la hora de escribir en esta lengua, como por ejemplo la palabra \u00ab<strong>yendo<\/strong>\u00ab, gerundio del verbo ir que es muchas veces <strong>confundida por \u00abllendo\u00bb, una palabra que no existe<\/strong>.<\/p>\n<p>La celebraci\u00f3n, instaurada por la Organizaci\u00f3n de las Naciones Unidas (ONU), tiene el objetivo de fomentar el mutuo entendimiento entre las personas y <strong>dar a conocer la historia, la cultura y el uso del espa\u00f1ol como idioma oficial<\/strong>, es por eso que ling\u00fcistas de la <strong>app Babbel<\/strong> elaboraron una breve gu\u00eda sobre los errores de ortograf\u00eda m\u00e1s comunes arremetidos contra la lengua de Miguel de Cervantes.<\/p>\n<p><strong>A la cabeza de la lista<\/strong> de los errores se ubica el uso incorrecto de <strong>palabras hom\u00f3fonas<\/strong>, aquellas que suenan igual al pronunciarse pero que se escriben diferente, como por ejemplo \u00ab<strong>halla<\/strong>\u00ab, del verbo encontrar, \u00ab<strong>haya<\/strong>\u00ab, del verbo haber, y \u00ab<strong>all\u00e1<\/strong>\u00ab, como un adverbio de lugar.<\/p>\n<p>Otro error habitual es el uso de may\u00fasculas innecesarias: <strong>solo se escribe con may\u00fascula inicial los nombres propios, los t\u00edtulos y luego de alg\u00fan signo de puntuaci\u00f3n que lo amerite<\/strong>, ya sea despu\u00e9s del cierre de los signos de interrogaci\u00f3n y de exclamaci\u00f3n o de un punto seguido, detallan los expertos.<\/p>\n<p>Otra equivocaci\u00f3n frecuente tiene que ver con la confusi\u00f3n entre \u00ab<strong>valla<\/strong>\u00ab, que se refiere a una cerca y \u00ab<strong>vaya<\/strong>\u00ab, que corresponde al <strong>verbo ir<\/strong>, mientras que \u00ab<strong>echo<\/strong>\u00bb se deriva del <strong>verbo echar<\/strong> -despedir, arrojar, aplicar- y la palabra \u00ab<strong>hecho<\/strong>\u00bb \u00fanicamente hace referencia a un suceso o acontecimiento.<\/p>\n<p>Los ling\u00fcistas hacen referencia tambi\u00e9n a la <strong>tilde diacr\u00edtica<\/strong>, aquella que se utiliza para distinguir palabras escritas de igual forma, las cuales suelen ser monos\u00edlabos que tienen diferente significado: como por ejemplo \u00ab<strong>a\u00fan<\/strong>\u00ab, adverbio de tiempo y \u00ab<strong>aun<\/strong>\u00ab, refiri\u00e9ndose a incluso; \u00ab<strong>quien<\/strong>\u00ab, pronombre relativo y \u00ab<strong>qui\u00e9n<\/strong>\u00ab, cuando es interrogativo y exclamativo; lo mismo ocurre con \u00ab<strong>t\u00e9<\/strong>\u00ab, para la bebida o \u00ab<strong>te<\/strong>\u00bb como pronombre.<\/p>\n<p>Otro error com\u00fan, se\u00f1ala el glosario, es caer en <strong>redundancias<\/strong>, es decir, el uso de t\u00e9rminos similares tales como \u00abdeambular sin rumbo\u00bb, \u00abaccidente fortuito\u00bb, \u00abpu\u00f1os cerrados\u00bb, \u00absubir arriba\u00bb o \u00absalir afuera\u00bb.<\/p>\n","protected":false},"excerpt":{"rendered":"<p>Errores m\u00e1s comunes en la lengua espa\u00f1ola. (Foto 123RF) Con motivo al D\u00eda Mundial de la Lengua Espa\u00f1ola, que se celebra el 23 de abril en todo el mundo, un grupo de expertos ling\u00fcistas elabor\u00f3 un glosario con algunos de los errores ortogr\u00e1ficos y gramaticales m\u00e1s comunes a la hora de escribir en esta lengua, [&hellip;]<\/p>\n","protected":false},"author":1,"featured_media":40438,"comment_status":"open","ping_status":"closed","sticky":false,"template":"","format":"standard","meta":[],"categories":[19],"tags":[],"_links":{"self":[{"href":"http:\/\/hoycordobaweb.com\/index.php\/wp-json\/wp\/v2\/posts\/40437"}],"collection":[{"href":"http:\/\/hoycordobaweb.com\/index.php\/wp-json\/wp\/v2\/posts"}],"about":[{"href":"http:\/\/hoycordobaweb.com\/index.php\/wp-json\/wp\/v2\/types\/post"}],"author":[{"embeddable":true,"href":"http:\/\/hoycordobaweb.com\/index.php\/wp-json\/wp\/v2\/users\/1"}],"replies":[{"embeddable":true,"href":"http:\/\/hoycordobaweb.com\/index.php\/wp-json\/wp\/v2\/comments?post=40437"}],"version-history":[{"count":0,"href":"http:\/\/hoycordobaweb.com\/index.php\/wp-json\/wp\/v2\/posts\/40437\/revisions"}],"wp:featuredmedia":[{"embeddable":true,"href":"http:\/\/hoycordobaweb.com\/index.php\/wp-json\/wp\/v2\/media\/40438"}],"wp:attachment":[{"href":"http:\/\/hoycordobaweb.com\/index.php\/wp-json\/wp\/v2\/media?parent=40437"}],"wp:term":[{"taxonomy":"category","embeddable":true,"href":"http:\/\/hoycordobaweb.com\/index.php\/wp-json\/wp\/v2\/categories?post=40437"},{"taxonomy":"post_tag","embeddable":true,"href":"http:\/\/hoycordobaweb.com\/index.php\/wp-json\/wp\/v2\/tags?post=40437"}],"curies":[{"name":"wp","href":"https:\/\/api.w.org\/{rel}","templated":true}]}}