{"id":40421,"date":"2022-04-22T22:37:21","date_gmt":"2022-04-22T22:37:21","guid":{"rendered":"https:\/\/www.ole.com.ar\/futbol-internacional\/passarella-bolivia-seleccion_0_FQ0RY94OPK.html"},"modified":"2022-04-22T22:37:21","modified_gmt":"2022-04-22T22:37:21","slug":"passarella-fue-ofrecido-para-dirigir-a-bolivia","status":"publish","type":"post","link":"http:\/\/hoycordobaweb.com\/index.php\/2022\/04\/22\/passarella-fue-ofrecido-para-dirigir-a-bolivia\/","title":{"rendered":"Passarella fue ofrecido para dirigir a \u00a1Bolivia!"},"content":{"rendered":"<p><img src=\"http:\/\/hoycordobaweb.com\/wp-content\/uploads\/2022\/04\/passarella-fue-ofrecido-para-dirigir-a-bolivia.jpg\"><\/p>\n<p>El ciclo de <a alt=\"daniel-passarella\" class=\"slug\" href=\"https:\/\/www.ole.com.ar\/tema\/daniel-passarella.html\" target=\"_blank\" title=\"daniel-passarella\" rel=\"noopener noreferrer\">Daniel Passarella<\/a> como t\u00e9cnico de la <a alt=\"seleccion-argentina\" class=\"slug\" href=\"https:\/\/www.ole.com.ar\/tema\/seleccion-argentina.html\" target=\"_blank\" title=\"seleccion-argentina\" rel=\"noopener noreferrer\">Selecci\u00f3n Argentina<\/a> (1994-1998) tuvo un punto muy conflictivo en 1997, en un partido de las <a alt=\"eliminatorias-sudamericanas\" class=\"slug\" href=\"https:\/\/www.ole.com.ar\/tema\/eliminatorias-sudamericanas.html\" target=\"_blank\" title=\"eliminatorias-sudamericanas\" rel=\"noopener noreferrer\">Eliminatorias <\/a>ante Bolivia en La Paz. La Albiceleste perdi\u00f3 2 a 1 y en pleno partido se desat\u00f3 una pelea interna en la que el delantero Julio Cruz recibi\u00f3 una trompada de un auxiliar del equipo local. Ya en el vestuario, hubo una foto del Jardinero herido en la cara, pero con la marca en la otra mejilla. Hubo un esc\u00e1ndalo tremendo. Gracias a la gesti\u00f3n de Julio Grondona, presidente de la AFA, el equipo no fue sancionado con p\u00e9rdida de puntos.<\/p>\n<p>La imagen del Kaiser en Bolivia no solo fue afectada por ese episodio, tambi\u00e9n por una discusi\u00f3n en plena conferencia de prensa con un periodista que le dijo \u00abcobarde\u00bb por haber declarado que \u00abera inhumano jugar al f\u00fatbol en La Paz\u00bb. El DT se levant\u00f3 y se retir\u00f3 del lugar en forma inmediata.<\/p>\n<h2>El presidente de la Federaci\u00f3n confirm\u00f3 el acercamiento con Passarella<\/h2>\n<p>Sin embargo, <strong>el ex t\u00e9cnico y presidente de River fue ofrecido para dirigir a \u00a1Bolivia! <\/strong>Se present\u00f3 una carpeta con sus antecedentes y hasta de quien est\u00e1 como ayudante de campo, el preparador f\u00edsico Guillermo Cinquetti, ex ayudante de campo de Miguel \u00c1ngel Russo y el Profe C\u00f3rdoba, quien aparece propuesto como t\u00e9cnico alterno. Tambi\u00e9n se avisa que habr\u00e1 entrenador de arqueros, analista de videos, etc.<\/p>\n<div class=\"sp__Normal\">\n<div class=\"image-embeb image-trigger\" readability=\"6\">\n<picture><source media=\"(min-width: 720px)\" srcset=\"http:\/\/hoycordobaweb.com\/wp-content\/uploads\/2022\/04\/passarella-fue-ofrecido-para-dirigir-a-bolivia-2.jpg\"><img itemprop=\"image\" src=\"http:\/\/hoycordobaweb.com\/wp-content\/uploads\/2022\/04\/passarella-fue-ofrecido-para-dirigir-a-bolivia-2.jpg\" loading=\"lazy\" alt=\"Passarella y Julio Cruz en el pol\u00e9mico partido en La Paz.\">\n<\/picture><figcaption readability=\"2\">\n<p>Passarella y Julio Cruz en el pol\u00e9mico partido en La Paz.\n<\/p>\n<\/figcaption><\/div>\n<\/div>\n<p><strong>\u00abHemos estado en contacto con representantes del profesor Passarella, siempre conversando, muy abiertos al di\u00e1logo, queremos escuchar propuestas, criterios, sugerencias&#8230; No queremos tomar decisiones prematuras\u00bb, solt\u00f3 Fernando Costa, presidente de la Federaci\u00f3n Boliviana de F\u00fatbol<\/strong>, blanqueando el acercamiento con el DT argentino.&nbsp;<\/p>\n<div class=\"sp__SM\">\n<div class=\"content-new \">\n<span class=\"tit-mobile\">Mir\u00e1 tambi\u00e9n<\/span><\/p>\n<div class=\"mg\">\n<div class=\"wrap-figure\">\n<picture>\n<a href=\"https:\/\/www.ole.com.ar\/futbol-internacional\/inglaterra\/julian-alvarez-gabriel-jesus-city_0_SWSgdFaZqp.html\" target=\"_self\" rel=\"noopener noreferrer\"><br \/>\n<img class=\"img-responsive\" alt=\"Llega Juli\u00e1n \u00c1lvarez y \u00bfse va Gabriel Jesus?\" src=\"http:\/\/hoycordobaweb.com\/wp-content\/uploads\/2022\/04\/passarella-fue-ofrecido-para-dirigir-a-bolivia-3.jpg\" loading=\"lazy\"><br \/>\n<\/a>\n<\/picture>\n<\/div>\n<\/div><\/div>\n<\/div>\n<p>El periodista Alex Cabo, de Tigo Sports, le explic\u00f3 a <strong>Ol\u00e9<\/strong>: \u00abMe lleg\u00f3 el dossier, me pareci\u00f3 muy extra\u00f1o. Intentamos verificar con Argentina y hablamos con Cinquetti. El nos deriv\u00f3 a un empresario, Soto Pepo, que nos confirm\u00f3 que hab\u00eda hablado con gente de la Federaci\u00f3n de Bolivia y esperaban una oferta. Ya presentaron la carpeta, les dijeron que lo van a evaluar como otras tantas. Es llamativo para Bolivia\u00bb.<\/p>\n<div class=\"sp__Normal\">\n<div class=\"image-embeb image-trigger\" readability=\"6\">\n<picture><source media=\"(min-width: 720px)\" srcset=\"http:\/\/hoycordobaweb.com\/wp-content\/uploads\/2022\/04\/passarella-fue-ofrecido-para-dirigir-a-bolivia-4.jpg\"><img itemprop=\"image\" src=\"http:\/\/hoycordobaweb.com\/wp-content\/uploads\/2022\/04\/passarella-fue-ofrecido-para-dirigir-a-bolivia-4.jpg\" loading=\"lazy\" alt=\"La tapa de Ol\u00e9 con la herida de Julio Cruz en la mejilla en la que no le hab\u00edan pegado.\">\n<\/picture><figcaption readability=\"2\">\n<p>La tapa de Ol\u00e9 con la herida de Julio Cruz en la mejilla en la que no le hab\u00edan pegado.\n<\/p>\n<\/figcaption><\/div>\n<\/div>\n<p>Recordar: Passarella tambi\u00e9n fue t\u00e9cnico de Uruguay desde 1999, aunque renunci\u00f3 en plena Eliminatorias, molesto porque de Nacional no le cedieron un futbolista.<\/p>\n<p>Daniel no dirige en la Argentina desde fines de 2007, cuando se fue de River. Despu\u00e9s, se prepar\u00f3 para ser presidente del club y a fines de 2009 gan\u00f3 la elecci\u00f3n por cuatro votos contra Rodolfo D&#8217;Onofrio. Su gesti\u00f3n qued\u00f3 marcada por el descenso de River en 2011. Tras dejar el cargo, a fines de 2013, solo una vez realiz\u00f3 declaraciones para la prensa argentina, en un programa de cable. Se ofreci\u00f3 para dirigir en M\u00e9xico y tambi\u00e9n negoci\u00f3 con un club paraguayo.<\/p>\n<p>Bolivia solo disput\u00f3 tres mundiales (1930, 1950 y 1994). El \u00faltimo entrenador fue el venezolano C\u00e9sar Far\u00edas.<\/p>\n<h2><strong>\u00bfQu\u00e9 dice la carpeta ?<\/strong><\/h2>\n<p>\u00abPara comenzar un gran proyecto hace falta audacia. Para terminar un gran proyecto hace falta constancia\u00bb. Eso escrito sobre el fondo del trofeo que se les entrega a los campeones del mundo.<\/p>\n<p>Y la propuesta agrega: \u00abNuestro grupo analiz\u00f3 el rendimiento de la selecci\u00f3n sobre todos los aspectos t\u00e9cnicos, en los \u00faltimos encuentros, y como resultado de la problem\u00e1tica detectada nos es grato presentar la soluci\u00f3n que proponemos\u00bb.<\/p>\n<div class=\"sp__SM\">\n<div class=\"content-new \">\n<span class=\"tit-mobile\">Mir\u00e1 tambi\u00e9n<\/span><\/p>\n<div class=\"mg\">\n<div class=\"wrap-figure\">\n<picture>\n<a href=\"https:\/\/www.ole.com.ar\/river-plate\/distension-maidana-river-lesion_0_Q4l1Xy9TFy.html\" target=\"_self\" rel=\"noopener noreferrer\"><br \/>\n<img class=\"img-responsive\" alt=\"Otra lesi\u00f3n muscular en River: Maidana sufri\u00f3 una distensi\u00f3n\" src=\"http:\/\/hoycordobaweb.com\/wp-content\/uploads\/2022\/04\/passarella-fue-ofrecido-para-dirigir-a-bolivia-5.jpg\" loading=\"lazy\"><br \/>\n<\/a>\n<\/picture>\n<\/div>\n<\/div><\/div>\n<\/div>\n<p>\u00abEl proyecto prev\u00e9 un fen\u00f3meno como el trabajo en equipo. Cada participante resuelve las tareas individuales que establece el director t\u00e9cnico, como tambi\u00e9n las que solo pueden resolverse en interacci\u00f3n colectiva. La m\u00ednima tarea se realiza plenamente en el trabajo en equipo. La formaci\u00f3n del equipo t\u00e9cnico es una parte importante de la preparaci\u00f3n previa y un bloque de trabajo esencial para la obtenci\u00f3n del \u00e9xito\u00bb.<\/p>\n<p>\u00abLa eficacia del equipo t\u00e9cnico resulta de la relaci\u00f3n entre los resultados y el esfuerzo total, dedicado a la formaci\u00f3n y el liderazgo del equipo. La formaci\u00f3n y la gesti\u00f3n de un equipo t\u00e9cnico son actividades que llevan mucho tiempo, se invierte en la planificaci\u00f3n y selecci\u00f3n de los miembros. El equipo formado tiene que desarrollarse hasta el nivel de mando y luego ser gestionado\u00bb.<\/p>\n<p>\u00abEn la ejecuci\u00f3n de un proyecto futbol\u00edstico, son muy importantes los momentos de decisiones y acciones de gran alcance, en los que se movilizan los esfuerzos de los participantes, tanto de los jugadores como del equipo t\u00e9cnico\u00bb.<\/p>\n<p>\u00abNuestro grupo, adaptado a trav\u00e9s de a\u00f1os de trabajo en conjunto, por la forma en que est\u00e1 conformado, nos es m\u00e1s factible generar ideas innovadoras\u00bb.<\/p>\n<p>\u00abSomos capaces de resolver problemas y tareas complejas que surgen en la intersecci\u00f3n de las competencias y de gesti\u00f3n. Los roles est\u00e1n mejor distribuidos, se reducen las fricciones interpersonales\u00bb.<\/p>\n<p>\u00abEl equipo t\u00e9cnico est\u00e1 formado por personas de gran capacidad profesional y experiencia, que tienen inter\u00e9s en lograr objetivos comunes, para ello los responsables tienen la misi\u00f3n de animar al equipo para participar activamente en el cumplimiento de los objetivos del proyecto\u00bb.<\/p>\n<h2><strong>La carpeta de Passarella en Bolivia<\/strong><\/h2>\n<div class=\"sp__Normal\">\n<div class=\"image-embeb image-trigger\" readability=\"6\">\n<picture><source media=\"(min-width: 720px)\" srcset=\"http:\/\/hoycordobaweb.com\/wp-content\/uploads\/2022\/04\/passarella-fue-ofrecido-para-dirigir-a-bolivia-6.jpg\"><img itemprop=\"image\" src=\"http:\/\/hoycordobaweb.com\/wp-content\/uploads\/2022\/04\/passarella-fue-ofrecido-para-dirigir-a-bolivia-6.jpg\" loading=\"lazy\" alt=\"El proyecto presentado por Passarella.\">\n<\/picture><figcaption readability=\"2\">\n<p>El proyecto presentado por Passarella.\n<\/p>\n<\/figcaption><\/div>\n<\/div>\n<div class=\"sp__Normal\">\n<div class=\"image-embeb image-trigger\" readability=\"6\">\n<picture><source media=\"(min-width: 720px)\" srcset=\"http:\/\/hoycordobaweb.com\/wp-content\/uploads\/2022\/04\/passarella-fue-ofrecido-para-dirigir-a-bolivia-7.jpg\"><img itemprop=\"image\" src=\"http:\/\/hoycordobaweb.com\/wp-content\/uploads\/2022\/04\/passarella-fue-ofrecido-para-dirigir-a-bolivia-7.jpg\" loading=\"lazy\" alt=\"El proyecto presentado por Passarella.\">\n<\/picture><figcaption readability=\"2\">\n<p>El proyecto presentado por Passarella.\n<\/p>\n<\/figcaption><\/div>\n<\/div>\n<div class=\"sp__Normal\">\n<div class=\"image-embeb image-trigger\" readability=\"6\">\n<picture><source media=\"(min-width: 720px)\" srcset=\"http:\/\/hoycordobaweb.com\/wp-content\/uploads\/2022\/04\/passarella-fue-ofrecido-para-dirigir-a-bolivia-8.jpg\"><img itemprop=\"image\" src=\"http:\/\/hoycordobaweb.com\/wp-content\/uploads\/2022\/04\/passarella-fue-ofrecido-para-dirigir-a-bolivia-8.jpg\" loading=\"lazy\" alt=\"El proyecto presentado por Passarella.\">\n<\/picture><figcaption readability=\"2\">\n<p>El proyecto presentado por Passarella.\n<\/p>\n<\/figcaption><\/div>\n<\/div>\n<div class=\"sp__Normal\">\n<div class=\"image-embeb image-trigger\" readability=\"6\">\n<picture><source media=\"(min-width: 720px)\" srcset=\"http:\/\/hoycordobaweb.com\/wp-content\/uploads\/2022\/04\/passarella-fue-ofrecido-para-dirigir-a-bolivia-9.jpg\"><img itemprop=\"image\" src=\"http:\/\/hoycordobaweb.com\/wp-content\/uploads\/2022\/04\/passarella-fue-ofrecido-para-dirigir-a-bolivia-9.jpg\" loading=\"lazy\" alt=\"El proyecto presentado por Passarella.\">\n<\/picture><figcaption readability=\"2\">\n<p>El proyecto presentado por Passarella.\n<\/p>\n<\/figcaption><\/div>\n<\/div>\n<div class=\"sp__Normal\">\n<div class=\"image-embeb image-trigger\" readability=\"6\">\n<picture><source media=\"(min-width: 720px)\" srcset=\"http:\/\/hoycordobaweb.com\/wp-content\/uploads\/2022\/04\/passarella-fue-ofrecido-para-dirigir-a-bolivia-10.jpg\"><img itemprop=\"image\" src=\"http:\/\/hoycordobaweb.com\/wp-content\/uploads\/2022\/04\/passarella-fue-ofrecido-para-dirigir-a-bolivia-10.jpg\" loading=\"lazy\" alt=\"Parte de la carpeta de Passarella.\">\n<\/picture><figcaption readability=\"2\">\n<p>Parte de la carpeta de Passarella.\n<\/p>\n<\/figcaption><\/div>\n<\/div>\n<div class=\"entry-tags\">\n<h2>TEMAS QUE APARECEN EN ESTA NOTA<\/h2>\n<\/p><\/div>\n","protected":false},"excerpt":{"rendered":"<p>El ciclo de Daniel Passarella como t\u00e9cnico de la Selecci\u00f3n Argentina (1994-1998) tuvo un punto muy conflictivo en 1997, en un partido de las Eliminatorias ante Bolivia en La Paz. La Albiceleste perdi\u00f3 2 a 1 y en pleno partido se desat\u00f3 una pelea interna en la que el delantero Julio Cruz recibi\u00f3 una trompada [&hellip;]<\/p>\n","protected":false},"author":1,"featured_media":40422,"comment_status":"open","ping_status":"closed","sticky":false,"template":"","format":"standard","meta":[],"categories":[16],"tags":[],"_links":{"self":[{"href":"http:\/\/hoycordobaweb.com\/index.php\/wp-json\/wp\/v2\/posts\/40421"}],"collection":[{"href":"http:\/\/hoycordobaweb.com\/index.php\/wp-json\/wp\/v2\/posts"}],"about":[{"href":"http:\/\/hoycordobaweb.com\/index.php\/wp-json\/wp\/v2\/types\/post"}],"author":[{"embeddable":true,"href":"http:\/\/hoycordobaweb.com\/index.php\/wp-json\/wp\/v2\/users\/1"}],"replies":[{"embeddable":true,"href":"http:\/\/hoycordobaweb.com\/index.php\/wp-json\/wp\/v2\/comments?post=40421"}],"version-history":[{"count":0,"href":"http:\/\/hoycordobaweb.com\/index.php\/wp-json\/wp\/v2\/posts\/40421\/revisions"}],"wp:featuredmedia":[{"embeddable":true,"href":"http:\/\/hoycordobaweb.com\/index.php\/wp-json\/wp\/v2\/media\/40422"}],"wp:attachment":[{"href":"http:\/\/hoycordobaweb.com\/index.php\/wp-json\/wp\/v2\/media?parent=40421"}],"wp:term":[{"taxonomy":"category","embeddable":true,"href":"http:\/\/hoycordobaweb.com\/index.php\/wp-json\/wp\/v2\/categories?post=40421"},{"taxonomy":"post_tag","embeddable":true,"href":"http:\/\/hoycordobaweb.com\/index.php\/wp-json\/wp\/v2\/tags?post=40421"}],"curies":[{"name":"wp","href":"https:\/\/api.w.org\/{rel}","templated":true}]}}