{"id":40419,"date":"2022-04-23T00:02:40","date_gmt":"2022-04-23T00:02:40","guid":{"rendered":"https:\/\/www.ole.com.ar\/futbol-internacional\/cortez-ecuador-vinculos-sicarios_0_8Abuebg11u.html"},"modified":"2022-04-23T00:02:40","modified_gmt":"2022-04-23T00:02:40","slug":"el-goleador-de-ecuador-fue-preso-por-sus-vinculos-con-una-banda-de-sicarios","status":"publish","type":"post","link":"http:\/\/hoycordobaweb.com\/index.php\/2022\/04\/23\/el-goleador-de-ecuador-fue-preso-por-sus-vinculos-con-una-banda-de-sicarios\/","title":{"rendered":"El goleador de Ecuador fue preso por sus v\u00ednculos con una banda de sicarios"},"content":{"rendered":"<p><img src=\"http:\/\/hoycordobaweb.com\/wp-content\/uploads\/2022\/04\/el-goleador-de-ecuador-fue-preso-por-sus-vinculos-con-una-banda-de-sicarios.jpg\"><\/p>\n<p>Conmoci\u00f3n en Ecuador: el<strong> volante Gabriel Cortez, goleador del torneo local con siete tantos en nueve partidos, fue una de las 18 personas detenidas este viernes como parte de un operativo policial contra una banda criminal <\/strong>de Esmeraldas, provincia costera fronteriza con Colombia. La detenci\u00f3n del futbolista fue confirmada por el ministro del Interior, Patricio Carrillo, quien explic\u00f3 que el jugador de 26 a\u00f1os&nbsp;<strong>\u00abordenaba y recib\u00eda la informaci\u00f3n respecto a las personas que los sicarios hab\u00edan asesinado\u00bb.<\/strong><\/p>\n<p>En redes sociales, se difundi\u00f3 la foto de Cortez, apodado el Loco, en el momento de su detenci\u00f3n, custodiado por dos polic\u00edas fuertemente armados. Tambi\u00e9n, se difundi\u00f3 un video en el que, esposado, llega a la Unidad Judicial de Esmeraldas tras ser trasladado en helic\u00f3ptero.&nbsp;<\/p>\n<div class=\"sp__Normal\">\n<div class=\"image-embeb image-trigger\" readability=\"6\">\n<picture><source media=\"(min-width: 720px)\" srcset=\"http:\/\/hoycordobaweb.com\/wp-content\/uploads\/2022\/04\/el-goleador-de-ecuador-fue-preso-por-sus-vinculos-con-una-banda-de-sicarios-2.jpg\"><img itemprop=\"image\" src=\"http:\/\/hoycordobaweb.com\/wp-content\/uploads\/2022\/04\/el-goleador-de-ecuador-fue-preso-por-sus-vinculos-con-una-banda-de-sicarios-2.jpg\" loading=\"lazy\" alt=\"Cortez detenido por la polic\u00eda.\">\n<\/picture><figcaption readability=\"2\">\n<p>Cortez detenido por la polic\u00eda.\n<\/p>\n<\/figcaption><\/div>\n<\/div>\n<p>El futbolista enfrent\u00f3 a Lan\u00fas el jueves de la \u00faltima semana por la <a alt=\"copa-sudamericana\" class=\"slug\" href=\"https:\/\/www.ole.com.ar\/tema\/copa-sudamericana.html\" target=\"_blank\" title=\"copa-sudamericana\" rel=\"noopener noreferrer\">Copa Sudamericana<\/a>, en Argentina, y el mi\u00e9rcoles \u00faltimo al Gualaceo, en la derrota 1 a 0 por el torneo local. Tiene compa\u00f1eros argentinos: el arquero <strong>Javier Burrai<\/strong>, el defensor Luca Sosa, el volante Dami\u00e1n D\u00edaz y el delantero Emanuel Mart\u00ednez. El t\u00e9cnico es Jorge C\u00e9lico y el presidente del club <a alt=\"alejandro-alfaro-moreno\" class=\"slug\" href=\"https:\/\/www.ole.com.ar\/tema\/alejandro-alfaro-moreno.html\" target=\"_blank\" title=\"alejandro-alfaro-moreno\" rel=\"noopener noreferrer\">Alejandro Alfaro Moreno<\/a>.<\/p>\n<div class=\"sp__Normal\">\n<div class=\"image-embeb image-trigger\" readability=\"6\">\n<picture><source media=\"(min-width: 720px)\" srcset=\"http:\/\/hoycordobaweb.com\/wp-content\/uploads\/2022\/04\/el-goleador-de-ecuador-fue-preso-por-sus-vinculos-con-una-banda-de-sicarios-3.jpg\"><img itemprop=\"image\" src=\"http:\/\/hoycordobaweb.com\/wp-content\/uploads\/2022\/04\/el-goleador-de-ecuador-fue-preso-por-sus-vinculos-con-una-banda-de-sicarios-3.jpg\" loading=\"lazy\" alt=\"Cortez festeja un gol ante V\u00e9lez en 2021.\">\n<\/picture><figcaption readability=\"2\">\n<p>Cortez festeja un gol ante V\u00e9lez en 2021.\n<\/p>\n<\/figcaption><\/div>\n<\/div>\n<div class=\"sp__Normal\">\n<div class=\"image-embeb image-trigger\" readability=\"7\">\n<picture><source media=\"(min-width: 720px)\" srcset=\"http:\/\/hoycordobaweb.com\/wp-content\/uploads\/2022\/04\/el-goleador-de-ecuador-fue-preso-por-sus-vinculos-con-una-banda-de-sicarios-4.jpg\"><img itemprop=\"image\" src=\"http:\/\/hoycordobaweb.com\/wp-content\/uploads\/2022\/04\/el-goleador-de-ecuador-fue-preso-por-sus-vinculos-con-una-banda-de-sicarios-4.jpg\" loading=\"lazy\" alt=\"\u00c1ngel Gonz\u00e1lez, de Lan\u00fas, contra Cortez por la Sudamericana.\">\n<\/picture><figcaption readability=\"4\">\n<p>\u00c1ngel Gonz\u00e1lez, de Lan\u00fas, contra Cortez por la Sudamericana.\n<\/p>\n<\/figcaption><\/div>\n<\/div>\n<p>En un comunicado, el Barcelona anticip\u00f3 que \u00abrespetar\u00e1 las diligencias e investigaciones de los \u00f3rganos de Justicia\u00bb y deslind\u00f3 de cualquier responsabilidad o complicidad en los presuntos delitos cometidos por Cortez, ex Botafogo brasile\u00f1o y los Lobos BUAP de M\u00e9xico. Y aclar\u00f3:&nbsp;\u00abLas actividades realizadas en el \u00e1mbito privado por sus jugadores y directivos son ajenas a la instituci\u00f3n\u00bb.<\/p>\n<div class=\"sp__SM\">\n<div class=\"content-new \">\n<span class=\"tit-mobile\">Mir\u00e1 tambi\u00e9n<\/span><\/p>\n<div class=\"mg\">\n<div class=\"wrap-figure\">\n<picture>\n<a href=\"https:\/\/www.ole.com.ar\/lanus\/lanus-aumento-cuota-explicacion_0_a34YFLKXSo.html\" target=\"_self\" rel=\"noopener noreferrer\"><br \/>\n<img class=\"img-responsive\" alt=\"Lan\u00fas aument\u00f3 la cuota social: el enojo de los hinchas y la explicaci\u00f3n de la CD\" src=\"http:\/\/hoycordobaweb.com\/wp-content\/uploads\/2022\/04\/el-goleador-de-ecuador-fue-preso-por-sus-vinculos-con-una-banda-de-sicarios-5.jpg\" loading=\"lazy\"><br \/>\n<\/a>\n<\/picture>\n<\/div>\n<\/div><\/div>\n<\/div>\n<p>Adem\u00e1s del futbolista, entre los 18 detenidos se encuentran tres polic\u00edas en servicio activo.&nbsp;Durante el operativo policial se realizaron allanamientos en 29 inmuebles que dieron tambi\u00e9n como resultado la incautaci\u00f3n de tres veh\u00edculos, 14 tel\u00e9fonos m\u00f3viles, tres c\u00e1maras de vigilancia y un kilo de droga.<\/p>\n<p>El operativo, denominado Operaci\u00f3n Gran Impacto 10, fue ejecutado por la Polic\u00eda Nacional de Ecuador conjuntamente con la Fiscal\u00eda General del Estado contra la banda criminal denominada Los Tiguerones.<\/p>\n<p>Las autoridades vinculan a Los Tiguerones&nbsp;con el Frente Oliver Sinisterra, un grupo disidente de las Fuerzas Armadas Revolucionarias de Colombia (FARC), que opera cerca de la frontera con Ecuador y al que se le atribuye el secuestro y asesinato de tres periodistas ecuatorianos en 2018.<\/p>\n<p>De acuerdo al comandante general de la Polic\u00eda de Ecuador, las detenciones se realizaron tras una investigaci\u00f3n que dur\u00f3 cuatro meses donde se recab\u00f3 la informaci\u00f3n para solicitar a la Justicia las \u00f3rdenes de captura.<\/p>\n<p>A Los Tiguerones, las autoridades ecuatorianas les imputan los delitos de narcotr\u00e1fico, terrorismo, asesinato, sicariato, extorsi\u00f3n, tr\u00e1fico il\u00edcito de armas,&nbsp;de municiones y explosivos.&nbsp;&nbsp;<\/p>\n<div class=\"entry-tags\">\n<h2>TEMAS QUE APARECEN EN ESTA NOTA<\/h2>\n<\/p><\/div>\n","protected":false},"excerpt":{"rendered":"<p>Conmoci\u00f3n en Ecuador: el volante Gabriel Cortez, goleador del torneo local con siete tantos en nueve partidos, fue una de las 18 personas detenidas este viernes como parte de un operativo policial contra una banda criminal de Esmeraldas, provincia costera fronteriza con Colombia. La detenci\u00f3n del futbolista fue confirmada por el ministro del Interior, Patricio [&hellip;]<\/p>\n","protected":false},"author":1,"featured_media":40420,"comment_status":"open","ping_status":"closed","sticky":false,"template":"","format":"standard","meta":[],"categories":[16],"tags":[],"_links":{"self":[{"href":"http:\/\/hoycordobaweb.com\/index.php\/wp-json\/wp\/v2\/posts\/40419"}],"collection":[{"href":"http:\/\/hoycordobaweb.com\/index.php\/wp-json\/wp\/v2\/posts"}],"about":[{"href":"http:\/\/hoycordobaweb.com\/index.php\/wp-json\/wp\/v2\/types\/post"}],"author":[{"embeddable":true,"href":"http:\/\/hoycordobaweb.com\/index.php\/wp-json\/wp\/v2\/users\/1"}],"replies":[{"embeddable":true,"href":"http:\/\/hoycordobaweb.com\/index.php\/wp-json\/wp\/v2\/comments?post=40419"}],"version-history":[{"count":0,"href":"http:\/\/hoycordobaweb.com\/index.php\/wp-json\/wp\/v2\/posts\/40419\/revisions"}],"wp:featuredmedia":[{"embeddable":true,"href":"http:\/\/hoycordobaweb.com\/index.php\/wp-json\/wp\/v2\/media\/40420"}],"wp:attachment":[{"href":"http:\/\/hoycordobaweb.com\/index.php\/wp-json\/wp\/v2\/media?parent=40419"}],"wp:term":[{"taxonomy":"category","embeddable":true,"href":"http:\/\/hoycordobaweb.com\/index.php\/wp-json\/wp\/v2\/categories?post=40419"},{"taxonomy":"post_tag","embeddable":true,"href":"http:\/\/hoycordobaweb.com\/index.php\/wp-json\/wp\/v2\/tags?post=40419"}],"curies":[{"name":"wp","href":"https:\/\/api.w.org\/{rel}","templated":true}]}}