{"id":40332,"date":"2022-04-18T19:07:35","date_gmt":"2022-04-18T19:07:35","guid":{"rendered":"https:\/\/fono.fcm.unc.edu.ar\/?p=9035"},"modified":"2022-04-18T19:07:35","modified_gmt":"2022-04-18T19:07:35","slug":"ciclo-lectivo-2022-1-ano-inicio-de-clases","status":"publish","type":"post","link":"http:\/\/hoycordobaweb.com\/index.php\/2022\/04\/18\/ciclo-lectivo-2022-1-ano-inicio-de-clases\/","title":{"rendered":"Ciclo Lectivo 2022: 1\u00b0 A\u00f1o inicio de clases"},"content":{"rendered":"<h2 class=\"fusion-post-title\">Ciclo Lectivo 2022: 1\u00b0 A\u00f1o inicio de clases<\/h2>\n<div class=\"post-content\" readability=\"41\">\n<p><img loading=\"lazy\" class=\"size-fusion-400 wp-image-8924 alignright\" src=\"https:\/\/fono.fcm.unc.edu.ar\/wp-content\/uploads\/sites\/14\/2022\/04\/WhatsApp-Image-2022-04-04-at-9.04.25-AM-400x400.jpeg\" alt width=\"400\" height=\"400\" srcset=\"https:\/\/fono.fcm.unc.edu.ar\/wp-content\/uploads\/sites\/14\/2022\/04\/WhatsApp-Image-2022-04-04-at-9.04.25-AM-66x66.jpeg 66w, https:\/\/fono.fcm.unc.edu.ar\/wp-content\/uploads\/sites\/14\/2022\/04\/WhatsApp-Image-2022-04-04-at-9.04.25-AM-150x150.jpeg 150w, https:\/\/fono.fcm.unc.edu.ar\/wp-content\/uploads\/sites\/14\/2022\/04\/WhatsApp-Image-2022-04-04-at-9.04.25-AM-200x200.jpeg 200w, https:\/\/fono.fcm.unc.edu.ar\/wp-content\/uploads\/sites\/14\/2022\/04\/WhatsApp-Image-2022-04-04-at-9.04.25-AM-300x300.jpeg 300w, https:\/\/fono.fcm.unc.edu.ar\/wp-content\/uploads\/sites\/14\/2022\/04\/WhatsApp-Image-2022-04-04-at-9.04.25-AM-400x400.jpeg 400w, https:\/\/fono.fcm.unc.edu.ar\/wp-content\/uploads\/sites\/14\/2022\/04\/WhatsApp-Image-2022-04-04-at-9.04.25-AM-600x600.jpeg 600w, https:\/\/fono.fcm.unc.edu.ar\/wp-content\/uploads\/sites\/14\/2022\/04\/WhatsApp-Image-2022-04-04-at-9.04.25-AM-768x768.jpeg 768w, https:\/\/fono.fcm.unc.edu.ar\/wp-content\/uploads\/sites\/14\/2022\/04\/WhatsApp-Image-2022-04-04-at-9.04.25-AM-800x800.jpeg 800w, https:\/\/fono.fcm.unc.edu.ar\/wp-content\/uploads\/sites\/14\/2022\/04\/WhatsApp-Image-2022-04-04-at-9.04.25-AM-1024x1024.jpeg 1024w, https:\/\/fono.fcm.unc.edu.ar\/wp-content\/uploads\/sites\/14\/2022\/04\/WhatsApp-Image-2022-04-04-at-9.04.25-AM.jpeg 1080w\" sizes=\"(max-width: 400px) 100vw, 400px\">La Escuela de Fonoaudiolog\u00eda les da la bienvenida en el inicio del ciclo lectivo 2022!<\/p>\n<p>A partir de hoy inician el cursado lxs estudiantes de <strong><em>&nbsp;1\u00b0 A\u00f1o<\/em><\/strong>&nbsp; del Plan 2021.<\/p>\n<p>Deseamos que sea un excelente comienzo y que la cursada nos encuentre repletos de nuevos desaf\u00edos y aprendizajes compartidos.<\/p>\n<p>Cada estudiante recibir\u00e1 a trav\u00e9s de un mensaje por Guaran\u00ed&nbsp; d\u00eda, horario y modalidad de la clase inaugural de cada una de las asignaturas a las cuales se inscribi\u00f3.<\/p>\n<\/p><\/div>\n","protected":false},"excerpt":{"rendered":"<p>Ciclo Lectivo 2022: 1\u00b0 A\u00f1o inicio de clases La Escuela de Fonoaudiolog\u00eda les da la bienvenida en el inicio del ciclo lectivo 2022! A partir de hoy inician el cursado lxs estudiantes de &nbsp;1\u00b0 A\u00f1o&nbsp; del Plan 2021. Deseamos que sea un excelente comienzo y que la cursada nos encuentre repletos de nuevos desaf\u00edos y [&hellip;]<\/p>\n","protected":false},"author":1,"featured_media":0,"comment_status":"closed","ping_status":"closed","sticky":false,"template":"","format":"standard","meta":[],"categories":[1],"tags":[],"_links":{"self":[{"href":"http:\/\/hoycordobaweb.com\/index.php\/wp-json\/wp\/v2\/posts\/40332"}],"collection":[{"href":"http:\/\/hoycordobaweb.com\/index.php\/wp-json\/wp\/v2\/posts"}],"about":[{"href":"http:\/\/hoycordobaweb.com\/index.php\/wp-json\/wp\/v2\/types\/post"}],"author":[{"embeddable":true,"href":"http:\/\/hoycordobaweb.com\/index.php\/wp-json\/wp\/v2\/users\/1"}],"replies":[{"embeddable":true,"href":"http:\/\/hoycordobaweb.com\/index.php\/wp-json\/wp\/v2\/comments?post=40332"}],"version-history":[{"count":0,"href":"http:\/\/hoycordobaweb.com\/index.php\/wp-json\/wp\/v2\/posts\/40332\/revisions"}],"wp:attachment":[{"href":"http:\/\/hoycordobaweb.com\/index.php\/wp-json\/wp\/v2\/media?parent=40332"}],"wp:term":[{"taxonomy":"category","embeddable":true,"href":"http:\/\/hoycordobaweb.com\/index.php\/wp-json\/wp\/v2\/categories?post=40332"},{"taxonomy":"post_tag","embeddable":true,"href":"http:\/\/hoycordobaweb.com\/index.php\/wp-json\/wp\/v2\/tags?post=40332"}],"curies":[{"name":"wp","href":"https:\/\/api.w.org\/{rel}","templated":true}]}}