{"id":40325,"date":"2022-04-21T01:39:00","date_gmt":"2022-04-21T01:39:00","guid":{"rendered":"http:\/\/hoycordobaweb.com\/index.php\/2022\/04\/21\/guzman-se-reunio-con-representantes-de-la-ocde-el-club-de-paris-espana-y-sudafrica\/"},"modified":"2022-04-21T01:39:00","modified_gmt":"2022-04-21T01:39:00","slug":"guzman-se-reunio-con-representantes-de-la-ocde-el-club-de-paris-espana-y-sudafrica","status":"publish","type":"post","link":"http:\/\/hoycordobaweb.com\/index.php\/2022\/04\/21\/guzman-se-reunio-con-representantes-de-la-ocde-el-club-de-paris-espana-y-sudafrica\/","title":{"rendered":"Guzm\u00e1n se reuni\u00f3 con representantes de la OCDE, el Club de Par\u00eds, Espa\u00f1a y Sud\u00e1frica"},"content":{"rendered":"<p><img src=\"http:\/\/hoycordobaweb.com\/wp-content\/uploads\/2022\/04\/guzman-se-reunio-con-representantes-de-la-ocde-el-club-de-paris-espana-y-sudafrica.jpg\"><\/p>\n<figure class=\"mb-3\"><img loading=\"lazy\" src=\"http:\/\/hoycordobaweb.com\/wp-content\/uploads\/2022\/04\/guzman-se-reunio-con-representantes-de-la-ocde-el-club-de-paris-espana-y-sudafrica-2.jpg\" width=\"100%\" height=\"100%\" alt=\"Guzmn participar de la Asamblea de Primavera del Fondo Monetario Internacional\"><figcaption> Guzm\u00e1n participar\u00e1 de la Asamblea de Primavera del Fondo Monetario Internacional. <\/figcaption><\/figure>\n<p>El ministro de Econom\u00eda, <strong>Mart\u00edn Guzm\u00e1n<\/strong>, mantuvo este mi\u00e9rcoles un encuentro con el Secretario General de la Organizaci\u00f3n para la Cooperaci\u00f3n y el Desarrollo Econ\u00f3micos (OCDE), <strong>Mathias Cormann<\/strong>, en el marco de su participaci\u00f3n en la <strong>Asamblea de Primavera del Fondo Monetario Internacional<\/strong> (FMI) que se desarrolla en Washington.<\/p>\n<p>Tras el encuentro, el jefe del Palacio de Hacienda expres\u00f3 que \u00abcombatir la evasi\u00f3n impositiva que por d\u00e9cadas ha sufrido nuestro pa\u00eds, v\u00eda el uso de guaridas fiscales para esconder fondos fugados al exterior, es un acto de estricta justicia que protege a la enorme mayor\u00eda que s\u00ed cumple con las obligaciones impositivas\u00bb.<\/p>\n<p>De acuerdo con un comunicado de la cartera econ\u00f3mica, Guzm\u00e1n asegur\u00f3 que <strong>\u00abel apoyo de la OCDE para identificar a quienes han actuado de ese modo ser\u00e1 fundamental para ser efectivos en esta tarea<\/strong>\u00ab.<\/p>\n<blockquote class=\"twitter-tweet\" readability=\"7.2240802675585\">\n<p lang=\"es\" dir=\"ltr\">Muy buen encuentro con el Secretario General de la OCDE <a href=\"https:\/\/twitter.com\/MathiasCormann?ref_src=twsrc%5Etfw\">@MathiasCormann<\/a>, en el que tambi\u00e9n dialogamos sobre la importancia de atacar la crisis distributiva global que est\u00e1 generando la inflaci\u00f3n internacional agravada por la guerra en Ucrania.<\/p>\n<p>\u2014 Mart\u00edn Guzm\u00e1n (@Martin_M_Guzman) <a href=\"https:\/\/twitter.com\/Martin_M_Guzman\/status\/1516926190711451655?ref_src=twsrc%5Etfw\">April 20, 2022<\/a><\/p><\/blockquote>\n<p>El ministro hizo hincapi\u00e9 en la importancia de \u00ab<strong>atacar la crisis distributiva global que est\u00e1 generando el proceso de inflaci\u00f3n<\/strong> internacional agravado por la guerra en Ucrania. Mientras algunos sectores disfrutan de una renta inesperada producto de la guerra, miles de millones de personas en el mundo sufren los aumentos de los precios de los alimentos y la energ\u00eda. En Argentina trabajamos para construir una soluci\u00f3n, y celebramos que otros pa\u00edses est\u00e9n apuntando en la misma direcci\u00f3n\u00bb.<\/p>\n<p>En este encuentro, tambi\u00e9n estuvieron presentes la economista jefa de la OCDE, <strong>Laurence Boone<\/strong>; y el director del Centro de Pol\u00edtica Impositiva y Administraci\u00f3n, <strong>Pascal Saint Amans<\/strong>.<\/p>\n<p>M\u00e1s tarde, Guzm\u00e1n se reuni\u00f3 con su par de Espa\u00f1a, <strong>Nadia Calvi\u00f1o<\/strong>. En este encuentro tambi\u00e9n participaron Carlos Cuerpo, Secretario General del Tesoro espa\u00f1ol; <strong>Judith Arnal<\/strong>, Directora del Gabinete de la Vicepresidencia; y <strong>Gonzalo Botas<\/strong>, Asesor Internacional. Luego de la reuni\u00f3n ambos funcionarios coincidieron en la importancia de \u00abseguir fortaleciendo los v\u00ednculos estrat\u00e9gicos entre los pa\u00edses\u00bb.<\/p>\n<p>Adem\u00e1s, el ministro tuvo una reuni\u00f3n con el Director General del Tesoro de Francia, <strong>Emmanuel Moulin<\/strong> y concluy\u00f3 su segundo d\u00eda de actividades en Washington con un encuentro bilateral con el ministro de Finanzas de Sud\u00e1frica,<strong> Enoch Godongwana<\/strong>. <\/p>\n","protected":false},"excerpt":{"rendered":"<p>Guzm\u00e1n participar\u00e1 de la Asamblea de Primavera del Fondo Monetario Internacional. El ministro de Econom\u00eda, Mart\u00edn Guzm\u00e1n, mantuvo este mi\u00e9rcoles un encuentro con el Secretario General de la Organizaci\u00f3n para la Cooperaci\u00f3n y el Desarrollo Econ\u00f3micos (OCDE), Mathias Cormann, en el marco de su participaci\u00f3n en la Asamblea de Primavera del Fondo Monetario Internacional (FMI) [&hellip;]<\/p>\n","protected":false},"author":1,"featured_media":40326,"comment_status":"open","ping_status":"closed","sticky":false,"template":"","format":"standard","meta":[],"categories":[19],"tags":[],"_links":{"self":[{"href":"http:\/\/hoycordobaweb.com\/index.php\/wp-json\/wp\/v2\/posts\/40325"}],"collection":[{"href":"http:\/\/hoycordobaweb.com\/index.php\/wp-json\/wp\/v2\/posts"}],"about":[{"href":"http:\/\/hoycordobaweb.com\/index.php\/wp-json\/wp\/v2\/types\/post"}],"author":[{"embeddable":true,"href":"http:\/\/hoycordobaweb.com\/index.php\/wp-json\/wp\/v2\/users\/1"}],"replies":[{"embeddable":true,"href":"http:\/\/hoycordobaweb.com\/index.php\/wp-json\/wp\/v2\/comments?post=40325"}],"version-history":[{"count":0,"href":"http:\/\/hoycordobaweb.com\/index.php\/wp-json\/wp\/v2\/posts\/40325\/revisions"}],"wp:featuredmedia":[{"embeddable":true,"href":"http:\/\/hoycordobaweb.com\/index.php\/wp-json\/wp\/v2\/media\/40326"}],"wp:attachment":[{"href":"http:\/\/hoycordobaweb.com\/index.php\/wp-json\/wp\/v2\/media?parent=40325"}],"wp:term":[{"taxonomy":"category","embeddable":true,"href":"http:\/\/hoycordobaweb.com\/index.php\/wp-json\/wp\/v2\/categories?post=40325"},{"taxonomy":"post_tag","embeddable":true,"href":"http:\/\/hoycordobaweb.com\/index.php\/wp-json\/wp\/v2\/tags?post=40325"}],"curies":[{"name":"wp","href":"https:\/\/api.w.org\/{rel}","templated":true}]}}