{"id":40297,"date":"2022-04-20T13:27:15","date_gmt":"2022-04-20T13:27:15","guid":{"rendered":"https:\/\/manoamanocba.com.ar\/?p=5110"},"modified":"2022-04-20T13:27:15","modified_gmt":"2022-04-20T13:27:15","slug":"demoleran-el-muro-de-bv-illia-frente-al-mercado-sud","status":"publish","type":"post","link":"http:\/\/hoycordobaweb.com\/index.php\/2022\/04\/20\/demoleran-el-muro-de-bv-illia-frente-al-mercado-sud\/","title":{"rendered":"Demoler\u00e1n el muro de Bv. Illia frente al Mercado Sud"},"content":{"rendered":"<p data-uw-styling-context=\"true\">Comenzaron los trabajos tendientes a delimitar los sectores que estar\u00e1n alcanzados por las obras de remodelaci\u00f3n del <strong>bulevar Illia, entre Ituzaing\u00f3 y Buenos Aires<\/strong>, adem\u00e1s de los accesos al <strong>Mercado Sud<\/strong>.<\/p>\n<p data-uw-styling-context=\"true\">El vallado marca el comienzo de la primera etapa de las obras que la Secretar\u00eda de Desarrollo Urbano desarrollar\u00e1 en el sector como parte del Plan de Recuperaci\u00f3n del \u00c1rea Central.<\/p>\n<p data-uw-styling-context=\"true\"><a href=\"http:\/\/manoamanocba.com.ar\/wp-content\/uploads\/2022\/04\/Render.jpg\"><img loading=\"lazy\" class=\"size-medium wp-image-5111 aligncenter\" src=\"http:\/\/hoycordobaweb.com\/wp-content\/uploads\/2022\/04\/demoleran-el-muro-de-bv-illia-frente-al-mercado-sud.jpg\" alt width=\"300\" height=\"169\" srcset=\"http:\/\/hoycordobaweb.com\/wp-content\/uploads\/2022\/04\/demoleran-el-muro-de-bv-illia-frente-al-mercado-sud.jpg 300w, http:\/\/hoycordobaweb.com\/wp-content\/uploads\/2022\/04\/demoleran-el-muro-de-bv-illia-frente-al-mercado-sud-4.jpg 1024w, http:\/\/hoycordobaweb.com\/wp-content\/uploads\/2022\/04\/demoleran-el-muro-de-bv-illia-frente-al-mercado-sud-5.jpg 768w, http:\/\/hoycordobaweb.com\/wp-content\/uploads\/2022\/04\/demoleran-el-muro-de-bv-illia-frente-al-mercado-sud-6.jpg 1280w\" sizes=\"(max-width: 300px) 100vw, 300px\"><\/a><\/p>\n<p data-uw-styling-context=\"true\"><strong>La actividad comercial no se interrumpir\u00e1 mientras se ejecute el proyecto<\/strong>, ya que est\u00e1 previsto que el ingreso y egreso de personal, p\u00fablico y proveedores se realice por los accesos laterales.<\/p>\n<p data-uw-styling-context=\"true\">El dise\u00f1o de las obras responde a un doble prop\u00f3sito planteado por el Municipio capitalino. A la necesidad de <strong>revitalizar un sector del \u00e1rea central<\/strong> que desde hace a\u00f1os exhibe signos de deterioro se a\u00f1ade la visi\u00f3n estrat\u00e9gica de generar nueva y moderna infraestructura que posibilite la <strong>comunicaci\u00f3n y vinculaci\u00f3n peatonal entre barrios Nueva C\u00f3rdoba y Centro.<\/strong><\/p>\n<p data-uw-styling-context=\"true\"><a href=\"http:\/\/manoamanocba.com.ar\/wp-content\/uploads\/2022\/04\/Render-2.jpg\"><img loading=\"lazy\" class=\"size-medium wp-image-5112 aligncenter\" src=\"http:\/\/hoycordobaweb.com\/wp-content\/uploads\/2022\/04\/demoleran-el-muro-de-bv-illia-frente-al-mercado-sud-1.jpg\" alt width=\"300\" height=\"169\" srcset=\"http:\/\/hoycordobaweb.com\/wp-content\/uploads\/2022\/04\/demoleran-el-muro-de-bv-illia-frente-al-mercado-sud-7.jpg 300w, http:\/\/hoycordobaweb.com\/wp-content\/uploads\/2022\/04\/demoleran-el-muro-de-bv-illia-frente-al-mercado-sud-8.jpg 1024w, http:\/\/hoycordobaweb.com\/wp-content\/uploads\/2022\/04\/demoleran-el-muro-de-bv-illia-frente-al-mercado-sud-9.jpg 768w, http:\/\/hoycordobaweb.com\/wp-content\/uploads\/2022\/04\/demoleran-el-muro-de-bv-illia-frente-al-mercado-sud-10.jpg 1280w\" sizes=\"(max-width: 300px) 100vw, 300px\"><\/a><\/p>\n<p data-uw-styling-context=\"true\">Con este objetivo se ejecutar\u00e1 la <strong>demolici\u00f3n del muro del bulevar Illia entre calles Ituzaing\u00f3 a Buenos Aires<\/strong>. All\u00ed se construir\u00e1 una escalinata de 851 m\u00b2 conformada por una escalera, una rampa para garantizar accesibilidad, canteros con vegetaci\u00f3n y gradas para permanencia.<\/p>\n<p data-uw-styling-context=\"true\">Al mismo tiempo dar\u00e1 inicio la construcci\u00f3n de una nueva y moderna plaza en el acceso principal del Mercado Sud, sobre Bv. Illia. El nuevo espacio incluye nuevas veredas, canteros con vegetaci\u00f3n, iluminaci\u00f3n LED y mobiliario urbano.<\/p>\n<p data-uw-styling-context=\"true\"><a href=\"http:\/\/manoamanocba.com.ar\/wp-content\/uploads\/2022\/04\/Render-3.jpg\"><img loading=\"lazy\" class=\"size-medium wp-image-5113 aligncenter\" src=\"http:\/\/hoycordobaweb.com\/wp-content\/uploads\/2022\/04\/demoleran-el-muro-de-bv-illia-frente-al-mercado-sud-2.jpg\" alt width=\"300\" height=\"169\" srcset=\"http:\/\/hoycordobaweb.com\/wp-content\/uploads\/2022\/04\/demoleran-el-muro-de-bv-illia-frente-al-mercado-sud-11.jpg 300w, http:\/\/hoycordobaweb.com\/wp-content\/uploads\/2022\/04\/demoleran-el-muro-de-bv-illia-frente-al-mercado-sud-12.jpg 1024w, http:\/\/hoycordobaweb.com\/wp-content\/uploads\/2022\/04\/demoleran-el-muro-de-bv-illia-frente-al-mercado-sud-13.jpg 768w, http:\/\/hoycordobaweb.com\/wp-content\/uploads\/2022\/04\/demoleran-el-muro-de-bv-illia-frente-al-mercado-sud-14.jpg 1280w\" sizes=\"(max-width: 300px) 100vw, 300px\"><\/a><\/p>\n<p data-uw-styling-context=\"true\">El proceso de obra se completar\u00e1 con las etapas dos y tres, consistentes en la construcci\u00f3n de nuevas veredas en los laterales del edificio y la recuperaci\u00f3n de la calzada mediante adoquines intertrabados.<\/p>\n<p data-uw-styling-context=\"true\"><a href=\"http:\/\/manoamanocba.com.ar\/wp-content\/uploads\/2022\/04\/Render-4.jpg\"><img loading=\"lazy\" class=\"size-medium wp-image-5114 aligncenter\" src=\"http:\/\/hoycordobaweb.com\/wp-content\/uploads\/2022\/04\/demoleran-el-muro-de-bv-illia-frente-al-mercado-sud-3.jpg\" alt width=\"300\" height=\"169\" srcset=\"http:\/\/hoycordobaweb.com\/wp-content\/uploads\/2022\/04\/demoleran-el-muro-de-bv-illia-frente-al-mercado-sud-15.jpg 300w, http:\/\/hoycordobaweb.com\/wp-content\/uploads\/2022\/04\/demoleran-el-muro-de-bv-illia-frente-al-mercado-sud-16.jpg 1024w, http:\/\/hoycordobaweb.com\/wp-content\/uploads\/2022\/04\/demoleran-el-muro-de-bv-illia-frente-al-mercado-sud-17.jpg 768w, http:\/\/hoycordobaweb.com\/wp-content\/uploads\/2022\/04\/demoleran-el-muro-de-bv-illia-frente-al-mercado-sud-18.jpg 1280w\" sizes=\"(max-width: 300px) 100vw, 300px\"><\/a><\/p>\n","protected":false},"excerpt":{"rendered":"<p>Comenzaron los trabajos tendientes a delimitar los sectores que estar\u00e1n alcanzados por las obras de remodelaci\u00f3n del bulevar Illia, entre Ituzaing\u00f3 y Buenos Aires, adem\u00e1s de los accesos al Mercado Sud. El vallado marca el comienzo de la primera etapa de las obras que la Secretar\u00eda de Desarrollo Urbano desarrollar\u00e1 en el sector como parte [&hellip;]<\/p>\n","protected":false},"author":1,"featured_media":40298,"comment_status":"closed","ping_status":"closed","sticky":false,"template":"","format":"standard","meta":[],"categories":[19],"tags":[],"_links":{"self":[{"href":"http:\/\/hoycordobaweb.com\/index.php\/wp-json\/wp\/v2\/posts\/40297"}],"collection":[{"href":"http:\/\/hoycordobaweb.com\/index.php\/wp-json\/wp\/v2\/posts"}],"about":[{"href":"http:\/\/hoycordobaweb.com\/index.php\/wp-json\/wp\/v2\/types\/post"}],"author":[{"embeddable":true,"href":"http:\/\/hoycordobaweb.com\/index.php\/wp-json\/wp\/v2\/users\/1"}],"replies":[{"embeddable":true,"href":"http:\/\/hoycordobaweb.com\/index.php\/wp-json\/wp\/v2\/comments?post=40297"}],"version-history":[{"count":0,"href":"http:\/\/hoycordobaweb.com\/index.php\/wp-json\/wp\/v2\/posts\/40297\/revisions"}],"wp:featuredmedia":[{"embeddable":true,"href":"http:\/\/hoycordobaweb.com\/index.php\/wp-json\/wp\/v2\/media\/40298"}],"wp:attachment":[{"href":"http:\/\/hoycordobaweb.com\/index.php\/wp-json\/wp\/v2\/media?parent=40297"}],"wp:term":[{"taxonomy":"category","embeddable":true,"href":"http:\/\/hoycordobaweb.com\/index.php\/wp-json\/wp\/v2\/categories?post=40297"},{"taxonomy":"post_tag","embeddable":true,"href":"http:\/\/hoycordobaweb.com\/index.php\/wp-json\/wp\/v2\/tags?post=40297"}],"curies":[{"name":"wp","href":"https:\/\/api.w.org\/{rel}","templated":true}]}}