{"id":40295,"date":"2022-04-20T15:04:31","date_gmt":"2022-04-20T15:04:31","guid":{"rendered":"https:\/\/ladecimaweb.com\/?p=13234"},"modified":"2022-04-20T15:04:31","modified_gmt":"2022-04-20T15:04:31","slug":"comenzo-la-subasta-por-la-camiseta-de-maradona-ya-hubo-una-oferta-por-4-millones-de-libras","status":"publish","type":"post","link":"http:\/\/hoycordobaweb.com\/index.php\/2022\/04\/20\/comenzo-la-subasta-por-la-camiseta-de-maradona-ya-hubo-una-oferta-por-4-millones-de-libras\/","title":{"rendered":"Comenz\u00f3 la subasta por la camiseta de Maradona: ya hubo una oferta por 4 millones de libras"},"content":{"rendered":"<div class=\"boldgrid-section\">\n<div class=\"container\">\n<div class=\"row\">\n<div class=\"col-md-12 col-xs-12 col-sm-12\">\n<p>Este mi\u00e9rcoles comenz\u00f3 la<span>&nbsp;<\/span><strong>subasta de la camiseta que Diego Armando Maradona utiliz\u00f3 cuando le convirti\u00f3 dos goles a Inglaterra en el Mundial de 1986<\/strong>. Luego de varias idas y vueltas sobre la legalidad de la casaca<span>&nbsp;<\/span><strong>Steve Hodge<\/strong>, jugador ingl\u00e9s con el que Diego intercambi\u00f3 la camiseta al final del partido, la puso a la venta y<span>&nbsp;<\/span><strong>se podr\u00e1n hacer ofertas desde el 20 de abril hasta el 4 de mayo.<\/strong><\/p>\n<p>A media ma\u00f1ana se confirm\u00f3 que una persona ya realiz\u00f3 una oferta millonaria que ronda en los<span>&nbsp;<\/span><strong>cuatro millones de libras<\/strong><span>&nbsp;<\/span>por la ic\u00f3nica camiseta:<span>&nbsp;<\/span><strong>&#8220;Hoy mismo ha habido una oferta de cuatro millones. Sinceramente, creo que exceder\u00e1 el precio que estimamos y que se convertir\u00e1 en la pieza de f\u00fatbol que m\u00e1s dinero ha alcanzado en una subasta&#8221;<\/strong>, comentaron a EFE.<\/p>\n<p>La camiseta fue preservada en la<span>&nbsp;<\/span><strong>galer\u00eda de Sotheby\u2019s en el centro de Londres<\/strong><span>&nbsp;<\/span>y los fan\u00e1ticos podr\u00e1n visitarla en el lapso que durar\u00e1 la subasta. Las ideas y vueltas sobre la la licitaci\u00f3n comenzaron a circular cuando<span>&nbsp;<\/span><strong>Dalma Maradona y Claudia Villafa\u00f1e<\/strong><span>&nbsp;<\/span>pusieron en duda si la casaca de la<span>&nbsp;<\/span><strong>\u201cMano de Dios\u201d era la verdadera.<\/strong><\/p>\n<p><img loading=\"lazy\" class=\" jch-lazyloaded\" src=\"http:\/\/hoycordobaweb.com\/wp-content\/uploads\/2022\/04\/comenzo-la-subasta-por-la-camiseta-de-maradona-ya-hubo-una-oferta-por-4-millones-de-libras.jpg\" alt=\"6SWPHX627JEKVDHMJX6TNDG5A4.jpg\" width=\"1001\" height=\"668\" data-src=\"http:\/\/hoycordobaweb.com\/wp-content\/uploads\/2022\/04\/comenzo-la-subasta-por-la-camiseta-de-maradona-ya-hubo-una-oferta-por-4-millones-de-libras.jpg\"><\/p>\n<p class=\"\">Seg\u00fan su hija y exesposa la camiseta que Diego utiliz\u00f3 en el segundo tiempo la tiene otra persona y que la que se est\u00e1 subastando pertenece a la del primer tiempo:<span>&nbsp;<\/span><strong>\u201cNo es esa. No quiero decir qui\u00e9n la tiene porque es una locura. No la tiene este hombre. No lo confirm\u00e9 yo, lo dijo \u00e9l (Maradona). Me dijo: &#8216;\u00bfC\u00f3mo le voy a dar la camiseta de mi vida?&#8217;&#8221;<\/strong>, afirm\u00f3 Dalma.<\/p>\n<p><strong>&#8220;Este exjugador cree que tiene la camiseta del segundo tiempo de mi pap\u00e1, pero es una confusi\u00f3n, tiene la del primero. Quer\u00edamos aclarar eso para que la gente que la quiera comprar sepa la verdad&#8221;<\/strong>, se\u00f1al\u00f3 la hija del \u201c10\u201d al ser consultada sobre el tema.<\/p>\n<p>Aunque sin dudas esta afirmaci\u00f3n puso en jaque el futuro de dicha subasta, desde el museo sostienen que la camiseta es la del segundo tiempo ya que se utilizaron<span>&nbsp;<\/span><strong>10 im\u00e1genes para certificar su validez<\/strong><span>&nbsp;<\/span>de su uso en los cuartos de final del Mundial de M\u00e9xico 1986:<span>&nbsp;<\/span><strong>&#8220;La concluyente comparaci\u00f3n de im\u00e1genes basada en los hilos deshilachados e imperfecciones de costura en el parche frontal de la camiseta. Las comparaciones analizadas nos hicieron llegar a la conclusi\u00f3n que estas caracter\u00edsticas son \u00fanicas en esta camiseta espec\u00edfica&#8221;<\/strong>, declar\u00f3 John Robinson, de la empresa Resolution Photomatching.<\/p>\n<p class=\"\"><strong>\u201cLa camiseta de la Mano de Dios tiene un significado cultural profundo para el mundo del f\u00fatbol, \u200b\u200bla gente de Argentina y la gente de Inglaterra y&nbsp;estoy seguro de que el nuevo propietario se enorgullecer\u00e1 enormemente de poseer la camiseta de f\u00fatbol m\u00e1s ic\u00f3nica del mundo\u201d<\/strong>, expres\u00f3 Hodge.<\/p>\n<div class=\"ubm_banner\"><a href=\"https:\/\/www.cba.gov.ar\/10-https:\/\/www.cba.gov.ar\/10-mil-viviendas\/?csrt=8333084810548506306\" target=\"_blank\" rel=\"dofollow noopener noreferrer\"><img src=\"http:\/\/hoycordobaweb.com\/wp-content\/uploads\/2022\/04\/comenzo-la-subasta-por-la-camiseta-de-maradona-ya-hubo-una-oferta-por-4-millones-de-libras.gif\" alt=\"\"><\/a><\/div>\n<\/div>\n<\/div>\n<\/div>\n<\/div>\n<p>La entrada <a rel=\"nofollow\" href=\"https:\/\/ladecimaweb.com\/13234-2\/\">Comenz\u00f3 la subasta por la camiseta de Maradona: ya hubo una oferta por 4 millones de libras<\/a> se public\u00f3 primero en <a rel=\"nofollow\" href=\"https:\/\/ladecimaweb.com\">LaDecima<\/a>.<\/p>\n","protected":false},"excerpt":{"rendered":"<p>Este mi\u00e9rcoles comenz\u00f3 la&nbsp;subasta de la camiseta que Diego Armando Maradona utiliz\u00f3 cuando le convirti\u00f3 dos goles a Inglaterra en el Mundial de 1986. Luego de varias idas y vueltas sobre la legalidad de la casaca&nbsp;Steve Hodge, jugador ingl\u00e9s con el que Diego intercambi\u00f3 la camiseta al final del partido, la puso a la venta [&hellip;]<\/p>\n","protected":false},"author":1,"featured_media":40296,"comment_status":"closed","ping_status":"closed","sticky":false,"template":"","format":"standard","meta":[],"categories":[19],"tags":[],"_links":{"self":[{"href":"http:\/\/hoycordobaweb.com\/index.php\/wp-json\/wp\/v2\/posts\/40295"}],"collection":[{"href":"http:\/\/hoycordobaweb.com\/index.php\/wp-json\/wp\/v2\/posts"}],"about":[{"href":"http:\/\/hoycordobaweb.com\/index.php\/wp-json\/wp\/v2\/types\/post"}],"author":[{"embeddable":true,"href":"http:\/\/hoycordobaweb.com\/index.php\/wp-json\/wp\/v2\/users\/1"}],"replies":[{"embeddable":true,"href":"http:\/\/hoycordobaweb.com\/index.php\/wp-json\/wp\/v2\/comments?post=40295"}],"version-history":[{"count":0,"href":"http:\/\/hoycordobaweb.com\/index.php\/wp-json\/wp\/v2\/posts\/40295\/revisions"}],"wp:featuredmedia":[{"embeddable":true,"href":"http:\/\/hoycordobaweb.com\/index.php\/wp-json\/wp\/v2\/media\/40296"}],"wp:attachment":[{"href":"http:\/\/hoycordobaweb.com\/index.php\/wp-json\/wp\/v2\/media?parent=40295"}],"wp:term":[{"taxonomy":"category","embeddable":true,"href":"http:\/\/hoycordobaweb.com\/index.php\/wp-json\/wp\/v2\/categories?post=40295"},{"taxonomy":"post_tag","embeddable":true,"href":"http:\/\/hoycordobaweb.com\/index.php\/wp-json\/wp\/v2\/tags?post=40295"}],"curies":[{"name":"wp","href":"https:\/\/api.w.org\/{rel}","templated":true}]}}