{"id":40239,"date":"2022-04-19T20:05:29","date_gmt":"2022-04-19T20:05:29","guid":{"rendered":"https:\/\/ladecimaweb.com\/?p=13229"},"modified":"2022-04-19T20:05:29","modified_gmt":"2022-04-19T20:05:29","slug":"cuales-son-los-nuevos-montos-dispuestos-para-la-tarjeta-alimentar","status":"publish","type":"post","link":"http:\/\/hoycordobaweb.com\/index.php\/2022\/04\/19\/cuales-son-los-nuevos-montos-dispuestos-para-la-tarjeta-alimentar\/","title":{"rendered":"Cu\u00e1les son los nuevos montos dispuestos para la Tarjeta Alimentar"},"content":{"rendered":"<div class=\"boldgrid-section\">\n<div class=\"container\">\n<div class=\"row\">\n<div class=\"col-md-12 col-xs-12 col-sm-12\">\n<p class=\"\"><em>(T\u00e9lam)<\/em> <strong>El Gobierno nacional oficializ\u00f3 el aumento del 50 por ciento<\/strong><span>&nbsp;del monto correspondiente a la&nbsp;<\/span><strong>Tarjeta Alimentar<\/strong><span>, que perciben 2,4 millones titulares y alcanza a 4,1 millones de personas. El incremento&nbsp;<\/span><strong>corresponde al pago de abril<\/strong><span>&nbsp;y se cobrar\u00e1 en los primeros d\u00edas de mayo.<\/span><\/p>\n<p><span>La&nbsp;<\/span><strong>Resoluci\u00f3n 371\/2022<\/strong><span>, publicada este martes en el Bolet\u00edn Oficial, con la firma del ministro de Desarrollo Social, Juan Zabaleta, indica los nuevos montos que se percibir\u00e1n a partir del pr\u00f3ximo son:<\/span><\/p>\n<p><span>&#8211;&nbsp;<\/span><strong>$9.000<\/strong><span>&nbsp;para padres o madres con un hijo de 0 a 14 a\u00f1os inclusive; mujeres embarazadas (a partir del tercer mes) y familias con una persona con discapacidad a su cargo, sin l\u00edmite de edad.<\/span><\/p>\n<p><span>&#8211;&nbsp;<\/span><strong>$13.500<\/strong><span>&nbsp;para padres o madres con 2 hijos que cumplan con los criterios de focalizaci\u00f3n (A y\/o C) de la Categor\u00eda 1, y mujeres embarazadas (a partir del tercer mes) con un hijo que cumpla con un criterio de focalizaci\u00f3n (A o C) de la Categor\u00eda 1.<\/span><\/p>\n<p><span>&#8211;&nbsp;<\/span><strong>$18.000<\/strong><span>&nbsp;para padres o madres con 3 hijos\/as que cumplan con los criterios de focalizaci\u00f3n (A y\/o C) de la Categor\u00eda 1, y mujeres embarazadas (a partir del tercer mes) con al menos dos hijos\/as que cumplan con los criterios de focalizaci\u00f3n (A y\/o C) de la Categor\u00eda 1.<\/span><\/p>\n<p><span>El incremento corresponde al pago de abril, que demandar\u00e1 una inversi\u00f3n por parte del Estado de $27.000 millones, y se acreditar\u00e1 en las tarjetas del programa, seg\u00fan informaron fuentes oficiales.<\/span><\/p>\n<p class=\"\">\n<div class=\"ubm_banner\"><a href=\"https:\/\/www.cba.gov.ar\/10-mil-viviendas\/?csrt=8333084810548506306\" target=\"_blank\" rel=\"dofollow noopener noreferrer\"><img src=\"http:\/\/hoycordobaweb.com\/wp-content\/uploads\/2022\/04\/cuales-son-los-nuevos-montos-dispuestos-para-la-tarjeta-alimentar.gif\" alt=\"\"><\/a><\/div>\n<\/div>\n<\/div>\n<\/div>\n<\/div>\n<p>La entrada <a rel=\"nofollow\" href=\"https:\/\/ladecimaweb.com\/cuales-son-los-nuevos-montos-dispuestos-para-la-tarjeta-alimentar\/\">Cu\u00e1les son los nuevos montos dispuestos para la Tarjeta Alimentar<\/a> se public\u00f3 primero en <a rel=\"nofollow\" href=\"https:\/\/ladecimaweb.com\">LaDecima<\/a>.<\/p>\n","protected":false},"excerpt":{"rendered":"<p>(T\u00e9lam) El Gobierno nacional oficializ\u00f3 el aumento del 50 por ciento&nbsp;del monto correspondiente a la&nbsp;Tarjeta Alimentar, que perciben 2,4 millones titulares y alcanza a 4,1 millones de personas. El incremento&nbsp;corresponde al pago de abril&nbsp;y se cobrar\u00e1 en los primeros d\u00edas de mayo. La&nbsp;Resoluci\u00f3n 371\/2022, publicada este martes en el Bolet\u00edn Oficial, con la firma del [&hellip;]<\/p>\n","protected":false},"author":1,"featured_media":40240,"comment_status":"closed","ping_status":"closed","sticky":false,"template":"","format":"standard","meta":[],"categories":[19],"tags":[],"_links":{"self":[{"href":"http:\/\/hoycordobaweb.com\/index.php\/wp-json\/wp\/v2\/posts\/40239"}],"collection":[{"href":"http:\/\/hoycordobaweb.com\/index.php\/wp-json\/wp\/v2\/posts"}],"about":[{"href":"http:\/\/hoycordobaweb.com\/index.php\/wp-json\/wp\/v2\/types\/post"}],"author":[{"embeddable":true,"href":"http:\/\/hoycordobaweb.com\/index.php\/wp-json\/wp\/v2\/users\/1"}],"replies":[{"embeddable":true,"href":"http:\/\/hoycordobaweb.com\/index.php\/wp-json\/wp\/v2\/comments?post=40239"}],"version-history":[{"count":0,"href":"http:\/\/hoycordobaweb.com\/index.php\/wp-json\/wp\/v2\/posts\/40239\/revisions"}],"wp:featuredmedia":[{"embeddable":true,"href":"http:\/\/hoycordobaweb.com\/index.php\/wp-json\/wp\/v2\/media\/40240"}],"wp:attachment":[{"href":"http:\/\/hoycordobaweb.com\/index.php\/wp-json\/wp\/v2\/media?parent=40239"}],"wp:term":[{"taxonomy":"category","embeddable":true,"href":"http:\/\/hoycordobaweb.com\/index.php\/wp-json\/wp\/v2\/categories?post=40239"},{"taxonomy":"post_tag","embeddable":true,"href":"http:\/\/hoycordobaweb.com\/index.php\/wp-json\/wp\/v2\/tags?post=40239"}],"curies":[{"name":"wp","href":"https:\/\/api.w.org\/{rel}","templated":true}]}}