{"id":40189,"date":"2022-04-18T12:44:25","date_gmt":"2022-04-18T12:44:25","guid":{"rendered":"https:\/\/manoamanocba.com.ar\/?p=5093"},"modified":"2022-04-18T12:44:25","modified_gmt":"2022-04-18T12:44:25","slug":"comienza-la-colocacion-de-una-nueva-dosis-de-refuerzo-de-covid-19","status":"publish","type":"post","link":"http:\/\/hoycordobaweb.com\/index.php\/2022\/04\/18\/comienza-la-colocacion-de-una-nueva-dosis-de-refuerzo-de-covid-19\/","title":{"rendered":"Comienza la colocaci\u00f3n de una nueva dosis de refuerzo de Covid-19"},"content":{"rendered":"<div><img src=\"http:\/\/hoycordobaweb.com\/wp-content\/uploads\/2022\/04\/comienza-la-colocacion-de-una-nueva-dosis-de-refuerzo-de-covid-19.jpg\" class=\"ff-og-image-inserted\"><\/div>\n<p>El Ministerio de Salud de C\u00f3rdoba comenzar\u00e1 el martes 19 de abril con<strong>&nbsp;la aplicaci\u00f3n de la segunda dosis de refuerzo de la vacuna Covid-19 a integrantes de los equipos de salud, adultos a partir de los 50 a\u00f1os y personas de 12 a\u00f1os o m\u00e1s con inmunocompromiso.<\/strong><\/p>\n<p>Para esta inoculaci\u00f3n, solo ser\u00e1 necesario que hayan transcurrido&nbsp;<strong>cuatro meses desde la colocaci\u00f3n del primer refuerzo<\/strong>.<\/p>\n<p>Para el&nbsp;<strong>personal de salud<\/strong>,&nbsp;la aplicaci\u00f3n de las dosis se realizar\u00e1 en la misma instituci\u00f3n sanitarias donde se desempe\u00f1a. En este sentido, la cartera sanitaria coordinar\u00e1 con los subsectores p\u00fablico y privado la distribuci\u00f3n de las dosis seg\u00fan los padrones del equipo de salud.<\/p>\n<p>En el caso de&nbsp;<strong>profesionales de salud que no est\u00e9n nucleados en una instituci\u00f3n sanitaria, podr\u00e1n acercarse a cualquiera de los vacunatorios habilitados en la provincia,&nbsp;<\/strong>y deber\u00e1n presentar matr\u00edcula profesional o recibo de sueldo que acredite su condici\u00f3n.<\/p>\n<p>Por su parte,&nbsp;<strong>adultos de 50 a\u00f1os o m\u00e1s y personas de 12 a\u00f1os o m\u00e1s con inmunocompromiso,&nbsp;<\/strong>podr\u00e1n asistir a partir de este lunes 18 de abril, a los cerca de 800 vacunatorios del territorio provincial y la red de farmacias habilitadas.<\/p>\n<p>Esta nueva estrategia, que busca ampliar la protecci\u00f3n de toda la poblaci\u00f3n de manera escalonada y progresiva, fue consensuada en el marco de la \u00faltima reuni\u00f3n del Consejo Federal de Salud&nbsp;(COFESA), encabezada por la ministra de Salud de la Naci\u00f3n, Carla Vizzotti, con la participaci\u00f3n de sus pares de las 24 jurisdicciones del pa\u00eds. Adem\u00e1s, responde a las indicaciones establecidas por la Comisi\u00f3n Nacional de Inmunizaciones (CoNain), con el aval del Comit\u00e9 Provincial de Vacunas.<\/p>\n<p><strong>Uso del barbijo<\/strong><\/p>\n<p>Si bien se est\u00e1 avanzando en la estrategia de vacunaci\u00f3n masiva, el Ministerio de Salud recuerda que&nbsp;se deben seguir sosteniendo las medidas de prevenci\u00f3n como el uso adecuado del barbijo en espacios cerrados, que adem\u00e1s previene otras enfermedades respiratorias. Tambi\u00e9n se debe mantener la ventilaci\u00f3n adecuada y lavado frecuente de manos.<\/p>\n","protected":false},"excerpt":{"rendered":"<p>El Ministerio de Salud de C\u00f3rdoba comenzar\u00e1 el martes 19 de abril con&nbsp;la aplicaci\u00f3n de la segunda dosis de refuerzo de la vacuna Covid-19 a integrantes de los equipos de salud, adultos a partir de los 50 a\u00f1os y personas de 12 a\u00f1os o m\u00e1s con inmunocompromiso. Para esta inoculaci\u00f3n, solo ser\u00e1 necesario que hayan [&hellip;]<\/p>\n","protected":false},"author":1,"featured_media":40190,"comment_status":"closed","ping_status":"closed","sticky":false,"template":"","format":"standard","meta":[],"categories":[19],"tags":[],"_links":{"self":[{"href":"http:\/\/hoycordobaweb.com\/index.php\/wp-json\/wp\/v2\/posts\/40189"}],"collection":[{"href":"http:\/\/hoycordobaweb.com\/index.php\/wp-json\/wp\/v2\/posts"}],"about":[{"href":"http:\/\/hoycordobaweb.com\/index.php\/wp-json\/wp\/v2\/types\/post"}],"author":[{"embeddable":true,"href":"http:\/\/hoycordobaweb.com\/index.php\/wp-json\/wp\/v2\/users\/1"}],"replies":[{"embeddable":true,"href":"http:\/\/hoycordobaweb.com\/index.php\/wp-json\/wp\/v2\/comments?post=40189"}],"version-history":[{"count":0,"href":"http:\/\/hoycordobaweb.com\/index.php\/wp-json\/wp\/v2\/posts\/40189\/revisions"}],"wp:featuredmedia":[{"embeddable":true,"href":"http:\/\/hoycordobaweb.com\/index.php\/wp-json\/wp\/v2\/media\/40190"}],"wp:attachment":[{"href":"http:\/\/hoycordobaweb.com\/index.php\/wp-json\/wp\/v2\/media?parent=40189"}],"wp:term":[{"taxonomy":"category","embeddable":true,"href":"http:\/\/hoycordobaweb.com\/index.php\/wp-json\/wp\/v2\/categories?post=40189"},{"taxonomy":"post_tag","embeddable":true,"href":"http:\/\/hoycordobaweb.com\/index.php\/wp-json\/wp\/v2\/tags?post=40189"}],"curies":[{"name":"wp","href":"https:\/\/api.w.org\/{rel}","templated":true}]}}