{"id":40178,"date":"2022-04-18T15:15:00","date_gmt":"2022-04-18T15:15:00","guid":{"rendered":"https:\/\/fm-comunicar.com.ar\/contenido\/19139\/ultimos-dias-de-la-convocatoria-2022-para-aspirantes-a-bombero-voluntario"},"modified":"2022-04-18T15:15:00","modified_gmt":"2022-04-18T15:15:00","slug":"ultimos-dias-de-convocatoria-2022-para-aspirantes-a-bombero-voluntario","status":"publish","type":"post","link":"http:\/\/hoycordobaweb.com\/index.php\/2022\/04\/18\/ultimos-dias-de-convocatoria-2022-para-aspirantes-a-bombero-voluntario\/","title":{"rendered":"\u00daltimos d\u00edas de convocatoria 2022 para aspirantes a Bombero Voluntario"},"content":{"rendered":"<p>El cuartel de Jes\u00fas Mar\u00eda toma a personas de entre 17 a 38 a\u00f1os con domicilio en la zona. Hay tiempo hasta el 30 de abril para completar el formulario digital de inscripci\u00f3n.<img src=\"http:\/\/hoycordobaweb.com\/wp-content\/uploads\/2022\/04\/ultimos-dias-de-convocatoria-2022-para-aspirantes-a-bombero-voluntario.jpg\"><\/p>\n","protected":false},"excerpt":{"rendered":"<p>El cuartel de Jes\u00fas Mar\u00eda toma a personas de entre 17 a 38 a\u00f1os con domicilio en la zona. Hay tiempo hasta el 30 de abril para completar el formulario digital de inscripci\u00f3n.<\/p>\n","protected":false},"author":1,"featured_media":40179,"comment_status":"closed","ping_status":"closed","sticky":false,"template":"","format":"standard","meta":[],"categories":[18],"tags":[],"_links":{"self":[{"href":"http:\/\/hoycordobaweb.com\/index.php\/wp-json\/wp\/v2\/posts\/40178"}],"collection":[{"href":"http:\/\/hoycordobaweb.com\/index.php\/wp-json\/wp\/v2\/posts"}],"about":[{"href":"http:\/\/hoycordobaweb.com\/index.php\/wp-json\/wp\/v2\/types\/post"}],"author":[{"embeddable":true,"href":"http:\/\/hoycordobaweb.com\/index.php\/wp-json\/wp\/v2\/users\/1"}],"replies":[{"embeddable":true,"href":"http:\/\/hoycordobaweb.com\/index.php\/wp-json\/wp\/v2\/comments?post=40178"}],"version-history":[{"count":0,"href":"http:\/\/hoycordobaweb.com\/index.php\/wp-json\/wp\/v2\/posts\/40178\/revisions"}],"wp:featuredmedia":[{"embeddable":true,"href":"http:\/\/hoycordobaweb.com\/index.php\/wp-json\/wp\/v2\/media\/40179"}],"wp:attachment":[{"href":"http:\/\/hoycordobaweb.com\/index.php\/wp-json\/wp\/v2\/media?parent=40178"}],"wp:term":[{"taxonomy":"category","embeddable":true,"href":"http:\/\/hoycordobaweb.com\/index.php\/wp-json\/wp\/v2\/categories?post=40178"},{"taxonomy":"post_tag","embeddable":true,"href":"http:\/\/hoycordobaweb.com\/index.php\/wp-json\/wp\/v2\/tags?post=40178"}],"curies":[{"name":"wp","href":"https:\/\/api.w.org\/{rel}","templated":true}]}}