{"id":40154,"date":"2022-04-17T20:41:00","date_gmt":"2022-04-17T20:41:00","guid":{"rendered":"https:\/\/www.ole.com.ar\/futbol-internacional\/calleri-san-pablo-flamengo-maracana_0_sGqHW7JcaR.html"},"modified":"2022-04-17T20:41:00","modified_gmt":"2022-04-17T20:41:00","slug":"calleri-marco-ante-flamengo-pero-el-san-pablo-perdio","status":"publish","type":"post","link":"http:\/\/hoycordobaweb.com\/index.php\/2022\/04\/17\/calleri-marco-ante-flamengo-pero-el-san-pablo-perdio\/","title":{"rendered":"Calleri marc\u00f3 ante Flamengo, pero el San Pablo perdi\u00f3"},"content":{"rendered":"<p><img src=\"http:\/\/hoycordobaweb.com\/wp-content\/uploads\/2022\/04\/calleri-marco-ante-flamengo-pero-el-san-pablo-perdio.jpg\"><\/p>\n<p><strong><a alt=\"jonathan-calleri\" class=\"slug\" href=\"https:\/\/www.ole.com.ar\/tema\/jonathan-calleri.html\" target=\"_blank\" title=\"jonathan-calleri\" rel=\"noopener noreferrer\">Jonathan Calleri <\/a>volvi\u00f3 a exponer su faceta goleadora para el San Pablo:<\/strong> de cabeza, en la primera chance que tuvo para marcar,<strong> meti\u00f3 el 1 a 1 ante Flamengo<\/strong> en el Maracan\u00e1, a los 40 minutos del primer tiempo, por el <a alt=\"brasileirao\" class=\"slug\" href=\"https:\/\/www.ole.com.ar\/tema\/brasileirao.html\" target=\"_blank\" title=\"brasileirao\" rel=\"noopener noreferrer\">Brasileirao<\/a>. Hasta entonces, el Fla ganaba por el tanto de Gabigol. Pero la jornada termin\u00f3 mal para el equipo del delantero argentino porque el local venci\u00f3 con los tantos de Isla y De Arrascaeta en la etapa final.<\/p>\n<p>La victoria del Fla fue justa porque la presi\u00f3n y la intensidad que meti\u00f3 el Flamengo fue superadora a la resistencia del San Pablo. Incluso, el arquero Jandrei fue figura del equipo visitante incluso en la derrota, ya que tap\u00f3 tres pelotas muy dif\u00edciles.<\/p>\n<p>De todas maneras, para Johny el balance es positivo, porque e<a target=\"_blank\" href=\"https:\/\/www.ole.com.ar\/futbol-internacional\/calleri-san-pablo-paranaense_0_oZ6KNrZ3yj.html\" rel=\"noopener noreferrer\">n la primera fecha hab\u00eda marcado un triplete, ante Athletico Paranaense<\/a>. Ya lleva 12 tantos en el a\u00f1o, los mismos que Gabigol: ambos son los m\u00e1ximos artilleros del 2022 en Brasil.&nbsp;<\/p>\n<h2><strong>Mir\u00e1 el video<\/strong><\/h2>\n<div class=\"sp__Normal\">\n<div class=\"image-embeb image-trigger\" readability=\"6\">\n<picture><source media=\"(min-width: 720px)\" srcset=\"http:\/\/hoycordobaweb.com\/wp-content\/uploads\/2022\/04\/calleri-marco-ante-flamengo-pero-el-san-pablo-perdio-2.jpg\"><img itemprop=\"image\" src=\"http:\/\/hoycordobaweb.com\/wp-content\/uploads\/2022\/04\/calleri-marco-ante-flamengo-pero-el-san-pablo-perdio-2.jpg\" loading=\"lazy\" alt=\"Calleri se lamenta ante Flamengo.\">\n<\/picture><figcaption readability=\"2\">\n<p>Calleri se lamenta ante Flamengo.\n<\/p>\n<\/figcaption><\/div>\n<\/div>\n<div class=\"sp__Normal\">\n<div class=\"image-embeb image-trigger\" readability=\"6\">\n<picture><source media=\"(min-width: 720px)\" srcset=\"http:\/\/hoycordobaweb.com\/wp-content\/uploads\/2022\/04\/calleri-marco-ante-flamengo-pero-el-san-pablo-perdio-3.jpg\"><img itemprop=\"image\" src=\"http:\/\/hoycordobaweb.com\/wp-content\/uploads\/2022\/04\/calleri-marco-ante-flamengo-pero-el-san-pablo-perdio-3.jpg\" loading=\"lazy\" alt=\"El festejo del gol de Isla.\">\n<\/picture><figcaption readability=\"2\">\n<p>El festejo del gol de Isla.\n<\/p>\n<\/figcaption><\/div>\n<\/div>\n<p><opta-widget sport=\"football\" widget=\"timeline\" competition=\"363\" season=\"2022\" match=\"2276339\" template=\"normal\" live=\"true\" orientation=\"horizontal\" vertical_timebar_height=\"260\" show_match_header=\"true\" show_score=\"true\" show_crests=\"true\" show_assists=\"all\" show_team_formation=\"true\" show_clock=\"true\" show_period_dividers=\"true\" show_halftime_score=\"false\" show_date=\"true\" date_format=\"dddd D MMMM YYYY\" show_attendance=\"true\" show_images=\"true\" show_referee=\"true\" show_venue=\"true\" show_cards=\"all\" show_goals=\"true\" show_penalties_missed=\"true\" show_subs=\"false\" show_goals_combined=\"false\" show_shootouts=\"false\" show_competition_name=\"true\" competition_naming=\"full\" team_naming=\"full\" player_naming=\"full\" show_live=\"true\" show_logo=\"false\" show_title=\"true\" breakpoints=\"400, 700\"><\/opta-widget><opta-widget sport=\"football\" widget=\"matchstats\" competition=\"363\" season=\"2022\" match=\"2276339\" template=\"lineups\" live=\"true\" side=\"both\" column_count=\"1\" side_by_side=\"true\" show_match_header=\"true\" show_score=\"true\" show_halftime_score=\"false\" show_crests=\"false\" show_team_formation=\"true\" show_competition_name=\"true\" show_date=\"false\" date_format=\"dddd D MMMM YYYY\" order_by=\"position\" group_by_position=\"false\" show_position=\"true\" show_images=\"false\" show_key=\"false\" show_starters=\"true\" show_goalkeepers=\"true\" show_defenders=\"true\" show_midfielders=\"true\" show_forwards=\"true\" show_subs=\"true\" show_unused_subs=\"false\" show_managers=\"true\" show_captain=\"false\" show_match_events=\"true\" competition_naming=\"full\" team_naming=\"full\" player_naming=\"full\" show_live=\"false\" show_logo=\"false\" show_title=\"true\" breakpoints=\"400, 700\"><\/opta-widget><opta-widget widget=\"commentary\" competition=\"363\" season=\"2022\" match=\"2276339\" template=\"normal\" live=\"true\" data_type=\"auto\" order_by=\"time_descending\" show_event_icons=\"true\" show_minor_events=\"true\" fixed_height_comments=\"300\" show_live=\"true\" show_logo=\"false\" show_title=\"true\" breakpoints=\"400\" sport=\"football\"><\/opta-widget><opta-widget sport=\"football\" widget=\"heatmap\" competition=\"363\" season=\"2022\" match=\"2276339\" preselected_player template=\"normal\" live=\"true\" show_maps=\"all\" orientation=\"horizontal\" side=\"both\" dimension=\"2D\" one_direction=\"false\" show_match_header=\"true\" show_score=\"true\" show_halftime_score=\"false\" show_crests=\"false\" show_team_formation=\"true\" show_competition_name=\"true\" show_date=\"true\" date_format=\"dddd D MMMM YYYY\" show_team_sheets=\"true\" show_subs=\"true\" show_position=\"true\" show_timecontrols=\"true\" show_timecontrols_buttons=\"true\" show_timecontrols_bar=\"true\" show_tooltips=\"false\" competition_naming=\"full\" team_naming=\"full\" player_naming=\"full\" show_logo=\"false\" show_title=\"true\" breakpoints=\"400, 700\"><\/opta-widget><opta-widget widget=\"standings\" competition=\"363\" season=\"2022\" template=\"normal\" live=\"true\" default_nav=\"1\" side=\"combined\" data_detail=\"default\" show_key=\"true\" show_crests=\"true\" points_in_first_column=\"true\" lose_before_draw=\"false\" competition_naming=\"full\" team_naming=\"full\" date_format=\"dddd D MMMM YYYY\" sorting=\"false\" show_live=\"false\" show_relegation_average=\"true\" show_logo=\"true\" show_title=\"true\" breakpoints=\"382\" sport=\"football\"><\/opta-widget> <\/p>\n<div class=\"entry-tags\">\n<h2>TEMAS QUE APARECEN EN ESTA NOTA<\/h2>\n<\/p><\/div>\n","protected":false},"excerpt":{"rendered":"<p>Jonathan Calleri volvi\u00f3 a exponer su faceta goleadora para el San Pablo: de cabeza, en la primera chance que tuvo para marcar, meti\u00f3 el 1 a 1 ante Flamengo en el Maracan\u00e1, a los 40 minutos del primer tiempo, por el Brasileirao. Hasta entonces, el Fla ganaba por el tanto de Gabigol. Pero la jornada [&hellip;]<\/p>\n","protected":false},"author":1,"featured_media":40155,"comment_status":"open","ping_status":"closed","sticky":false,"template":"","format":"standard","meta":[],"categories":[16],"tags":[],"_links":{"self":[{"href":"http:\/\/hoycordobaweb.com\/index.php\/wp-json\/wp\/v2\/posts\/40154"}],"collection":[{"href":"http:\/\/hoycordobaweb.com\/index.php\/wp-json\/wp\/v2\/posts"}],"about":[{"href":"http:\/\/hoycordobaweb.com\/index.php\/wp-json\/wp\/v2\/types\/post"}],"author":[{"embeddable":true,"href":"http:\/\/hoycordobaweb.com\/index.php\/wp-json\/wp\/v2\/users\/1"}],"replies":[{"embeddable":true,"href":"http:\/\/hoycordobaweb.com\/index.php\/wp-json\/wp\/v2\/comments?post=40154"}],"version-history":[{"count":0,"href":"http:\/\/hoycordobaweb.com\/index.php\/wp-json\/wp\/v2\/posts\/40154\/revisions"}],"wp:featuredmedia":[{"embeddable":true,"href":"http:\/\/hoycordobaweb.com\/index.php\/wp-json\/wp\/v2\/media\/40155"}],"wp:attachment":[{"href":"http:\/\/hoycordobaweb.com\/index.php\/wp-json\/wp\/v2\/media?parent=40154"}],"wp:term":[{"taxonomy":"category","embeddable":true,"href":"http:\/\/hoycordobaweb.com\/index.php\/wp-json\/wp\/v2\/categories?post=40154"},{"taxonomy":"post_tag","embeddable":true,"href":"http:\/\/hoycordobaweb.com\/index.php\/wp-json\/wp\/v2\/tags?post=40154"}],"curies":[{"name":"wp","href":"https:\/\/api.w.org\/{rel}","templated":true}]}}