{"id":40144,"date":"2022-04-18T03:19:23","date_gmt":"2022-04-18T03:19:23","guid":{"rendered":"https:\/\/www.ole.com.ar\/river-plate\/gallardo-river-banfield-var-copa-liga_0_EhBxlVuZpS.html"},"modified":"2022-04-18T03:19:23","modified_gmt":"2022-04-18T03:19:23","slug":"que-dijo-gallardo-de-la-jugada-del-penal","status":"publish","type":"post","link":"http:\/\/hoycordobaweb.com\/index.php\/2022\/04\/18\/que-dijo-gallardo-de-la-jugada-del-penal\/","title":{"rendered":"\u00bfQu\u00e9 dijo Gallardo de la jugada del penal?"},"content":{"rendered":"<p><img src=\"http:\/\/hoycordobaweb.com\/wp-content\/uploads\/2022\/04\/que-dijo-gallardo-de-la-jugada-del-penal.jpg\"><\/p>\n<p><strong><a alt=\"marcelo-gallardo\" class=\"slug\" href=\"https:\/\/www.ole.com.ar\/tema\/marcelo-gallardo.html\" target=\"_blank\" title=\"marcelo-gallardo\" rel=\"noopener noreferrer\">Marcelo Gallardo<\/a><\/strong> no s\u00f3lo hizo un an\u00e1lisis puntual de la victoria de <strong>River <\/strong>frente a <strong>Banfield<\/strong>, una que le permiti\u00f3 tener \u00abun poquito m\u00e1s de margen para encarar los partidos que vienen\u00bb. Al mismo tiempo <strong>el entrenador de River se refiri\u00f3 a la jugada del penal que le sancionaron por mano a Franco Quinteros<\/strong> y que<a alt=\"enzo-fernandez\" class=\"slug\" href=\"https:\/\/www.ole.com.ar\/tema\/enzo-fernandez.html\" target=\"_blank\" title=\"enzo-fernandez\" rel=\"noopener noreferrer\"> Enzo Fern\u00e1ndez<\/a> transform\u00f3 en gol.<\/p>\n<p><strong>\u00abA veces no sabemos c\u00f3mo imaginar c\u00f3mo puede darse el desenlace de una jugada. Lo que s\u00ed es en mi opini\u00f3n s\u00ed ha cambiado con esta nueva reglamentaci\u00f3n que a veces parece que todas las manos son penal, sobre todo si hay extensi\u00f3n del brazo\u00bb<\/strong>, arranc\u00f3 su an\u00e1lisis <strong>Gallardo <\/strong>al hacer una comparaci\u00f3n con la antigua reglamentaci\u00f3n que evaluaba la \u00abintenci\u00f3n\u00bb ante una jugada de mano.<\/p>\n<p>Al mismo tiempo, <strong>Gallardo <\/strong>insisti\u00f3 en que \u00abexisten situaciones en las que la pelota pega en el brazo y no hay intenci\u00f3n. No hay criterio para juzgar la intencionalidad. Siempre va a generar pol\u00e9mica si es cobrable o no\u00bb. <strong>Recordando adem\u00e1s que en el Florencio Sola \u00abhace dos a\u00f1os ac\u00e1 le cobraron <a data-cke-saved-href=\"https:\/\/www.ole.com.ar\/futbol-primera\/luciano-lollo-penal-banfield-river_0_S2Q2PI0fo.html\" target=\"_blank\" href=\"https:\/\/www.ole.com.ar\/futbol-primera\/luciano-lollo-penal-banfield-river_0_S2Q2PI0fo.html\" rel=\"noopener noreferrer\">un penal a Ponzio<\/a> tambi\u00e9n por una mano\u00bb.<\/strong><\/p>\n<p>En ese sentido, el entrenador de <strong>River<\/strong> agreg\u00f3 que \u00abno todas las manos son penal. El reglamento tambi\u00e9n es medio confuso\u00bb. Y recalc\u00f3, en consonancia con su reflexi\u00f3n previa, que <strong>\u00absi no hay un criterio unificado va a ser muy dif\u00edcil porque siempre van a generar esta clase de pol\u00e9micas. Ah\u00ed es donde se generan las pol\u00e9micas\u00bb.<\/strong><\/p>\n<h2>La mano que record\u00f3 Gallardo en otro Banfield-River<\/h2>\n<div class=\"sp__Normal\">\n<div class=\"image-embeb image-trigger\" readability=\"6\">\n<picture><source media=\"(min-width: 720px)\" srcset=\"http:\/\/hoycordobaweb.com\/wp-content\/uploads\/2022\/04\/que-dijo-gallardo-de-la-jugada-del-penal-2.jpg\"><img itemprop=\"image\" src=\"http:\/\/hoycordobaweb.com\/wp-content\/uploads\/2022\/04\/que-dijo-gallardo-de-la-jugada-del-penal-2.jpg\" loading=\"lazy\" alt=\"El remate de Lollo que se iba desviado (Nicol\u00e1s Aboaf\/Pool Argra).\">\n<\/picture><figcaption readability=\"2\">\n<p>El remate de Lollo que se iba desviado (Nicol\u00e1s Aboaf\/Pool Argra).\n<\/p>\n<\/figcaption><\/div>\n<\/div>\n<p>El 20 de noviembre de 2020, en un encuentro celebrado en el Florencio Sola que River acabar\u00eda ganando 2-0, <strong>Leonardo Ponzio<\/strong> cometi\u00f3 una infracci\u00f3n sancionada con penal por haber jugado la pelota con la mano seg\u00fan el criterio de Fernando Rapallini.<\/p>\n<p>A los 15&#8242; del primer tiempo, tras un centro pasado al \u00e1rea de River, <strong>Ponzio hab\u00eda cometido penal cuando -a pesar de que la pelota se iba por la \u00faltima l\u00ednea y no ten\u00eda rivales atr\u00e1s- el capit\u00e1n intent\u00f3 cabecear y el bal\u00f3n le termin\u00f3 pegando en su brazo izquierdo<\/strong>. S\u00ed, una acci\u00f3n muy parecida a la de Quinteros.<\/p>\n<p><strong>La definici\u00f3n estuvo a cargo de Luciano Lollo, ex River, cuyo remate se fue muy desviado<\/strong> privando al equipo que por entonces dirig\u00eda Javier Sanguinetti de ponerse en ventaja en condici\u00f3n de local por la entonces Copa de la Liga Profesional que pasar\u00eda a llamarse Diego Maradona.<\/p>\n<div class=\"sp__SM\">\n<div class=\"content-new \">\n<span class=\"tit-mobile\">Mir\u00e1 tambi\u00e9n<\/span><\/p>\n<div class=\"mg\">\n<div class=\"wrap-figure\">\n<picture>\n<a href=\"https:\/\/www.ole.com.ar\/river-plate\/juanfer-quintero-river-banfield_0_mmuAzLh32y.html\" target=\"_self\" rel=\"noopener noreferrer\"><br \/>\n<img class=\"img-responsive\" alt=\"Juanfer Quintero: &quot;Su\u00e1rez me ayuda a marcar la diferencia&quot;\" src=\"http:\/\/hoycordobaweb.com\/wp-content\/uploads\/2022\/04\/que-dijo-gallardo-de-la-jugada-del-penal-3.jpg\" loading=\"lazy\"><br \/>\n<\/a>\n<\/picture>\n<\/div>\n<\/div><\/div>\n<\/div>\n<div class=\"sp__SM\">\n<div class=\"content-new \">\n<span class=\"tit-mobile\">Mir\u00e1 tambi\u00e9n<\/span><\/p>\n<div class=\"mg\">\n<div class=\"wrap-figure\">\n<picture>\n<a href=\"https:\/\/www.ole.com.ar\/opinion\/banfield-1-river-2_0_rCgNlw4JXW.html\" target=\"_self\" rel=\"noopener noreferrer\"><br \/>\n<img class=\"img-responsive\" alt=\"El Pato Armani\" src=\"http:\/\/hoycordobaweb.com\/wp-content\/uploads\/2022\/04\/que-dijo-gallardo-de-la-jugada-del-penal-4.jpg\" loading=\"lazy\"><br \/>\n<\/a>\n<\/picture>\n<\/div>\n<\/div><\/div>\n<\/div>\n<div class=\"sp__SM\">\n<div class=\"content-new \">\n<span class=\"tit-mobile\">Mir\u00e1 tambi\u00e9n<\/span><\/p>\n<div class=\"mg\">\n<div class=\"wrap-figure\">\n<picture>\n<a href=\"https:\/\/www.ole.com.ar\/futbol-primera\/polemicas-river-boca-banfield-lanus_0_dyYbQBhW42.html\" target=\"_self\" rel=\"noopener noreferrer\"><br \/>\n<img class=\"img-responsive\" alt=\"An\u00e1lisis y pol\u00e9mica por el no penal a Boca y el penal a River\" src=\"http:\/\/hoycordobaweb.com\/wp-content\/uploads\/2022\/04\/que-dijo-gallardo-de-la-jugada-del-penal-5.jpg\" loading=\"lazy\"><br \/>\n<\/a>\n<\/picture>\n<\/div>\n<\/div><\/div>\n<\/div>\n<div class=\"entry-tags\">\n<h2>TEMAS QUE APARECEN EN ESTA NOTA<\/h2>\n<\/p><\/div>\n","protected":false},"excerpt":{"rendered":"<p>Marcelo Gallardo no s\u00f3lo hizo un an\u00e1lisis puntual de la victoria de River frente a Banfield, una que le permiti\u00f3 tener \u00abun poquito m\u00e1s de margen para encarar los partidos que vienen\u00bb. Al mismo tiempo el entrenador de River se refiri\u00f3 a la jugada del penal que le sancionaron por mano a Franco Quinteros y [&hellip;]<\/p>\n","protected":false},"author":1,"featured_media":40145,"comment_status":"open","ping_status":"closed","sticky":false,"template":"","format":"standard","meta":[],"categories":[16],"tags":[],"_links":{"self":[{"href":"http:\/\/hoycordobaweb.com\/index.php\/wp-json\/wp\/v2\/posts\/40144"}],"collection":[{"href":"http:\/\/hoycordobaweb.com\/index.php\/wp-json\/wp\/v2\/posts"}],"about":[{"href":"http:\/\/hoycordobaweb.com\/index.php\/wp-json\/wp\/v2\/types\/post"}],"author":[{"embeddable":true,"href":"http:\/\/hoycordobaweb.com\/index.php\/wp-json\/wp\/v2\/users\/1"}],"replies":[{"embeddable":true,"href":"http:\/\/hoycordobaweb.com\/index.php\/wp-json\/wp\/v2\/comments?post=40144"}],"version-history":[{"count":0,"href":"http:\/\/hoycordobaweb.com\/index.php\/wp-json\/wp\/v2\/posts\/40144\/revisions"}],"wp:featuredmedia":[{"embeddable":true,"href":"http:\/\/hoycordobaweb.com\/index.php\/wp-json\/wp\/v2\/media\/40145"}],"wp:attachment":[{"href":"http:\/\/hoycordobaweb.com\/index.php\/wp-json\/wp\/v2\/media?parent=40144"}],"wp:term":[{"taxonomy":"category","embeddable":true,"href":"http:\/\/hoycordobaweb.com\/index.php\/wp-json\/wp\/v2\/categories?post=40144"},{"taxonomy":"post_tag","embeddable":true,"href":"http:\/\/hoycordobaweb.com\/index.php\/wp-json\/wp\/v2\/tags?post=40144"}],"curies":[{"name":"wp","href":"https:\/\/api.w.org\/{rel}","templated":true}]}}