{"id":40066,"date":"2022-04-15T22:46:32","date_gmt":"2022-04-15T22:46:32","guid":{"rendered":"https:\/\/www.ole.com.ar\/futbol-internacional\/galindez-temblor-chile-nota_0_9qA1rp4TdG.html"},"modified":"2022-04-15T22:46:32","modified_gmt":"2022-04-15T22:46:32","slug":"video-galindez-sintio-el-temblor-en-plena-nota","status":"publish","type":"post","link":"http:\/\/hoycordobaweb.com\/index.php\/2022\/04\/15\/video-galindez-sintio-el-temblor-en-plena-nota\/","title":{"rendered":"Video: Gal\u00edndez sinti\u00f3 el temblor en plena nota"},"content":{"rendered":"<p><img src=\"http:\/\/hoycordobaweb.com\/wp-content\/uploads\/2022\/04\/video-galindez-sintio-el-temblor-en-plena-nota.jpg\"><\/p>\n<p><a alt=\"hernan-galindez\" class=\"slug\" href=\"https:\/\/www.ole.com.ar\/tema\/hernan-galindez.html\" target=\"_blank\" title=\"hernan-galindez\" rel=\"noopener noreferrer\">Hern\u00e1n Gal\u00edndez <\/a>es un arquero argentino, surgido de Rosario Central, que est\u00e1 nacionalizado ecuatoriano y ya debut\u00f3 para la selecci\u00f3n que dirige Gustavo Alfaro. Actualmente juega en la Universidad de Chile y este jueves vivi\u00f3 una experiencia bastante particular mientras daba una entrevista por video al sitio Bolavip de la capital trasandina.<\/p>\n<p>De repente, mientras el periodista le preguntaba, empez\u00f3 a mirar para los costados y hacia arriba. <strong>Y reaccion\u00f3 as\u00ed: \u00abPerd\u00f3n, no te escuch\u00e9 porque est\u00e1 temblando. Sent\u00ed reci\u00e9n un temblor y no te escuch\u00e9 porque mi mujer fue agarrar a mi hija\u00bb.<\/strong> <\/p>\n<p>\u00bfQu\u00e9 ocurri\u00f3?&nbsp;Hubo un sismo de 4.9 de magnitud con epicentro a 25 kil\u00f3metros al Norte de Valpara\u00edso, ciudad cercana a Santiago. De todas maneras, despu\u00e9s aclar\u00f3 que no se preocup\u00f3 porque con la familia vive en una casa, no en un departamento.<\/p>\n<div class=\"sp__SM\">\n<div class=\"content-new \">\n<span class=\"tit-mobile\">Mir\u00e1 tambi\u00e9n<\/span><\/p>\n<div class=\"mg\">\n<div class=\"wrap-figure\">\n<picture>\n<a href=\"https:\/\/www.ole.com.ar\/fuera-de-juego\/preparador-fisico-modric-cerveza_0_gdTkqtIqtD.html\" target=\"_self\" rel=\"noopener noreferrer\"><br \/>\n<img class=\"img-responsive\" alt=\"El an\u00e1lisis del entrenador personal de Modric: &quot;Tomar una cerveza no est\u00e1 mal&quot;\" src=\"http:\/\/hoycordobaweb.com\/wp-content\/uploads\/2022\/04\/video-galindez-sintio-el-temblor-en-plena-nota-2.jpg\" loading=\"lazy\"><br \/>\n<\/a>\n<\/picture>\n<\/div>\n<\/div><\/div>\n<\/div>\n<h2><strong>Mir\u00e1 el video<\/strong><\/h2>\n<p>Gal\u00edndez le hab\u00eda contado su historia a Ol\u00e9 <a data-cke-saved-href=\"https:\/\/www.ole.com.ar\/futbol-internacional\/galindez-messi-bicicleta-rosario_0_H0F2vlOzy.html?fromRef=twitter\" target=\"_blank\" href=\"https:\/\/www.ole.com.ar\/futbol-internacional\/galindez-messi-bicicleta-rosario_0_H0F2vlOzy.html?fromRef=twitter\" rel=\"noopener noreferrer\">en una entrevista durante 2021<\/a>. \u00abEcuador es el pa\u00eds que yo elijo para vivir y para vivir despu\u00e9s de que me retire. No planeo volver a vivir a Argentina\u00bb, cont\u00f3.<\/p>\n<div class=\"sp__SM\">\n<div class=\"content-new \">\n<span class=\"tit-mobile\">Mir\u00e1 tambi\u00e9n<\/span><\/p>\n<div class=\"mg\">\n<div class=\"wrap-figure\">\n<picture>\n<a href=\"https:\/\/www.ole.com.ar\/messi\/messi-cabeza-psg-companeros_0_FGv8TQWCXo.html\" target=\"_self\" rel=\"noopener noreferrer\"><br \/>\n<img class=\"img-responsive\" alt=\"Messi y sus compas est\u00e1n de la cabeza\" src=\"http:\/\/hoycordobaweb.com\/wp-content\/uploads\/2022\/04\/video-galindez-sintio-el-temblor-en-plena-nota-3.jpg\" loading=\"lazy\"><br \/>\n<\/a>\n<\/picture>\n<\/div>\n<\/div><\/div>\n<\/div>\n<div class=\"sp__SM\">\n<div class=\"content-new \">\n<span class=\"tit-mobile\">Mir\u00e1 tambi\u00e9n<\/span><\/p>\n<div class=\"mg\">\n<div class=\"wrap-figure\">\n<picture>\n<a href=\"https:\/\/www.ole.com.ar\/mundial\/mundial-qatar-202\/unidos-qatar_0_99Lbcy0UN9.html\" target=\"_self\" rel=\"noopener noreferrer\"><br \/>\n<img class=\"img-responsive\" alt=\"Estados Unidos, por el salto grande en Qatar\" src=\"http:\/\/hoycordobaweb.com\/wp-content\/uploads\/2022\/04\/video-galindez-sintio-el-temblor-en-plena-nota-4.jpg\" loading=\"lazy\"><br \/>\n<\/a>\n<\/picture>\n<\/div>\n<\/div><\/div>\n<\/div>\n<div class=\"sp__Normal\">\n<div class=\"image-embeb image-trigger\" readability=\"6\">\n<picture><source media=\"(min-width: 720px)\" srcset=\"http:\/\/hoycordobaweb.com\/wp-content\/uploads\/2022\/04\/video-galindez-sintio-el-temblor-en-plena-nota-5.jpg\"><img itemprop=\"image\" src=\"http:\/\/hoycordobaweb.com\/wp-content\/uploads\/2022\/04\/video-galindez-sintio-el-temblor-en-plena-nota-5.jpg\" loading=\"lazy\" alt=\"Hern\u00e1n Gal\u00edndez en Ecuador ante Per\u00fa por las Eliminatorias.\">\n<\/picture><figcaption readability=\"2\">\n<p>Hern\u00e1n Gal\u00edndez en Ecuador ante Per\u00fa por las Eliminatorias.\n<\/p>\n<\/figcaption><\/div>\n<\/div>\n<div class=\"entry-tags\">\n<h2>TEMAS QUE APARECEN EN ESTA NOTA<\/h2>\n<\/p><\/div>\n","protected":false},"excerpt":{"rendered":"<p>Hern\u00e1n Gal\u00edndez es un arquero argentino, surgido de Rosario Central, que est\u00e1 nacionalizado ecuatoriano y ya debut\u00f3 para la selecci\u00f3n que dirige Gustavo Alfaro. Actualmente juega en la Universidad de Chile y este jueves vivi\u00f3 una experiencia bastante particular mientras daba una entrevista por video al sitio Bolavip de la capital trasandina. De repente, mientras [&hellip;]<\/p>\n","protected":false},"author":1,"featured_media":40067,"comment_status":"open","ping_status":"closed","sticky":false,"template":"","format":"standard","meta":[],"categories":[16],"tags":[],"_links":{"self":[{"href":"http:\/\/hoycordobaweb.com\/index.php\/wp-json\/wp\/v2\/posts\/40066"}],"collection":[{"href":"http:\/\/hoycordobaweb.com\/index.php\/wp-json\/wp\/v2\/posts"}],"about":[{"href":"http:\/\/hoycordobaweb.com\/index.php\/wp-json\/wp\/v2\/types\/post"}],"author":[{"embeddable":true,"href":"http:\/\/hoycordobaweb.com\/index.php\/wp-json\/wp\/v2\/users\/1"}],"replies":[{"embeddable":true,"href":"http:\/\/hoycordobaweb.com\/index.php\/wp-json\/wp\/v2\/comments?post=40066"}],"version-history":[{"count":0,"href":"http:\/\/hoycordobaweb.com\/index.php\/wp-json\/wp\/v2\/posts\/40066\/revisions"}],"wp:featuredmedia":[{"embeddable":true,"href":"http:\/\/hoycordobaweb.com\/index.php\/wp-json\/wp\/v2\/media\/40067"}],"wp:attachment":[{"href":"http:\/\/hoycordobaweb.com\/index.php\/wp-json\/wp\/v2\/media?parent=40066"}],"wp:term":[{"taxonomy":"category","embeddable":true,"href":"http:\/\/hoycordobaweb.com\/index.php\/wp-json\/wp\/v2\/categories?post=40066"},{"taxonomy":"post_tag","embeddable":true,"href":"http:\/\/hoycordobaweb.com\/index.php\/wp-json\/wp\/v2\/tags?post=40066"}],"curies":[{"name":"wp","href":"https:\/\/api.w.org\/{rel}","templated":true}]}}