{"id":4004,"date":"2020-10-26T20:22:49","date_gmt":"2020-10-26T20:22:49","guid":{"rendered":"https:\/\/www.perfil.com\/noticias\/politica\/los-otros-mensajes-de-cristina-ultimatum-sobre-el-gabinete-y-el-doble-comando.phtml"},"modified":"2020-10-26T20:22:49","modified_gmt":"2020-10-26T20:22:49","slug":"los-otros-mensajes-de-cristina-ultimatum-sobre-el-gabinete-y-el-doble-comando","status":"publish","type":"post","link":"http:\/\/hoycordobaweb.com\/index.php\/2020\/10\/26\/los-otros-mensajes-de-cristina-ultimatum-sobre-el-gabinete-y-el-doble-comando\/","title":{"rendered":"Los otros mensajes de Cristina: ultim\u00e1tum sobre el gabinete y el doble comando"},"content":{"rendered":"<p><img src=\"http:\/\/hoycordobaweb.com\/wp-content\/uploads\/2020\/10\/los-otros-mensajes-de-cristina-ultimatum-sobre-el-gabinete-y-el-doble-comando.jpg\"><\/p>\n<div><img src=\"http:\/\/hoycordobaweb.com\/wp-content\/uploads\/2020\/10\/los-otros-mensajes-de-cristina-ultimatum-sobre-el-gabinete-y-el-doble-comando-2.jpg\" class=\"ff-og-image-inserted\"><\/div>\n<aside class=\"relatedPost\">\n<h3>M\u00e1s noticias de politica<\/h3>\n<\/aside>\n<p><strong><a target=\"_blank\" href=\"https:\/\/www.perfil.com\/noticias\/politica\/cristina-kirchner-hablo-sobre-el-dolar-no-es-un-problema-ideologico-no-es-de-izquierda-ni-derecha.phtml\" rel=\"noopener noreferrer\">Cristina Kirchner rompi\u00f3 el silencio en una carta abierta<\/a><\/strong> a 10 a\u00f1os de la muerte de <a target=\"_blank\" href=\"https:\/\/www.perfil.com\/noticias\/politica\/estatua-en-cck-caravana-mil-flores-como-sera-homenaje-nestor-kirchner.phtml\" rel=\"noopener noreferrer\">N\u00e9stor Kirchner<\/a> y cuando muchos buscaban sus definiciones sobre la coyuntura econ\u00f3mica y pol\u00edtica, la vicepresidenta se refiri\u00f3 a todo.<\/p>\n<p>La frase que m\u00e1s ruido gener\u00f3 fue la del d\u00f3lar. \u00abLa pol\u00edtica bimonetaria no es un problema ideol\u00f3gico: no es de izquierda ni de derecha\u00bb, dijo. Sin embargo, en el texto tambi\u00e9n mand\u00f3 mensajes internos, algunos para Alberto Fern\u00e1ndez.<\/p>\n<p>Uno, sobre el gabinete. Si bien era un secreto a voces que la vicepresidenta no estaba conforme con algunos ministros, Cristina advirti\u00f3: \u00abM\u00e1s all\u00e1 de funcionarios y funcionarias que no funcionan\u00bb.&nbsp;<\/p>\n<p>La frase son\u00f3 como un ultim\u00e1tum en medio de rumores de cambios en el \u00e1rea econ\u00f3mica pero tambi\u00e9n en la pol\u00edtica. Toma otra entidad, tal vez ahora, <strong><a target=\"_blank\" href=\"https:\/\/www.perfil.com\/noticias\/politica\/anibal-fernandez-sobre-el-gobierno-hay-alguien-que-me-baja-el-pulgar.phtml\" rel=\"noopener noreferrer\">la queja de An\u00edbal Fern\u00e1ndez<\/a><\/strong>: \u00abHay alguno que no me quiere en el Gobierno\u00bb, dijo.&nbsp;<\/p>\n<p>La vicepresidenta tambi\u00e9n se refiri\u00f3 al supuesto doble comando o a la idea de que en realidad es ella la que toma las decisiones.&nbsp;<\/p>\n<p>\u00abComo se han quedado sin la excusa de las formas, tuvieron que pasar a un segundo gui\u00f3n: &#8216;Alberto no gobierna&#8217;, &#8216;la que decide todo es Cristina&#8217;, &#8216;rencorosa&#8217; y &#8216;vengativa&#8217;, que s\u00f3lo quiere solucionar sus &#8216;problemas judiciales&#8217;. Debo reconocer que son poco creativos. El relato del \u201cPresidente t\u00edtere\u201d lo utilizaron con N\u00e9stor respecto de Duhalde, conmigo respecto de N\u00e9stor y, ahora, con Alberto respecto de m\u00ed\u00bb, escribi\u00f3.<\/p>\n<p>\u00abEn la Argentina el que decide es el Presidente. Puede gustarte o no lo que decida, pero el que decide es \u00e9l. Que nadie te quiera convencer de lo contrario. Si alguien intentara hacerlo, preguntale que intereses lo o la mueven\u00bb, aclar\u00f3 Cristina.<\/p>\n<p>En desarrollo<\/p>\n<p>MC<\/p>\n","protected":false},"excerpt":{"rendered":"<p>M\u00e1s noticias de politica Cristina Kirchner rompi\u00f3 el silencio en una carta abierta a 10 a\u00f1os de la muerte de N\u00e9stor Kirchner y cuando muchos buscaban sus definiciones sobre la coyuntura econ\u00f3mica y pol\u00edtica, la vicepresidenta se refiri\u00f3 a todo. La frase que m\u00e1s ruido gener\u00f3 fue la del d\u00f3lar. \u00abLa pol\u00edtica bimonetaria no es [&hellip;]<\/p>\n","protected":false},"author":1,"featured_media":4005,"comment_status":"closed","ping_status":"closed","sticky":false,"template":"","format":"standard","meta":[],"categories":[1],"tags":[],"_links":{"self":[{"href":"http:\/\/hoycordobaweb.com\/index.php\/wp-json\/wp\/v2\/posts\/4004"}],"collection":[{"href":"http:\/\/hoycordobaweb.com\/index.php\/wp-json\/wp\/v2\/posts"}],"about":[{"href":"http:\/\/hoycordobaweb.com\/index.php\/wp-json\/wp\/v2\/types\/post"}],"author":[{"embeddable":true,"href":"http:\/\/hoycordobaweb.com\/index.php\/wp-json\/wp\/v2\/users\/1"}],"replies":[{"embeddable":true,"href":"http:\/\/hoycordobaweb.com\/index.php\/wp-json\/wp\/v2\/comments?post=4004"}],"version-history":[{"count":0,"href":"http:\/\/hoycordobaweb.com\/index.php\/wp-json\/wp\/v2\/posts\/4004\/revisions"}],"wp:featuredmedia":[{"embeddable":true,"href":"http:\/\/hoycordobaweb.com\/index.php\/wp-json\/wp\/v2\/media\/4005"}],"wp:attachment":[{"href":"http:\/\/hoycordobaweb.com\/index.php\/wp-json\/wp\/v2\/media?parent=4004"}],"wp:term":[{"taxonomy":"category","embeddable":true,"href":"http:\/\/hoycordobaweb.com\/index.php\/wp-json\/wp\/v2\/categories?post=4004"},{"taxonomy":"post_tag","embeddable":true,"href":"http:\/\/hoycordobaweb.com\/index.php\/wp-json\/wp\/v2\/tags?post=4004"}],"curies":[{"name":"wp","href":"https:\/\/api.w.org\/{rel}","templated":true}]}}