{"id":40035,"date":"2022-04-15T01:52:00","date_gmt":"2022-04-15T01:52:00","guid":{"rendered":"http:\/\/hoycordobaweb.com\/index.php\/2022\/04\/15\/los-polos-norte-y-sur-aumentaron-su-temperatura-unos-40-grados\/"},"modified":"2022-04-15T01:52:00","modified_gmt":"2022-04-15T01:52:00","slug":"los-polos-norte-y-sur-aumentaron-su-temperatura-unos-40-grados","status":"publish","type":"post","link":"http:\/\/hoycordobaweb.com\/index.php\/2022\/04\/15\/los-polos-norte-y-sur-aumentaron-su-temperatura-unos-40-grados\/","title":{"rendered":"Los polos norte y sur aumentaron su temperatura unos 40 grados"},"content":{"rendered":"<p><img src=\"http:\/\/hoycordobaweb.com\/wp-content\/uploads\/2022\/04\/los-polos-norte-y-sur-aumentaron-su-temperatura-unos-40-grados.jpg\"><\/p>\n<figure class=\"mb-3\"><img loading=\"lazy\" src=\"http:\/\/hoycordobaweb.com\/wp-content\/uploads\/2022\/04\/los-polos-norte-y-sur-aumentaron-su-temperatura-unos-40-grados-2.jpg\" width=\"100%\" height=\"100%\" alt=\"En la Antartida la temperatura suele rondar los 55 C y el 18 de marzo marc 12 C\"><figcaption> En la Antartida la temperatura suele rondar los -55\u00ba C y el 18 de marzo marc\u00f3 -12\u00ba C. <\/figcaption><\/figure>\n<p><strong>El aumento de temperaturas en el \u00c1rtico y en la Ant\u00e1rtida, que lleg\u00f3 a ser de hasta 40 grados por encima de la media habitual <\/strong>para la \u00e9poca, se registr\u00f3 <strong>por primera vez en ambos polos de manera simult\u00e1nea<\/strong> y puede desencadenar <strong>\u00abuno de los temidos puntos de no retorno\u00bb<\/strong>, inform\u00f3 este jueves el Servicio de Informaci\u00f3n y Noticias Cient\u00edficas (SINC), y agreg\u00f3 que por primera vez, este fen\u00f3meno, que se hab\u00eda registrado solo en el \u00c1rtico, ocurri\u00f3 en ambos polos a la vez y registr\u00f3 un aumento de temperaturas por encima de la media.<\/p>\n<p>Tambi\u00e9n advirtieron que <strong>el aumento de temperaturas continuadas en el \u00c1rtico, junto a las olas de calor registradas, est\u00e1n relacionadas con el deshielo del permafrost, que intensificar\u00e1 las emisiones de metano en la atm\u00f3sfera.<\/strong><\/p>\n<p><strong>Esta regi\u00f3n tambi\u00e9n perdi\u00f3 entre 2.700 y 1300 mil millones de toneladas de hielo entre 1992 y 2017<\/strong>, y registr\u00f3 su nivel m\u00e1s bajo de hielo, desde que hay registros, para el mes de febrero de 2022.<\/p>\n<p>En tanto, <strong>en Groenlandia, las anomal\u00edas alcanzaron los 10 grados por encima de la media<\/strong>, y en la regi\u00f3n \u00c1rtica llegaron hasta los 30 grados por encima de los valores habituales, debido a la disminuci\u00f3n del albedo, que produce un aumento de la radiaci\u00f3n y, como consecuencia, de las temperaturas.<\/p>\n<p>En la base Concordia, situada en la Ant\u00e1rtida, <strong>el pasado 18 de marzo los term\u00f3metros marcaron -12\u00ba C en contraposici\u00f3n al registro habitual, que es de unos -55\u00ba C,<\/strong> 40 grados m\u00e1s de temperatura por encima de la media.<\/p>\n<p>La consecuencia de la desestabilizaci\u00f3n del clima en las zonas polares puede ser un \u00abefecto domin\u00f3 de cambios a escala planetaria\u00bb, consign\u00f3 SINC, y a\u00f1adi\u00f3 que esto <strong>\u00abpuede generar un cambio clim\u00e1tico abrupto\u00bb,<\/strong> debido al papel cr\u00edtico de estas regiones en la regulaci\u00f3n del sistema clim\u00e1tico global y el nivel del mar.<\/p>\n<p>Los efectos meteorol\u00f3gicos extremos<strong> son pruebas del calentamiento global y pueden originar \u00abcambios irreversibles\u00bb, provocando la alteraci\u00f3n en la circulaci\u00f3n de las masas de aire y fen\u00f3menos meteorol\u00f3gicos extremos<\/strong> como olas de calor, inundaciones, mayor irregularidad de precipitaciones y sequ\u00edas.<\/p>\n<p>Por otra parte, las primeras estimaciones de las consecuencias de la guerra en Ucrania indican que las emisiones pueden subir un 14% en el a\u00f1o 2022, ya que si en el a\u00f1o 1990 <strong>la concentraci\u00f3n de di\u00f3xido de carbono en la atm\u00f3sfera era de 350 partes por mill\u00f3n, en la actualidad ya es superior a 419, considerado \u00abun valor preocupante\u00bb.<\/strong><\/p>\n<p>A pesar de esto, y si bien las emisiones de combustibles f\u00f3siles son responsables de los r\u00e9cords de temperaturas y del cambio clim\u00e1tico, debido a la guerra se est\u00e1 quemando mayores niveles de carb\u00f3n y gas, y pa\u00edses como el Reino Unido anunciaron el retorno a las perforaciones marinas para extraer m\u00e1s petr\u00f3leo. <\/p>\n","protected":false},"excerpt":{"rendered":"<p>En la Antartida la temperatura suele rondar los -55\u00ba C y el 18 de marzo marc\u00f3 -12\u00ba C. El aumento de temperaturas en el \u00c1rtico y en la Ant\u00e1rtida, que lleg\u00f3 a ser de hasta 40 grados por encima de la media habitual para la \u00e9poca, se registr\u00f3 por primera vez en ambos polos de [&hellip;]<\/p>\n","protected":false},"author":1,"featured_media":40036,"comment_status":"open","ping_status":"closed","sticky":false,"template":"","format":"standard","meta":[],"categories":[19],"tags":[],"_links":{"self":[{"href":"http:\/\/hoycordobaweb.com\/index.php\/wp-json\/wp\/v2\/posts\/40035"}],"collection":[{"href":"http:\/\/hoycordobaweb.com\/index.php\/wp-json\/wp\/v2\/posts"}],"about":[{"href":"http:\/\/hoycordobaweb.com\/index.php\/wp-json\/wp\/v2\/types\/post"}],"author":[{"embeddable":true,"href":"http:\/\/hoycordobaweb.com\/index.php\/wp-json\/wp\/v2\/users\/1"}],"replies":[{"embeddable":true,"href":"http:\/\/hoycordobaweb.com\/index.php\/wp-json\/wp\/v2\/comments?post=40035"}],"version-history":[{"count":0,"href":"http:\/\/hoycordobaweb.com\/index.php\/wp-json\/wp\/v2\/posts\/40035\/revisions"}],"wp:featuredmedia":[{"embeddable":true,"href":"http:\/\/hoycordobaweb.com\/index.php\/wp-json\/wp\/v2\/media\/40036"}],"wp:attachment":[{"href":"http:\/\/hoycordobaweb.com\/index.php\/wp-json\/wp\/v2\/media?parent=40035"}],"wp:term":[{"taxonomy":"category","embeddable":true,"href":"http:\/\/hoycordobaweb.com\/index.php\/wp-json\/wp\/v2\/categories?post=40035"},{"taxonomy":"post_tag","embeddable":true,"href":"http:\/\/hoycordobaweb.com\/index.php\/wp-json\/wp\/v2\/tags?post=40035"}],"curies":[{"name":"wp","href":"https:\/\/api.w.org\/{rel}","templated":true}]}}