{"id":40025,"date":"2022-04-14T11:25:31","date_gmt":"2022-04-14T11:25:31","guid":{"rendered":"https:\/\/www.mujerhoy.com\/moda\/no-te-pierdas\/carmen-lomana-chaqueta-mango-cuadros-barata-look-rejuvenecedor-parece-lujo-tendencia-primavera-20220414105445-nt.html"},"modified":"2022-04-14T11:25:31","modified_gmt":"2022-04-14T11:25:31","slug":"carmen-lomana-tiene-una-chaqueta-cuadros-de-mango-que-parece-de-lujo-y-que-rejuvence-los-looks-con-vaqueros","status":"publish","type":"post","link":"http:\/\/hoycordobaweb.com\/index.php\/2022\/04\/14\/carmen-lomana-tiene-una-chaqueta-cuadros-de-mango-que-parece-de-lujo-y-que-rejuvence-los-looks-con-vaqueros\/","title":{"rendered":"Carmen Lomana tiene una chaqueta cuadros de Mango que parece de lujo y que rejuvence los looks con vaqueros"},"content":{"rendered":"<p><!-- AUTHOR --><!-- COMPONENTS --><\/p>\n<p class=\"voc-paragraph\"><strong>Carmen Lomana<\/strong> ha demostrado en un sinf\u00edn de ocasiones que <strong>recurre al low cost<\/strong>. No solo para su rutina de belleza como ya confirm\u00f3 con <a data-voc-vtm-id=\"in-text-traffic\" href=\"https:\/\/www.mujerhoy.com\/belleza\/tratamientos\/carmen-lomana-crema-nivea-tarro-azul-usos-beneficios-hidratante-favorita-barata-multiusos-20220407094127-nt.html\">esta crema de dos euros que usa para todo<\/a>, sino tambi\u00e9n con la <strong>ropa<\/strong>. A pesar de presume de un armario infinito con prendas exclusivas, con historia y de precios estratosf\u00e9ricos, la socialit\u00e9 tambi\u00e9n suele caer rendida a piezas de firmas en las que el resto de morales compramos. Y ejemplo de ello es <a data-voc-vtm-id=\"in-text-traffic\" href=\"https:\/\/www.mujerhoy.com\/moda\/no-te-pierdas\/carmen-lomana-blusa-blanca-zara-original-look-rejuvenece-barato-instagram-20220221095000-nt.html\">esta blusa blanca de Zara<\/a> y de <strong>la chaqueta de cuadros<\/strong> que ha lucido ahora en Instagram.\n<\/p>\n<p class=\"voc-paragraph\">Carmen se encuentra pasando unos d\u00edas de vacaciones de Semana Santa en Marbella. Y adem\u00e1s de disfrutar de momentos de relax, no quiso perderse la apertura de la tienda que Chanel ha estrenado en la ciudad. Para la ocasi\u00f3n, la socialit\u00e9 escogi\u00f3 un look perfecto que, para nuestra sorpresa, estaba protagonizado por <strong>una chaqueta de punto de Mango<\/strong>. Y no es un modelo cualquiera, sino uno<br \/>\n<strong> s\u00faper primaveral y tendencia<\/strong> que parece de lujo.\n<\/p>\n<p class=\"voc-paragraph\">Y es que, a primavera se trata de un dise\u00f1o que parece sacado de una de las colecciones de Chanel. \u00bfEl motivo? Que guarda un parecido con la ic\u00f3nica chaqueta de tweed que la firma francesa ha reeditado un sinf\u00edn de veces a lo largo de la historia. Es un <strong>c\u00e1rdigan de cuello redondo, manga larga y dise\u00f1o cropped <\/strong>que queda a la altura de la cintura. Y, \u00bfpor qu\u00e9 decimos que es tendencia? Porque est\u00e1 protagonizada por el <strong>verde<\/strong>, el color favorito de la temporada que no puede faltar en tu armario.\n<\/p>\n<div class=\"voc-detail__cmp\">\n<div class=\"voc-article-container\">\n<article class=\"voc-article voc-article--cmp-photo-text\">\n<div class=\"voc-img-container\"><picture>\n<div class=\"voc-horizontal voc-img-icon-link\"><img class=\"lazy\" loading=\"lazy\" data-original=\"\/\/static.mujerhoy.com\/www\/multimedia\/202204\/14\/media\/cortadas\/chaqueta-punto-mango-cuadros-verde-k6xB--624x624@MujerHoy.jpg\" alt><\/div>\n<\/picture>\n<p class=\"figure-caption \"><span class=\"voc-photo-author\"> mango <\/span><\/p>\n<\/div>\n<\/article>\n<\/div>\n<\/div>\n<p class=\"voc-paragraph\">\u00a1Pero no solo eso! Su <strong>estampado de cuadros vichy XL<\/strong> hace que sea una prenda perfecta para primavera y para dar vida y color a tus looks m\u00e1s b\u00e1sicos. Puedes hacer como Carmen y combinarla con unos <strong>pantalones blancos<\/strong>, pero tambi\u00e9n podr\u00e1s hacerlo con tus jeans favoritos y triunfar\u00e1s de manera f\u00e1cil y sencilla. Cuesta <strong>39,99 euros<\/strong> y parece que Carmen no ha sido la \u00fanica en fijarse en ella porque ya est\u00e1 agotada en las dos tallas m\u00e1s peque\u00f1as en la p\u00e1gina web. \u00a1Que no se te escape!\n<\/p>\n<div class=\"voc-detail__cmp voc-detail__cmp--pad-lr voc-detail__cmp--pad-lr--bdr\">\n<div class=\"voc-ficha-detail__wrapper\">\n<section class=\"voc-ficha-detail\">\n<h4 class=\"voc-ficha-detail-title voc-title-section\">te recomendamos<\/h4>\n<\/section>\n<\/div>\n<\/div>\n<p><!-- TOPICS --><\/p>\n","protected":false},"excerpt":{"rendered":"<p>Carmen Lomana ha demostrado en un sinf\u00edn de ocasiones que recurre al low cost. No solo para su rutina de belleza como ya confirm\u00f3 con esta crema de dos euros que usa para todo, sino tambi\u00e9n con la ropa. A pesar de presume de un armario infinito con prendas exclusivas, con historia y de precios [&hellip;]<\/p>\n","protected":false},"author":1,"featured_media":40026,"comment_status":"closed","ping_status":"closed","sticky":false,"template":"","format":"standard","meta":[],"categories":[1],"tags":[],"_links":{"self":[{"href":"http:\/\/hoycordobaweb.com\/index.php\/wp-json\/wp\/v2\/posts\/40025"}],"collection":[{"href":"http:\/\/hoycordobaweb.com\/index.php\/wp-json\/wp\/v2\/posts"}],"about":[{"href":"http:\/\/hoycordobaweb.com\/index.php\/wp-json\/wp\/v2\/types\/post"}],"author":[{"embeddable":true,"href":"http:\/\/hoycordobaweb.com\/index.php\/wp-json\/wp\/v2\/users\/1"}],"replies":[{"embeddable":true,"href":"http:\/\/hoycordobaweb.com\/index.php\/wp-json\/wp\/v2\/comments?post=40025"}],"version-history":[{"count":0,"href":"http:\/\/hoycordobaweb.com\/index.php\/wp-json\/wp\/v2\/posts\/40025\/revisions"}],"wp:featuredmedia":[{"embeddable":true,"href":"http:\/\/hoycordobaweb.com\/index.php\/wp-json\/wp\/v2\/media\/40026"}],"wp:attachment":[{"href":"http:\/\/hoycordobaweb.com\/index.php\/wp-json\/wp\/v2\/media?parent=40025"}],"wp:term":[{"taxonomy":"category","embeddable":true,"href":"http:\/\/hoycordobaweb.com\/index.php\/wp-json\/wp\/v2\/categories?post=40025"},{"taxonomy":"post_tag","embeddable":true,"href":"http:\/\/hoycordobaweb.com\/index.php\/wp-json\/wp\/v2\/tags?post=40025"}],"curies":[{"name":"wp","href":"https:\/\/api.w.org\/{rel}","templated":true}]}}