{"id":39983,"date":"2022-04-15T02:28:00","date_gmt":"2022-04-15T02:28:00","guid":{"rendered":"http:\/\/hoycordobaweb.com\/index.php\/2022\/04\/15\/velez-igualo-con-bragantino-en-un-partido-cambiante\/"},"modified":"2022-04-15T02:28:00","modified_gmt":"2022-04-15T02:28:00","slug":"velez-igualo-con-bragantino-en-un-partido-cambiante","status":"publish","type":"post","link":"http:\/\/hoycordobaweb.com\/index.php\/2022\/04\/15\/velez-igualo-con-bragantino-en-un-partido-cambiante\/","title":{"rendered":"V\u00e9lez igual\u00f3 con Bragantino en un partido cambiante"},"content":{"rendered":"<p><img src=\"http:\/\/hoycordobaweb.com\/wp-content\/uploads\/2022\/04\/velez-igualo-con-bragantino-en-un-partido-cambiante.jpg\"><\/p>\n<figure class=\"mb-3\"><img loading=\"lazy\" src=\"http:\/\/hoycordobaweb.com\/wp-content\/uploads\/2022\/04\/velez-igualo-con-bragantino-en-un-partido-cambiante-2.jpg\" width=\"100%\" height=\"100%\" alt=\"Foto Maximiliano Luna\"><figcaption> (Foto: Maximiliano Luna). <\/figcaption><\/figure>\n<p>V\u00e9lez no pudo atrapar tres puntos m\u00e1s que necesarios para aspirar a un lugar entre los dos clasificados a los octavos de final de la Copa Libertadores desde el Grupo C, al empatar este jueves 2 a 2 en el estadio Jos\u00e9 Amalfitani ante el brasile\u00f1o Bragantino, que ahora encabeza esta zona junto a Estudiantes, de La Plata, que anoche empat\u00f3 sin goles con Nacional en Uruguay.<\/p>\n<p>La goleada por 4 a 1 sufrida por V\u00e9lez en su debut en el Grupo C nada menos que ante Estudiantes en La Plata sumada a la pobre performance que desarrolla en la competencia local y que ya se llev\u00f3 puesto al t\u00e9cnico Mauricio Pellegrino y desat\u00f3 la ira de los hinchas contra la dirigencia, hac\u00eda de este partido frente a Bragantino un hito clave para el futuro discurrir del equipo en este agitado calendario de abril-mayo.<\/p>\n<figure class=\"mb-3\"><img loading=\"lazy\" src=\"http:\/\/hoycordobaweb.com\/wp-content\/uploads\/2022\/04\/velez-igualo-con-bragantino-en-un-partido-cambiante-3.jpg\" width=\"100%\" height=\"100%\" alt=\"Foto Maximiliano Luna\"><figcaption> (Foto: Maximiliano Luna). <\/figcaption><\/figure>\n<p>As\u00ed se lo hizo saber la hinchada velezana a sus jugadores antes de empezar el encuentro y mucho m\u00e1s cuando apenas a los dos minutos el conjunto brasile\u00f1o ya se hab\u00eda puesto en ventaja a trav\u00e9s del calvo Ytalo.<\/p>\n<p>Pero el inmediato empate logrado de cabeza por el defensor uruguayo Mat\u00edas De los Santos, reemplazante del capit\u00e1n Lautaro Gianetti, que ante Boca se rompi\u00f3 los ligamentos cruzados de la rodilla izquierda, pareci\u00f3 calmar los \u00e1nimos en ese comienzo fren\u00e9tico que hizo renacer las esperanzas de la parcialidad local.<\/p>\n<figure class=\"mb-3\"><img loading=\"lazy\" src=\"http:\/\/hoycordobaweb.com\/wp-content\/uploads\/2022\/04\/velez-igualo-con-bragantino-en-un-partido-cambiante-4.jpg\" width=\"100%\" height=\"100%\" alt=\"Foto Maximiliano Luna\"><figcaption> (Foto: Maximiliano Luna). <\/figcaption><\/figure>\n<p>Sin embargo, pese a la voluntad de todos, las pinceladas del pibe Luca Orellano, la incisiva presencia por los costados de Lucas Janson y la permanente ambici\u00f3n de Lucas Pratto, el primer tiempo se iba a consumir igual que como se hab\u00eda referido hasta antes de los 10 minutos.<\/p>\n<p>Un remate del \u00abOso\u00bb Pratto que roz\u00f3 el palo izquierdo del arco defendido por Cleiton fue la acci\u00f3n m\u00e1s clara que tuvo en el tramo final de ese primer per\u00edodo el conjunto de Liniers.<\/p>\n<p>Pero ser\u00eda Cleiton quien le har\u00eda el \u00abfavor\u00bb a los dirigidos por Julio Vaccari en el arranque del complemento, tambi\u00e9n a los dos minutos, cuando no pudo retener incre\u00edblemente un centro que le llegaba no muy alto desde su derecha, sin rivales a la vista, y el yerro sorprendi\u00f3 a su compa\u00f1ero Natan, que estaba detr\u00e1s suyo y a quien le rebot\u00f3 el bal\u00f3n en el pecho para meterse lentamente dentro de su propia valla.<\/p>\n<figure class=\"mb-3\"><img loading=\"lazy\" src=\"http:\/\/hoycordobaweb.com\/wp-content\/uploads\/2022\/04\/velez-igualo-con-bragantino-en-un-partido-cambiante-5.jpg\" width=\"100%\" height=\"100%\" alt=\"Foto Maximiliano Luna\"><figcaption> (Foto: Maximiliano Luna). <\/figcaption><\/figure>\n<p>Parec\u00eda entonces que la historia pod\u00eda sonre\u00edrle esta noche a V\u00e9lez luego de tantas jornadas de caras serias, pero a los 17 minutos apareci\u00f3 nuevamente Ytalo para meter la cabeza y doblegar nuevamente a Lucas Hoyos.<\/p>\n<p>Otra vez la noche se oscurec\u00eda para el \u00abFort\u00edn\u00bb, cuando apenas tres minutos despu\u00e9s el lateral Aderl\u00e1n se gan\u00f3 la segunda tarjeta amarilla y le dej\u00f3 abierta a V\u00e9lez la \u00faltima media hora de partido como para torcer la historia a su favor.<\/p>\n<p>Pero el equipo de la \u00abV\u00bb azulada se fue enredando en su propia impotencia y defraudando nuevamente a su gente, ya que <strong>el empate lo dej\u00f3 \u00faltimo en el grupo<\/strong> con un punto junto a Nacional, el equipo uruguayo que ser\u00e1 su pr\u00f3ximo rival, mientras que Estudiantes y Bragantino, que se cruzar\u00e1n en la tercera fecha, hacen punta con cuatro unidades por bando.<\/p>\n","protected":false},"excerpt":{"rendered":"<p>(Foto: Maximiliano Luna). V\u00e9lez no pudo atrapar tres puntos m\u00e1s que necesarios para aspirar a un lugar entre los dos clasificados a los octavos de final de la Copa Libertadores desde el Grupo C, al empatar este jueves 2 a 2 en el estadio Jos\u00e9 Amalfitani ante el brasile\u00f1o Bragantino, que ahora encabeza esta zona [&hellip;]<\/p>\n","protected":false},"author":1,"featured_media":39984,"comment_status":"open","ping_status":"closed","sticky":false,"template":"","format":"standard","meta":[],"categories":[16],"tags":[],"_links":{"self":[{"href":"http:\/\/hoycordobaweb.com\/index.php\/wp-json\/wp\/v2\/posts\/39983"}],"collection":[{"href":"http:\/\/hoycordobaweb.com\/index.php\/wp-json\/wp\/v2\/posts"}],"about":[{"href":"http:\/\/hoycordobaweb.com\/index.php\/wp-json\/wp\/v2\/types\/post"}],"author":[{"embeddable":true,"href":"http:\/\/hoycordobaweb.com\/index.php\/wp-json\/wp\/v2\/users\/1"}],"replies":[{"embeddable":true,"href":"http:\/\/hoycordobaweb.com\/index.php\/wp-json\/wp\/v2\/comments?post=39983"}],"version-history":[{"count":0,"href":"http:\/\/hoycordobaweb.com\/index.php\/wp-json\/wp\/v2\/posts\/39983\/revisions"}],"wp:featuredmedia":[{"embeddable":true,"href":"http:\/\/hoycordobaweb.com\/index.php\/wp-json\/wp\/v2\/media\/39984"}],"wp:attachment":[{"href":"http:\/\/hoycordobaweb.com\/index.php\/wp-json\/wp\/v2\/media?parent=39983"}],"wp:term":[{"taxonomy":"category","embeddable":true,"href":"http:\/\/hoycordobaweb.com\/index.php\/wp-json\/wp\/v2\/categories?post=39983"},{"taxonomy":"post_tag","embeddable":true,"href":"http:\/\/hoycordobaweb.com\/index.php\/wp-json\/wp\/v2\/tags?post=39983"}],"curies":[{"name":"wp","href":"https:\/\/api.w.org\/{rel}","templated":true}]}}