{"id":39967,"date":"2022-04-13T18:14:47","date_gmt":"2022-04-13T18:14:47","guid":{"rendered":"https:\/\/www.ole.com.ar\/futbol-internacional\/record-guiness-champions-historia_0_LuiGL4CvO7.html"},"modified":"2022-04-13T18:14:47","modified_gmt":"2022-04-13T18:14:47","slug":"record-guiness-la-champions-league-entra-en-la-historia","status":"publish","type":"post","link":"http:\/\/hoycordobaweb.com\/index.php\/2022\/04\/13\/record-guiness-la-champions-league-entra-en-la-historia\/","title":{"rendered":"R\u00e9cord Guiness: la Champions League entra en la historia"},"content":{"rendered":"<p><img src=\"http:\/\/hoycordobaweb.com\/wp-content\/uploads\/2022\/04\/record-guiness-la-champions-league-entra-en-la-historia.jpg\"><\/p>\n<p>La <a alt=\"champions-league\" class=\"slug\" href=\"https:\/\/www.ole.com.ar\/tema\/champions-league.html\" target=\"_blank\" title=\"champions-league\" rel=\"noopener noreferrer\">Champions League<\/a> viene dejando una serie de partidazos que sorprenden a todos los seguidores de la competencia. Los resultados sorprenden, las jugadas emocionan, y la pasi\u00f3n crece. Es por eso que desde Guiness emitieron un anuncio hist\u00f3rico.<\/p>\n<p>Este martes el Real Madrid se meti\u00f3 en las semifinales en tiempo de alargue a pesar de haber perdido 3-2 ante el Chelsea y el gol de cabeza de <a alt=\"karim-benzema\" class=\"slug\" href=\"https:\/\/www.ole.com.ar\/tema\/karim-benzema.html\" target=\"_blank\" title=\"karim-benzema\" rel=\"noopener noreferrer\">Karim Benzema<\/a> caus\u00f3 furor. El Villareal igual\u00f3 1-1 con el <a alt=\"bayern-munich\" class=\"slug\" href=\"https:\/\/www.ole.com.ar\/tema\/bayern-munich.html\" target=\"_blank\" title=\"bayern-munich\" rel=\"noopener noreferrer\">Bayern <\/a>y lo elimin\u00f3. La din\u00e1mica de lo impensado de impone y Guiness lo reconoce.<\/p>\n<div class=\"sp__Normal htmlLibre\">\n<div class=\"embed-responsive-c\" readability=\"5.25\">\n<blockquote class=\"twitter-tweet\" readability=\"4.375\">\n<p lang=\"en\" dir=\"ltr\">We\u2019re going to confirm the Champions League as the greatest sports competition in history <a href=\"https:\/\/twitter.com\/hashtag\/UCL?src=hash&amp;ref_src=twsrc%5Etfw\">#UCL<\/a><\/p>\n<p>\u2014 Guinness World Records (@GWR) <a href=\"https:\/\/twitter.com\/GWR\/status\/1513980452406763520?ref_src=twsrc%5Etfw\">April 12, 2022<\/a><\/p><\/blockquote><\/div>\n<\/div>\n<p>Es por eso que el libro hist\u00f3rico public\u00f3 desde su cuenta oficial de Twitter un posteo en el que detall\u00f3: <strong>\u00abVamos a confirmar a la Champions League como la mejor competencia deportiva de la historia\u00bb<\/strong>. R\u00e1pidamente el tuit alcanz\u00f3 los 220 mil likes y m\u00e1s de 31 mil usuarios dieron retuit.<\/p>\n<div class=\"sp__SM\">\n<div class=\"content-new \">\n<span class=\"tit-mobile\">Mir\u00e1 tambi\u00e9n<\/span><\/p>\n<div class=\"mg\">\n<div class=\"wrap-figure\">\n<picture>\n<a href=\"https:\/\/www.ole.com.ar\/futbol-internacional\/champions\/tas-permite-jugar-atletico-madrid-aforo_0_35bECR1pQ6.html\" target=\"_self\" rel=\"noopener noreferrer\"><br \/>\n<img class=\"img-responsive\" alt=\"El TAS le permiti\u00f3 al Atl\u00e9tico de Madrid jugar con el m\u00e1ximo aforo\" src=\"http:\/\/hoycordobaweb.com\/wp-content\/uploads\/2022\/04\/record-guiness-la-champions-league-entra-en-la-historia-2.jpg\" loading=\"lazy\"><br \/>\n<\/a>\n<\/picture>\n<\/div>\n<\/div><\/div>\n<\/div>\n<h2><strong>\u00bfC\u00f3mo fue el batacazo del Villareal?<\/strong><\/h2>\n<p>El Villarreal lo hizo de nuevo: es semifinalista de la Champions League por segunda vez en su historia. Dio el batacazo al eliminar a un pesado, el Bayern Munich, candidato de siempre en Europa, amo y se\u00f1or de la Bundesliga, al igualar 1 a 1 en el Allianz Arena: el global por 2 a 1 les asegur\u00f3 el pase a los de Unai Emery.<\/p>\n<div class=\"sp__SM\">\n<div class=\"content-new \">\n<span class=\"tit-mobile\">Mir\u00e1 tambi\u00e9n<\/span><\/p>\n<div class=\"mg\">\n<div class=\"wrap-figure\">\n<picture>\n<a href=\"https:\/\/www.ole.com.ar\/futbol-internacional\/champions\/bayern-afuera-champions_0_rdwWDfa3hi.html\" target=\"_self\" rel=\"noopener noreferrer\"><br \/>\n<img class=\"img-responsive\" alt=\"Bayern Munich: memes, palos de jugadores y qu\u00e9 pasar\u00e1 con Lewandowski\" src=\"http:\/\/hoycordobaweb.com\/wp-content\/uploads\/2022\/04\/record-guiness-la-champions-league-entra-en-la-historia-3.jpg\" loading=\"lazy\"><br \/>\n<\/a>\n<\/picture>\n<\/div>\n<\/div><\/div>\n<\/div>\n<p>En la anterior epopeya, en 2006, estaban el arquero Mariano Barbosa, Juan Pablo Sorin, el Vasco Arruabarrena, Guillermo Franco y Juan Rom\u00e1n Riquelme de estrella en el equipo de Manuel Pellegrini. Ahora tambi\u00e9n hay argentinos sudando la camiseta del Submarino: Ger\u00f3nimo Rulli, Juan Foyth y Gio Lo Celso, como marca la tradici\u00f3n de un club que apuesta a los de nuestro pa\u00eds desde su irrupci\u00f3n en el f\u00fatbol de gala espa\u00f1ol.<\/p>\n<div class=\"sp__SM\">\n<div class=\"content-new \">\n<span class=\"tit-mobile\">Mir\u00e1 tambi\u00e9n<\/span><\/p>\n<div class=\"mg\">\n<div class=\"wrap-figure\">\n<picture>\n<a href=\"https:\/\/www.ole.com.ar\/futbol-internacional\/manchester-united-ten-hag-premier_0_bwxUitz3mS.html\" target=\"_self\" rel=\"noopener noreferrer\"><br \/>\n<img class=\"img-responsive\" alt=\"Ten Hag arregl\u00f3 con el Manchester United\" src=\"http:\/\/hoycordobaweb.com\/wp-content\/uploads\/2022\/04\/record-guiness-la-champions-league-entra-en-la-historia-4.jpg\" loading=\"lazy\"><br \/>\n<\/a>\n<\/picture>\n<\/div>\n<\/div><\/div>\n<\/div>\n<p> Del lado b\u00e1varo much\u00edsimas figuras sufren tener que ver la definici\u00f3n de la Orejona desde afuera. El principal, Robert Lewandowski, aspirante hasta ahora al Bal\u00f3n de Oro. El polaco hab\u00eda empatado la serie al marcar el 1 a 0 en una jugada que se inici\u00f3 en una pelota pelota perdida por Dani Parejo al intentar salir jugando.<\/p>\n<p>En la anterior epopeya, en 2006, estaban el arquero Mariano Barbosa, Juan Pablo Sorin, el Vasco Arruabarrena, Guillermo Franco y Juan Rom\u00e1n Riquelme de estrella en el equipo de Manuel Pellegrini. Ahora tambi\u00e9n hay argentinos sudando la camiseta del Submarino: Ger\u00f3nimo Rulli, Juan Foyth y Gio Lo Celso, como marca la tradici\u00f3n de un club que apuesta a los de nuestro pa\u00eds desde su irrupci\u00f3n en el f\u00fatbol de gala espa\u00f1ol.<\/p>\n<p> Del lado b\u00e1varo much\u00edsimas figuras sufren tener que ver la definici\u00f3n de la Orejona desde afuera. El principal, Robert Lewandowski, aspirante hasta ahora al Bal\u00f3n de Oro. El polaco hab\u00eda empatado la serie al marcar el 1 a 0 en una jugada que se inici\u00f3 en una pelota pelota perdida por Dani Parejo al intentar salir jugando.<\/p>\n<div class=\"entry-tags\">\n<h2>TEMAS QUE APARECEN EN ESTA NOTA<\/h2>\n<\/p><\/div>\n","protected":false},"excerpt":{"rendered":"<p>La Champions League viene dejando una serie de partidazos que sorprenden a todos los seguidores de la competencia. Los resultados sorprenden, las jugadas emocionan, y la pasi\u00f3n crece. Es por eso que desde Guiness emitieron un anuncio hist\u00f3rico. Este martes el Real Madrid se meti\u00f3 en las semifinales en tiempo de alargue a pesar de [&hellip;]<\/p>\n","protected":false},"author":1,"featured_media":39968,"comment_status":"open","ping_status":"closed","sticky":false,"template":"","format":"standard","meta":[],"categories":[16],"tags":[],"_links":{"self":[{"href":"http:\/\/hoycordobaweb.com\/index.php\/wp-json\/wp\/v2\/posts\/39967"}],"collection":[{"href":"http:\/\/hoycordobaweb.com\/index.php\/wp-json\/wp\/v2\/posts"}],"about":[{"href":"http:\/\/hoycordobaweb.com\/index.php\/wp-json\/wp\/v2\/types\/post"}],"author":[{"embeddable":true,"href":"http:\/\/hoycordobaweb.com\/index.php\/wp-json\/wp\/v2\/users\/1"}],"replies":[{"embeddable":true,"href":"http:\/\/hoycordobaweb.com\/index.php\/wp-json\/wp\/v2\/comments?post=39967"}],"version-history":[{"count":0,"href":"http:\/\/hoycordobaweb.com\/index.php\/wp-json\/wp\/v2\/posts\/39967\/revisions"}],"wp:featuredmedia":[{"embeddable":true,"href":"http:\/\/hoycordobaweb.com\/index.php\/wp-json\/wp\/v2\/media\/39968"}],"wp:attachment":[{"href":"http:\/\/hoycordobaweb.com\/index.php\/wp-json\/wp\/v2\/media?parent=39967"}],"wp:term":[{"taxonomy":"category","embeddable":true,"href":"http:\/\/hoycordobaweb.com\/index.php\/wp-json\/wp\/v2\/categories?post=39967"},{"taxonomy":"post_tag","embeddable":true,"href":"http:\/\/hoycordobaweb.com\/index.php\/wp-json\/wp\/v2\/tags?post=39967"}],"curies":[{"name":"wp","href":"https:\/\/api.w.org\/{rel}","templated":true}]}}